{"id":443756,"date":"2019-09-25T00:04:26","date_gmt":"2019-09-25T05:04:26","guid":{"rendered":"https:\/\/www.diarioimagen.net\/?p=443756"},"modified":"2019-09-25T01:27:35","modified_gmt":"2019-09-25T06:27:35","slug":"impulsa-el-gobierno-de-atizapan-incubadora-de-a-c-y-cooperativas","status":"publish","type":"post","link":"https:\/\/www.diarioimagen.net\/?p=443756","title":{"rendered":"Impulsa el gobierno de Atizap\u00e1n incubadora de A. C. y Cooperativas"},"content":{"rendered":"<ul>\n<li><strong><em>Para fortalecer la econom\u00eda municipal<\/em><\/strong><\/li>\n<\/ul>\n<p>&nbsp;<\/p>\n<div id=\"attachment_443832\" style=\"width: 470px\" class=\"wp-caption aligncenter\"><a href=\"https:\/\/www.diarioimagen.net\/?attachment_id=443832\" rel=\"attachment wp-att-443832\"><img loading=\"lazy\" decoding=\"async\" aria-describedby=\"caption-attachment-443832\" class=\"size-large wp-image-443832\" src=\"https:\/\/www.diarioimagen.net\/wp-content\/uploads\/2019\/09\/atizapan-2-460x212.jpg\" alt=\"\" width=\"460\" height=\"212\" srcset=\"https:\/\/www.diarioimagen.net\/wp-content\/uploads\/2019\/09\/atizapan-2-460x212.jpg 460w, https:\/\/www.diarioimagen.net\/wp-content\/uploads\/2019\/09\/atizapan-2-240x111.jpg 240w, https:\/\/www.diarioimagen.net\/wp-content\/uploads\/2019\/09\/atizapan-2.jpg 700w\" sizes=\"auto, (max-width: 460px) 100vw, 460px\" \/><\/a><p id=\"caption-attachment-443832\" class=\"wp-caption-text\">Gracias a convenio, interesados adquieren su carta constitutiva por 3 mil 900 pesos, cuando normalmente tiene un valor de 9 mil.<\/p><\/div>\n<p>&nbsp;<\/p>\n<p><strong>Atizap\u00e1n, Estado de M\u00e9xico<\/strong>.- Para fortalecer la econom\u00eda municipal por medio de la participaci\u00f3n social, el gobierno de Atizap\u00e1n de Zaragoza emprende la Incubadora de Asociaciones Civiles (A. C.) y Cooperativas, cuyos representantes recibieron su acta constitutiva.<\/p>\n<p>Durante la entrega del documento legal en Sala de Cabildos, el Director de Desarrollo Econ\u00f3mico, Alfonso C\u00e1rdenas Zepeda, explic\u00f3 que las A.C. reci\u00e9n creadas tienen un fuerte impacto en el municipio al abordar temas y acciones que fomentan el bienestar de los atizapenses.<\/p>\n<p>\u201cTenemos A.C. en el rubro asistencial \u2013en favor de ni\u00f1os autistas y con S\u00edndrome de Down-, de identidad y arraigo, cultural, ecol\u00f3gicas, para el desarrollo econ\u00f3mico, derechos humanos, y est\u00e1n por conformarse en el rubro de Seguridad, mediante un Observatorio Ciudadano.<\/p>\n<p>Celebr\u00f3 que por parte de las cooperativas destaca la participaci\u00f3n de artesanos y emprendedores, quienes al constituirse con esta figura tienen mayores oportunidades de obtener asesor\u00edas y fuentes de financiamiento y de ahorro.<\/p>\n<p>C\u00e1rdenas Zepeda explic\u00f3 que el programa municipal de incubadoras contempla la asesor\u00eda jur\u00eddica y contable, ayuda contable y fiscal, capacitaciones en distintos contenidos que contribuyen a la creaci\u00f3n y crecimiento de sus proyectos, y apoyo notarial.<\/p>\n<p>Gracias a un convenio adquirido con un notario, agreg\u00f3, los interesados adquieren su acta constitutiva por 3 mil 900 pesos, cuando normalmente tiene un costo superior a los 9 mil.<\/p>\n<p>El funcionario local argument\u00f3 que esos proyectos son de gran relevancia para el actual gobierno toda vez que de manera organizada contienen acciones de inter\u00e9s p\u00fablico.<\/p>\n<p>\u201cLas organizaciones de la sociedad civil es el contra peso para un M\u00e9xico m\u00e1s amable, justo y seguro\u201d, dijo.<\/p>\n<p>Asimismo agreg\u00f3 que las A.C. y Cooperativas contribuyen en la generaci\u00f3n de empleo, forman parte del Estado mexicano, \u201capoyan y acotan a los gobiernos en la implementaci\u00f3n de pol\u00edticas p\u00fablicas\u201d.<\/p>\n<p>Los ciudadanos que lograron la constituci\u00f3n de su Asociaci\u00f3n Civil fueron: Lul\u00fa Vargas con \u201cFundaci\u00f3n Ecolog\u00eda con Amor, A.C.\u201d que realiza acciones en pro del medio ambiente como recolecci\u00f3n de residuos para su reutilizaci\u00f3n, as\u00ed como reforestaci\u00f3n y recuperaci\u00f3n de \u00e1reas naturales para el municipio, como Presa Mad\u00edn, Parque de los Ciervos y zona Esmeralda, entre otras actividades.<\/p>\n<p>Hugo S\u00e1nchez, \u201cCuidando tus Alas, A.C.\u201d que trabaja para incluir a ni\u00f1os y j\u00f3venes con autismo en la Sociedad; Jos\u00e9 Antonio D\u00e1vila, \u201cPatronato Pro Obras de Luis Barrag\u00e1n Arboledas\u201d, para rescatar y preservar las obras del arquitecto en la localidad.<\/p>\n<p>Adem\u00e1s de Esther Barrera, \u201cOmbusperson A.C.\u201d, con asesor\u00edas para fomentar los derechos humanos, principalmente en temas energ\u00e9ticos y ecol\u00f3gicos; Martha Romero, \u201cCentro Siddi de Educaci\u00f3n Especial\u201d, con la formaci\u00f3n de una escuela para ni\u00f1os con S\u00edndrome de Down y Jos\u00e9 Luis S\u00e1nchez, con el \u201cConsejo Mexicano de la Econom\u00eda Social y Solidaria, A.C.\u201d, cuyo objetivo es fomentar la participaci\u00f3n de la Sociedad Civil.<\/p>\n<p>Asimismo, est\u00e1n en proceso de constituci\u00f3n: el \u201cPatronato Adolfo L\u00f3pez Mateos ProAtizap\u00e1n\u201d que busca dar condiciones a los negocios informales para convertirlos en formales; el \u201cConsejo Ind\u00edgena y de Artesanos\u201d para unir fuerzas de los involucrados y lograr mejorar la venta y distribuci\u00f3n de artesan\u00edas, preservar la cultura y lengua materna; as\u00ed como una asociaci\u00f3n de la industria equina en Atizap\u00e1n, entre otras.<\/p>\n<p>Durante la entrega de las actas constitutivas estuvieron presentes: el Secretario del Ayuntamiento, Francisco Espinosa de los Monteros en representaci\u00f3n de la Presidente Municipal Ruth Olvera Nieto; primer s\u00edndico Isaac S\u00e1nchez Arce, regidor Celso Dom\u00ednguez Cura, y la subdirectora de Promoci\u00f3n y Fomento Econ\u00f3mico, Claudia Reyes Calder\u00f3n.<\/p>\n","protected":false},"excerpt":{"rendered":"<p>Para fortalecer la econom\u00eda municipal por medio de la participaci\u00f3n social, el gobierno de Atizap\u00e1n de Zaragoza emprende la Incubadora de Asociaciones Civiles (A. C.) y Cooperativas, cuyos representantes recibieron su acta constitutiva.<\/p>\n","protected":false},"author":3,"featured_media":443832,"comment_status":"open","ping_status":"open","sticky":false,"template":"","format":"standard","meta":{"_monsterinsights_skip_tracking":false,"_monsterinsights_sitenote_active":false,"_monsterinsights_sitenote_note":"","_monsterinsights_sitenote_category":0,"footnotes":""},"categories":[5],"tags":[969,43675,48327,64454],"class_list":["post-443756","post","type-post","status-publish","format-standard","has-post-thumbnail","hentry","category-estado-de-mexico","tag-atizapan","tag-estado-de-mexico","tag-impulsa","tag-incubadora"],"_links":{"self":[{"href":"https:\/\/www.diarioimagen.net\/index.php?rest_route=\/wp\/v2\/posts\/443756","targetHints":{"allow":["GET"]}}],"collection":[{"href":"https:\/\/www.diarioimagen.net\/index.php?rest_route=\/wp\/v2\/posts"}],"about":[{"href":"https:\/\/www.diarioimagen.net\/index.php?rest_route=\/wp\/v2\/types\/post"}],"author":[{"embeddable":true,"href":"https:\/\/www.diarioimagen.net\/index.php?rest_route=\/wp\/v2\/users\/3"}],"replies":[{"embeddable":true,"href":"https:\/\/www.diarioimagen.net\/index.php?rest_route=%2Fwp%2Fv2%2Fcomments&post=443756"}],"version-history":[{"count":0,"href":"https:\/\/www.diarioimagen.net\/index.php?rest_route=\/wp\/v2\/posts\/443756\/revisions"}],"wp:featuredmedia":[{"embeddable":true,"href":"https:\/\/www.diarioimagen.net\/index.php?rest_route=\/wp\/v2\/media\/443832"}],"wp:attachment":[{"href":"https:\/\/www.diarioimagen.net\/index.php?rest_route=%2Fwp%2Fv2%2Fmedia&parent=443756"}],"wp:term":[{"taxonomy":"category","embeddable":true,"href":"https:\/\/www.diarioimagen.net\/index.php?rest_route=%2Fwp%2Fv2%2Fcategories&post=443756"},{"taxonomy":"post_tag","embeddable":true,"href":"https:\/\/www.diarioimagen.net\/index.php?rest_route=%2Fwp%2Fv2%2Ftags&post=443756"}],"curies":[{"name":"wp","href":"https:\/\/api.w.org\/{rel}","templated":true}]}}