{"id":443763,"date":"2019-09-25T00:02:25","date_gmt":"2019-09-25T05:02:25","guid":{"rendered":"https:\/\/www.diarioimagen.net\/?p=443763"},"modified":"2019-09-25T01:31:26","modified_gmt":"2019-09-25T06:31:26","slug":"tultitlan-sede-de-la-tercera-sesion-del-cisp-region-xviii","status":"publish","type":"post","link":"https:\/\/www.diarioimagen.net\/?p=443763","title":{"rendered":"Tultitl\u00e1n, sede de la tercera sesi\u00f3n del CISP Regi\u00f3n XVIII"},"content":{"rendered":"<p><a href=\"https:\/\/www.diarioimagen.net\/?attachment_id=443838\" rel=\"attachment wp-att-443838\"><img loading=\"lazy\" decoding=\"async\" class=\"aligncenter size-large wp-image-443838\" src=\"https:\/\/www.diarioimagen.net\/wp-content\/uploads\/2019\/09\/tultitlan-2-460x259.jpg\" alt=\"\" width=\"460\" height=\"259\" srcset=\"https:\/\/www.diarioimagen.net\/wp-content\/uploads\/2019\/09\/tultitlan-2-460x259.jpg 460w, https:\/\/www.diarioimagen.net\/wp-content\/uploads\/2019\/09\/tultitlan-2-240x135.jpg 240w, https:\/\/www.diarioimagen.net\/wp-content\/uploads\/2019\/09\/tultitlan-2-235x132.jpg 235w, https:\/\/www.diarioimagen.net\/wp-content\/uploads\/2019\/09\/tultitlan-2-202x114.jpg 202w, https:\/\/www.diarioimagen.net\/wp-content\/uploads\/2019\/09\/tultitlan-2-350x196.jpg 350w, https:\/\/www.diarioimagen.net\/wp-content\/uploads\/2019\/09\/tultitlan-2-220x123.jpg 220w, https:\/\/www.diarioimagen.net\/wp-content\/uploads\/2019\/09\/tultitlan-2-237x132.jpg 237w, https:\/\/www.diarioimagen.net\/wp-content\/uploads\/2019\/09\/tultitlan-2.jpg 480w\" sizes=\"auto, (max-width: 460px) 100vw, 460px\" \/><\/a><\/p>\n<p>&nbsp;<\/p>\n<p><strong>Tultitl\u00e1n, Estado de M\u00e9xico<\/strong><strong>.-<\/strong> Para dar cumplimiento al art\u00edculo 48 de la Ley de Seguridad del Estado de M\u00e9xico, el gobierno encabezado por la presidenta municipal, Elena Garc\u00eda Mart\u00ednez, fue sede de la Tercera Sesi\u00f3n Ordinaria del Consejo Intermunicipal de Seguridad P\u00fablica Regi\u00f3n XVIII Tultitl\u00e1n.<\/p>\n<p>Dicha reuni\u00f3n tuvo lugar en el Deportivo Toltitl\u00e1n donde se cont\u00f3 con la asistencia de los presidentes municipales de Cuautitl\u00e1n, Tultepec y el anfitri\u00f3n Tultitl\u00e1n, as\u00ed como de un representante del alcalde de Coacalco, donde se trataron\u00a0 temas en materia de seguridad.<\/p>\n","protected":false},"excerpt":{"rendered":"<p>Para dar cumplimiento al art\u00edculo 48 de la Ley de Seguridad del Estado de M\u00e9xico, el gobierno encabezado por la presidenta municipal, Elena Garc\u00eda Mart\u00ednez, fue sede de la Tercera Sesi\u00f3n Ordinaria del Consejo Intermunicipal de Seguridad P\u00fablica Regi\u00f3n XVIII Tultitl\u00e1n.<\/p>\n","protected":false},"author":3,"featured_media":443838,"comment_status":"open","ping_status":"open","sticky":false,"template":"","format":"standard","meta":{"_monsterinsights_skip_tracking":false,"_monsterinsights_sitenote_active":false,"_monsterinsights_sitenote_note":"","_monsterinsights_sitenote_category":0,"footnotes":""},"categories":[5],"tags":[87898,43675,87899,578],"class_list":["post-443763","post","type-post","status-publish","format-standard","has-post-thumbnail","hentry","category-estado-de-mexico","tag-cisp","tag-estado-de-mexico","tag-sesion","tag-tultitlan"],"_links":{"self":[{"href":"https:\/\/www.diarioimagen.net\/index.php?rest_route=\/wp\/v2\/posts\/443763","targetHints":{"allow":["GET"]}}],"collection":[{"href":"https:\/\/www.diarioimagen.net\/index.php?rest_route=\/wp\/v2\/posts"}],"about":[{"href":"https:\/\/www.diarioimagen.net\/index.php?rest_route=\/wp\/v2\/types\/post"}],"author":[{"embeddable":true,"href":"https:\/\/www.diarioimagen.net\/index.php?rest_route=\/wp\/v2\/users\/3"}],"replies":[{"embeddable":true,"href":"https:\/\/www.diarioimagen.net\/index.php?rest_route=%2Fwp%2Fv2%2Fcomments&post=443763"}],"version-history":[{"count":0,"href":"https:\/\/www.diarioimagen.net\/index.php?rest_route=\/wp\/v2\/posts\/443763\/revisions"}],"wp:featuredmedia":[{"embeddable":true,"href":"https:\/\/www.diarioimagen.net\/index.php?rest_route=\/wp\/v2\/media\/443838"}],"wp:attachment":[{"href":"https:\/\/www.diarioimagen.net\/index.php?rest_route=%2Fwp%2Fv2%2Fmedia&parent=443763"}],"wp:term":[{"taxonomy":"category","embeddable":true,"href":"https:\/\/www.diarioimagen.net\/index.php?rest_route=%2Fwp%2Fv2%2Fcategories&post=443763"},{"taxonomy":"post_tag","embeddable":true,"href":"https:\/\/www.diarioimagen.net\/index.php?rest_route=%2Fwp%2Fv2%2Ftags&post=443763"}],"curies":[{"name":"wp","href":"https:\/\/api.w.org\/{rel}","templated":true}]}}