{"id":443795,"date":"2019-09-25T00:03:00","date_gmt":"2019-09-25T05:03:00","guid":{"rendered":"https:\/\/www.diarioimagen.net\/?p=443795"},"modified":"2019-09-25T00:27:19","modified_gmt":"2019-09-25T05:27:19","slug":"la-eurocamara-y-ayotzinapa","status":"publish","type":"post","link":"https:\/\/www.diarioimagen.net\/?p=443795","title":{"rendered":"La Euroc\u00e1mara y Ayotzinapa"},"content":{"rendered":"<h2>Espacio Electoral<\/h2>\n<h5>Eleazar Flores<\/h5>\n<p><strong>\u00a0<\/strong><\/p>\n<p><strong>\u00bfQui\u00e9n Les Paga?-<\/strong>. A imagen y semejanza del columnista de espect\u00e1culos Luis Ma\u00f1a, cuyos contenidos los inicia con el cl\u00e1sico \u201cNo es por intrigar pero\u2026\u201d, surge la pregunta para los familiares de los 43 normalistas de Ayotzinapa desaparecidos, acerca de sus continuos viajes al extranjero.<\/p>\n<p>La pregunta obligada es saber qui\u00e9n les paga esos gastos, por ejemplo de su \u00faltimo viaje a Bruselas B\u00e9lgica para visitar las oficinas del Parlamento Europeo,\u00a0 en busca de apoyo en su lucha.<\/p>\n<p>Por s\u00ed solos, los familiares de los 43 normalistas desaparecidos dif\u00edcilmente pudieron haber organizado su viaje al viejo mundo esta semana pues apenas ayer hablaron en la sede del Parlamento Europeo y mucho m\u00e1s dif\u00edcil el que se les hayan abierto las puertas del citado parlamento, cuyos trabajos legislativos los inici\u00f3 el pasado primero de julio.<\/p>\n<p>La Euro c\u00e1mara est\u00e1 integrada por 750 diputados de todos los pa\u00edses de la Uni\u00f3n Europea, adem\u00e1s del presidente en turno, por ahora bajo la responsabilidad de \u00darsula Von der. Este \u00f3rgano colegiado es el m\u00e1s caro del mundo no obstante su calendario laboral tan reducido, pero como cada pa\u00eds env\u00eda a esta instancia a lo m\u00e1s calificado de su clase pol\u00edtica pues ni para protestar.<\/p>\n<p>Esta instancia recibi\u00f3 el lunes a medio centenar de mexicanos que estuvieron en las afueras de las oficinas del parlamento, solicitando el apoyo de esta instancia para que el gobierno mexicano apure las investigaciones para hacer realidad su proclama de lucha \u201cvivos se les llevaron, vivos los queremos\u201d. Suerte a este grupo de mexicanos en Bruselas\u2026pero \u00bfqui\u00e9n les paga el viaje?.<\/p>\n<p><strong>Edomex-<\/strong>. Con aparato publicitario a la usanza de los mejores tiempos del PRI, el gobernador Alfredo del Mazo Maza ley\u00f3 su segundo \u201cinforme de resultados\u201d, destacaba el proscenio del evento efectuado al medio d\u00eda de ayer en el palacio de gobierno, con asistencia de la secretaria de Gobernaci\u00f3n\u00a0 Olga S\u00e1nchez que trajo la representaci\u00f3n presidencial.<\/p>\n<p>Si usted no asisti\u00f3 por falta de invitaci\u00f3n no se preocupe, el mandatario inici\u00f3 despu\u00e9s del medio d\u00eda su carrusel de entrevistas radiof\u00f3nicas que siguieron por la noche y seguramente continuar\u00e1n hoy, todo en medios electr\u00f3nicos de la capital del pa\u00eds. Eso no es todo, podr\u00e1 apreciar en centenas de espectaculares y en laterales de autobuses urbanos los logros del segundo informe.<\/p>\n<p>Esta estrategia publicitaria, adem\u00e1s de desplegados a todo color en los principales diarios que se editan en la capital d, seguramente rinden mejores resultados, adem\u00e1s de los banners electr\u00f3nicos que lucen en los laterales de las principales avenidas de los 125 municipios. \u00bfCu\u00e1nto costar\u00e1 todo?<\/p>\n<p>La Legislatura local llamar\u00e1 a una decena de secretarios del gabinete para ampliar sobre el tema.<\/p>\n<p><a href=\"mailto:elefa44@gmail.com\" target=\"_blank\" rel=\"noopener noreferrer\"><em>elefa44@gmail.com<\/em><\/a><\/p>\n","protected":false},"excerpt":{"rendered":"<p><span style=\"color: #005497;\"><strong>Eleazar Flores<\/strong><\/span><\/p>\n","protected":false},"author":3,"featured_media":0,"comment_status":"open","ping_status":"open","sticky":false,"template":"","format":"standard","meta":{"_monsterinsights_skip_tracking":false,"_monsterinsights_sitenote_active":false,"_monsterinsights_sitenote_note":"","_monsterinsights_sitenote_category":0,"footnotes":""},"categories":[81743],"tags":[81744,81776,43674],"class_list":["post-443795","post","type-post","status-publish","format-standard","hentry","category-eleazar-flores","tag-eleazar-flores","tag-espacio-electoral","tag-opinion"],"_links":{"self":[{"href":"https:\/\/www.diarioimagen.net\/index.php?rest_route=\/wp\/v2\/posts\/443795","targetHints":{"allow":["GET"]}}],"collection":[{"href":"https:\/\/www.diarioimagen.net\/index.php?rest_route=\/wp\/v2\/posts"}],"about":[{"href":"https:\/\/www.diarioimagen.net\/index.php?rest_route=\/wp\/v2\/types\/post"}],"author":[{"embeddable":true,"href":"https:\/\/www.diarioimagen.net\/index.php?rest_route=\/wp\/v2\/users\/3"}],"replies":[{"embeddable":true,"href":"https:\/\/www.diarioimagen.net\/index.php?rest_route=%2Fwp%2Fv2%2Fcomments&post=443795"}],"version-history":[{"count":0,"href":"https:\/\/www.diarioimagen.net\/index.php?rest_route=\/wp\/v2\/posts\/443795\/revisions"}],"wp:attachment":[{"href":"https:\/\/www.diarioimagen.net\/index.php?rest_route=%2Fwp%2Fv2%2Fmedia&parent=443795"}],"wp:term":[{"taxonomy":"category","embeddable":true,"href":"https:\/\/www.diarioimagen.net\/index.php?rest_route=%2Fwp%2Fv2%2Fcategories&post=443795"},{"taxonomy":"post_tag","embeddable":true,"href":"https:\/\/www.diarioimagen.net\/index.php?rest_route=%2Fwp%2Fv2%2Ftags&post=443795"}],"curies":[{"name":"wp","href":"https:\/\/api.w.org\/{rel}","templated":true}]}}