{"id":443905,"date":"2019-09-26T00:09:03","date_gmt":"2019-09-26T05:09:03","guid":{"rendered":"https:\/\/www.diarioimagen.net\/?p=443905"},"modified":"2019-09-25T23:32:42","modified_gmt":"2019-09-26T04:32:42","slug":"no-caera-ningun-gobernador","status":"publish","type":"post","link":"https:\/\/www.diarioimagen.net\/?p=443905","title":{"rendered":"No caer\u00e1 ning\u00fan gobernador"},"content":{"rendered":"<h2>Poder y dinero<\/h2>\n<h5>V\u00edctor S\u00e1nchez Ba\u00f1os<\/h5>\n<p>&nbsp;<\/p>\n<ul>\n<li><strong><i>Se salvan gobernadores incompetentes<\/i><\/strong><\/li>\n<li><strong><i>Aguascalientes, Tamaulipas, Veracruz y NL<\/i><\/strong><\/li>\n<\/ul>\n<p>&nbsp;<\/p>\n<p style=\"text-align: right;\"><i><strong>Las instituciones pasan por tres per\u00edodos:<br \/>\nel del servicio, el de los privilegios y el del abuso<\/strong><br \/>\n<\/i><em>Ren\u00e9 de Chateaubriand (1768-1848)<span class=\"Apple-converted-space\">\u00a0<\/span>Diplom\u00e1tico y escritor franc\u00e9s<\/em><\/p>\n<p><i>.<span class=\"Apple-converted-space\">\u00a0<\/span><\/i><\/p>\n<p><em>#Gobernadores #Picota #Guanajuato #Veracruz #Tamaulipas #NuevoLe\u00f3n #CabezaDeVaca #DiegoSinhue #ElBronco #JaimeRodr\u00edguez #Cuitl\u00e1huacGarc\u00eda #Senado #MuchoRuido #SLP #Carreras #Inversiones #InformeDeGobierno #Nissan # KristalinaGeorgieva #FMI #ApladoraReformaEducativa #CNTE #IPADE<\/em><\/p>\n<p>&nbsp;<\/p>\n<p>El martes iniciar\u00e1 el circo pol\u00edtico. Los partidos saldr\u00e1n a defenderse de lo indefendible. Acusaciones de corrupci\u00f3n y de falta de oficio en el gobierno, ser\u00e1n las recurrentes. La defensa ser\u00e1 el ataque al contrincante. El objetivo es que los gobernadores del PAN en Tamaulipas, Francisco Garc\u00eda Cabeza de Vaca, y Guanajuato, Diego Rodr\u00edguez, as\u00ed como del morenista de Veracruz, Cuitl\u00e1huac Garc\u00eda, salgan lo menos raspados de la trifulca.<\/p>\n<p>Todo ser\u00e1 un esc\u00e1ndalo de bur\u00f3. La pelea la dar\u00e1n en comisiones del Senado de la Rep\u00fablica para exhibirse las dos fuerzas pol\u00edticas del pa\u00eds: Morena y Acci\u00f3n Nacional.<span class=\"Apple-converted-space\">\u00a0<\/span><\/p>\n<p>Claro, que le tocar\u00e1 lo suyo el gobernador de Nuevo Le\u00f3n, Jaime Rodr\u00edguez, conocido en los bajos mundos como El Bronco. Este \u00faltimo, es el que tiene m\u00e1s complicaciones pol\u00edticas. Us\u00f3 dinero del erario neolon\u00e9s, para pagar a una empresa que fabricaba padrones para lograr la candidatura independiente para la Presidencia de la Rep\u00fablica el a\u00f1o pasado. Est\u00e1 frito.<\/p>\n<p>Sin embargo, al igual que los otros gobernadores, no ser\u00e1 despojado de su investidura. Y, este es el razonamiento.<\/p>\n<p>La mayor\u00eda de Morena no tiene los suficientes argumentos jur\u00eddicos para enfrentar a la oposici\u00f3n y llevar a juicio pol\u00edtico a los gobernadores panistas. Esto implicar\u00eda que se quedaran con un palmo de narices.<\/p>\n<p>Pero, en el caso de Veracruz, los argumentos jur\u00eddicos del PAN en el Senado son s\u00f3lidos contra Cuitl\u00e1huac. Sin embargo, la mayor\u00eda de Morena, evitar\u00e1 que sea despojado de la gubernatura. Los tres se salvar\u00e1n en la tablita. En los tres casos, los Congresos y sus Tribunales de Justicia, est\u00e1n a salvo, de una desaparici\u00f3n de poderes.<\/p>\n<p>Sin embargo, el caso de El Bronco, se discutir\u00e1 una vez m\u00e1s en el Senado, pero no hay elementos para su sustituci\u00f3n mientras el Tribunal Electoral del Poder Judicial de la Federaci\u00f3n, no logre establecer una plataforma jur\u00eddica para la desaparici\u00f3n de poderes.<\/p>\n<p>Por ello, este asunto se convertir\u00e1 en los ruidos del gallinero. Mucho cacareo, pero pocos huevos.<\/p>\n<p><b>Poderosos Caballeros:<\/b> La inversi\u00f3n en San Lui Potos\u00ed, gobernada por Juan Manuel Carreras, alcanz\u00f3 en estos cuatro a\u00f1os m\u00e1s de 130 mil millones de pesos que impulsaron la generaci\u00f3n de 70 mil empleos formales. San Luis es el sexto estado con mayor incremento en el salario y la entidad con las tasas de informalidad y de desocupaci\u00f3n m\u00e1s bajas de nuestra historia. Ocupa el primer lugar en crecimiento del valor de la producci\u00f3n industrial manufacturera y hemos impulsado nuevas empresas del sector en las regiones del Estado, como la planta BMW, junto con la de General Motors y 233 empresas proveedoras que integran el cl\u00faster automotriz, as\u00ed como empresas en otras ramas industriales. En el sector agropecuario, el crecimiento al cierre del a\u00f1o 2018 de 11.5 por ciento, fue cinco veces mayor al promedio nacional y segundo en el Pa\u00eds.<span class=\"Apple-converted-space\">\u00a0 <\/span>Se conservan los primeros lugares en producci\u00f3n de piloncillo, tomate, ca\u00f1a de az\u00facar, huevo y carne de bovino y caprino, entre otros.<span class=\"Apple-converted-space\">\u00a0<\/span><\/p>\n<p>*** Hace unos d\u00edas estuvo en M\u00e9xico Kristalina Georgieva, quien ser\u00e1 la pr\u00f3xima directora del Fondo Monetario Internacional. Se mantuvo casi en secreto secret\u00edsimo, lo que platic\u00f3 con algunos funcionarios del gobierno federal, entre los que destacan el de Hacienda, Arturo Herrera.<span class=\"Apple-converted-space\">\u00a0<\/span><\/p>\n<p>Se menciona que ah\u00ed se consolid\u00f3 una l\u00ednea de cr\u00e9dito s\u00f3lida para afrontar las crisis econ\u00f3micas que puedan llegar al pa\u00eds. Pero, todo esto es una parte de la historia.<span class=\"Apple-converted-space\">\u00a0<\/span><\/p>\n<p>*** Nissan, bajo la directriz global de Hiroto Saikawa, recortar\u00e1 alrededor de 12,500 empleos en el mundo. En M\u00e9xico, la automotriz por ahora no planea alguna reducci\u00f3n adicional, sin dar mayores detalles al respecto. Sin embargo, las estructuras de la empresa en el pa\u00eds, est\u00e1n pendientes de lo que puede venir de \u00f3rdenes desde Tokio.<span class=\"Apple-converted-space\">\u00a0<\/span><\/p>\n<p>*** Como se esperaba, en el Senado la aplanadora de Morena, logr\u00f3 su objetivo: aprobar las leyes de la reforma educativa de Andr\u00e9s Manuel L\u00f3pez Obrador. El choque fue \u00fanicamente entre el PAN y Morena. El resto de los partidos pol\u00edticos fueron de utiler\u00eda. Nada nuevo. La CNTE ser\u00e1 la que logre sus objetivos de control sobre los programas educativos, las normales y las plazas de los maestros. Ah, y de la educaci\u00f3n de las pr\u00f3ximas generaciones, absolutamente nada. Aplastaron la reforma de Enrique Pe\u00f1a.<\/p>\n<p><b>Responsabilidad Social Corporativa:<\/b> El IPADE Business School, que dirige Rafael G\u00f3mez Nava, a trav\u00e9s del Centro de Investigaci\u00f3n en Iniciativa Empresarial-EY, junto con Ashoka M\u00e9xico, que lidera Mar\u00eda Jos\u00e9 C\u00e9spedes, presentaron tres emprendimientos sociales que lograron un cambio sist\u00e9mico, transformando positivamente distintos \u00e1mbitos en diferentes lugares de la Rep\u00fablica Mexicana.<span class=\"Apple-converted-space\">\u00a0<\/span><\/p>\n<p>Estos son Laboratoria, que fund\u00f3 Mariana Costa Checa con el prop\u00f3sito de preparar a mujeres con nuevas habilidades tecnol\u00f3gicas; Nuup, iniciativa fundada por Mar\u00eda Luisa Luque, para dar mejores oportunidades a peque\u00f1os productores; y Grupo Promesa, empresa de Julio \u00c1lvarez enfocada en cambiar el mundo a trav\u00e9s de la educaci\u00f3n ambiental.<\/p>\n<p>&nbsp;<\/p>\n<blockquote>\n<p style=\"text-align: right;\"><strong>Esc\u00fachame en MVS Radio (102.5 FM) de 21 a 22 hrs.<br \/>\nde lunes a viernes en Poder y Dinero.<\/strong><\/p>\n<\/blockquote>\n<p>&nbsp;<\/p>\n<p><a href=\"https:\/\/mvsnoticias.com\/\" target=\"_blank\" rel=\"noopener noreferrer\"><em>MVSnoticias.com<\/em><\/a><br \/>\n<a href=\"http:\/\/poderydinero.mx\" target=\"_blank\" rel=\"noopener noreferrer\"><em>poderydinero.mx<\/em><\/a><em><b><br \/>\n<\/b><a href=\"mailto:vsb@poderydinero.mx\" target=\"_blank\" rel=\"noopener noreferrer\">vsb@poderydinero.mx<\/a><a href=\"mailto:vsanchezb@gmail.com\" target=\"_blank\" rel=\"noopener noreferrer\"><br \/>\n<\/a><strong>Twitter:<\/strong><a href=\"https:\/\/twitter.com\/vsanchezbanos\" target=\"_blank\" rel=\"noopener noreferrer\">@vsanchezbanos<br \/>\n<\/a><strong>Facebook: <\/strong><a href=\"https:\/\/www.facebook.com\/vsanchezbanos?fref=ts\" target=\"_blank\" rel=\"noopener noreferrer\">vsanchezbanos<\/a><\/em><\/p>\n","protected":false},"excerpt":{"rendered":"<p><span style=\"color: #005497;\"><strong>V\u00edctor S\u00e1nchez Ba\u00f1os<\/strong><\/span><\/p>\n","protected":false},"author":1,"featured_media":0,"comment_status":"open","ping_status":"open","sticky":false,"template":"","format":"standard","meta":{"_monsterinsights_skip_tracking":false,"_monsterinsights_sitenote_active":false,"_monsterinsights_sitenote_note":"","_monsterinsights_sitenote_category":0,"footnotes":""},"categories":[38844],"tags":[43674,38847,38848],"class_list":["post-443905","post","type-post","status-publish","format-standard","hentry","category-victor-sanchez-banos","tag-opinion","tag-poder-y-dinero","tag-victor-sanchez-banos"],"_links":{"self":[{"href":"https:\/\/www.diarioimagen.net\/index.php?rest_route=\/wp\/v2\/posts\/443905","targetHints":{"allow":["GET"]}}],"collection":[{"href":"https:\/\/www.diarioimagen.net\/index.php?rest_route=\/wp\/v2\/posts"}],"about":[{"href":"https:\/\/www.diarioimagen.net\/index.php?rest_route=\/wp\/v2\/types\/post"}],"author":[{"embeddable":true,"href":"https:\/\/www.diarioimagen.net\/index.php?rest_route=\/wp\/v2\/users\/1"}],"replies":[{"embeddable":true,"href":"https:\/\/www.diarioimagen.net\/index.php?rest_route=%2Fwp%2Fv2%2Fcomments&post=443905"}],"version-history":[{"count":0,"href":"https:\/\/www.diarioimagen.net\/index.php?rest_route=\/wp\/v2\/posts\/443905\/revisions"}],"wp:attachment":[{"href":"https:\/\/www.diarioimagen.net\/index.php?rest_route=%2Fwp%2Fv2%2Fmedia&parent=443905"}],"wp:term":[{"taxonomy":"category","embeddable":true,"href":"https:\/\/www.diarioimagen.net\/index.php?rest_route=%2Fwp%2Fv2%2Fcategories&post=443905"},{"taxonomy":"post_tag","embeddable":true,"href":"https:\/\/www.diarioimagen.net\/index.php?rest_route=%2Fwp%2Fv2%2Ftags&post=443905"}],"curies":[{"name":"wp","href":"https:\/\/api.w.org\/{rel}","templated":true}]}}