{"id":443986,"date":"2019-09-26T00:04:40","date_gmt":"2019-09-26T05:04:40","guid":{"rendered":"https:\/\/www.diarioimagen.net\/?p=443986"},"modified":"2019-09-26T07:15:11","modified_gmt":"2019-09-26T12:15:11","slug":"brinda-el-dif-de-naucalpan-becas-aima-a-35-madres-menores-de-edad","status":"publish","type":"post","link":"https:\/\/www.diarioimagen.net\/?p=443986","title":{"rendered":"Brinda el DIF de Naucalpan becas AIMA a 35 madres menores de edad"},"content":{"rendered":"<ul>\n<li><strong><em>Las dota de cunas y ropita para beb\u00e9<\/em><\/strong><\/li>\n<\/ul>\n<p>&nbsp;<\/p>\n<div id=\"attachment_444019\" style=\"width: 470px\" class=\"wp-caption aligncenter\"><a href=\"https:\/\/www.diarioimagen.net\/?attachment_id=444019\" rel=\"attachment wp-att-444019\"><img loading=\"lazy\" decoding=\"async\" aria-describedby=\"caption-attachment-444019\" class=\"size-large wp-image-444019\" src=\"https:\/\/www.diarioimagen.net\/wp-content\/uploads\/2019\/09\/naucalpan-3-460x259.jpg\" alt=\"\" width=\"460\" height=\"259\" srcset=\"https:\/\/www.diarioimagen.net\/wp-content\/uploads\/2019\/09\/naucalpan-3-460x259.jpg 460w, https:\/\/www.diarioimagen.net\/wp-content\/uploads\/2019\/09\/naucalpan-3-240x135.jpg 240w, https:\/\/www.diarioimagen.net\/wp-content\/uploads\/2019\/09\/naucalpan-3-235x132.jpg 235w, https:\/\/www.diarioimagen.net\/wp-content\/uploads\/2019\/09\/naucalpan-3-202x114.jpg 202w, https:\/\/www.diarioimagen.net\/wp-content\/uploads\/2019\/09\/naucalpan-3-350x196.jpg 350w, https:\/\/www.diarioimagen.net\/wp-content\/uploads\/2019\/09\/naucalpan-3-220x123.jpg 220w, https:\/\/www.diarioimagen.net\/wp-content\/uploads\/2019\/09\/naucalpan-3-237x132.jpg 237w, https:\/\/www.diarioimagen.net\/wp-content\/uploads\/2019\/09\/naucalpan-3.jpg 480w\" sizes=\"auto, (max-width: 460px) 100vw, 460px\" \/><\/a><p id=\"caption-attachment-444019\" class=\"wp-caption-text\">La Fundaci\u00f3n Transformando 360 Grados A.C. obsequi\u00f3 cunas con colchoneta y kits de cuidado para el beb\u00e9 a cada una de las madres adolescentes.<\/p><\/div>\n<p>&nbsp;<\/p>\n<p><strong>Naucalpan, Estado de M\u00e9xico<\/strong>.- La Presidenta del Sistema Municipal DIF Naucalpan, Lilia Dur\u00e1n Reveles, entreg\u00f3 35 becas AIMA (Atenci\u00f3n Integral a la Madre Adolescente) a j\u00f3venes naucalpenses de entre 12 y 17 a\u00f1os en etapa de gestaci\u00f3n, as\u00ed como art\u00edculos de cuidado para el reci\u00e9n nacido.<\/p>\n<p>A trav\u00e9s del programa AIMA, la titular del Sistema inst\u00f3 a las adolescentes a dar el seguimiento adecuado a su embarazo y continuar con la asesor\u00eda necesaria en el \u00e1rea Materno Fetal para la revisi\u00f3n y prevenci\u00f3n prenatal, ofrecida por la dependencia a un bajo costo.<\/p>\n<p>\u201cUstedes est\u00e1n muy j\u00f3venes y tendr\u00e1n que seguir algunos cuidados, as\u00ed como informarse y alimentarse sanamente para el cuidado del reci\u00e9n nacido.<\/p>\n<p>\u201cLa Unidad Materno Fetal nos permite detectar a tiempo algunas situaciones que se pueden corregir, adem\u00e1s de prever alguna malformaci\u00f3n que pudiera presentar el beb\u00e9 durante el embarazo\u201d, dijo Dur\u00e1n Reveles.<\/p>\n<p>Durante la entrega de est\u00edmulos tambi\u00e9n fueron obsequiados art\u00edculos de maternidad por parte de la encargada de Ecograf\u00eda de la Unidad Materno Fetal, Karla Guadalupe Trinidad Ju\u00e1rez, en representaci\u00f3n del SUTEyM Secci\u00f3n Naucalpan.<\/p>\n<p>De igual forma, la Fundaci\u00f3n Transformando 360 Grados A.C. obsequi\u00f3 cunas con colchoneta y kits de cuidado para el beb\u00e9 a cada una de las j\u00f3venes. La cuna de cart\u00f3n reduce la mortalidad infantil, al brindar a los reci\u00e9n nacidos un espacio seguro y regular su temperatura corporal.<\/p>\n<p>El programa AIMA otorga un servicio integral a la madre adolescente, proporcion\u00e1ndole informaci\u00f3n y orientaci\u00f3n para prevenir la reincidencia de embarazos no planeados y conductas de riesgo, por medio de psicoeducaci\u00f3n y atenci\u00f3n psicol\u00f3gica.<\/p>\n","protected":false},"excerpt":{"rendered":"<p>La Presidenta del Sistema Municipal DIF Naucalpan, Lilia Dur\u00e1n Reveles, entreg\u00f3 35 becas AIMA (Atenci\u00f3n Integral a la Madre Adolescente) a j\u00f3venes naucalpenses de entre 12 y 17 a\u00f1os en etapa de gestaci\u00f3n, as\u00ed como art\u00edculos de cuidado para el reci\u00e9n nacido.<\/p>\n","protected":false},"author":3,"featured_media":444019,"comment_status":"open","ping_status":"open","sticky":false,"template":"","format":"standard","meta":{"_monsterinsights_skip_tracking":false,"_monsterinsights_sitenote_active":false,"_monsterinsights_sitenote_note":"","_monsterinsights_sitenote_category":0,"footnotes":""},"categories":[5],"tags":[87917,9064,43675,970],"class_list":["post-443986","post","type-post","status-publish","format-standard","has-post-thumbnail","hentry","category-estado-de-mexico","tag-aima","tag-edad","tag-estado-de-mexico","tag-naucalpan"],"_links":{"self":[{"href":"https:\/\/www.diarioimagen.net\/index.php?rest_route=\/wp\/v2\/posts\/443986","targetHints":{"allow":["GET"]}}],"collection":[{"href":"https:\/\/www.diarioimagen.net\/index.php?rest_route=\/wp\/v2\/posts"}],"about":[{"href":"https:\/\/www.diarioimagen.net\/index.php?rest_route=\/wp\/v2\/types\/post"}],"author":[{"embeddable":true,"href":"https:\/\/www.diarioimagen.net\/index.php?rest_route=\/wp\/v2\/users\/3"}],"replies":[{"embeddable":true,"href":"https:\/\/www.diarioimagen.net\/index.php?rest_route=%2Fwp%2Fv2%2Fcomments&post=443986"}],"version-history":[{"count":0,"href":"https:\/\/www.diarioimagen.net\/index.php?rest_route=\/wp\/v2\/posts\/443986\/revisions"}],"wp:featuredmedia":[{"embeddable":true,"href":"https:\/\/www.diarioimagen.net\/index.php?rest_route=\/wp\/v2\/media\/444019"}],"wp:attachment":[{"href":"https:\/\/www.diarioimagen.net\/index.php?rest_route=%2Fwp%2Fv2%2Fmedia&parent=443986"}],"wp:term":[{"taxonomy":"category","embeddable":true,"href":"https:\/\/www.diarioimagen.net\/index.php?rest_route=%2Fwp%2Fv2%2Fcategories&post=443986"},{"taxonomy":"post_tag","embeddable":true,"href":"https:\/\/www.diarioimagen.net\/index.php?rest_route=%2Fwp%2Fv2%2Ftags&post=443986"}],"curies":[{"name":"wp","href":"https:\/\/api.w.org\/{rel}","templated":true}]}}