{"id":443989,"date":"2019-09-26T00:03:06","date_gmt":"2019-09-26T05:03:06","guid":{"rendered":"https:\/\/www.diarioimagen.net\/?p=443989"},"modified":"2019-09-26T07:16:53","modified_gmt":"2019-09-26T12:16:53","slug":"gobierno-de-toluca-recibio-certificado-del-sistema-de-apertura-rapida-de-empresas","status":"publish","type":"post","link":"https:\/\/www.diarioimagen.net\/?p=443989","title":{"rendered":"Gobierno de Toluca recibi\u00f3 Certificado del Sistema de Apertura R\u00e1pida de Empresas"},"content":{"rendered":"<ul>\n<li><strong><em>Acredita est\u00e1ndares de la Comisi\u00f3n Nacional de Mejora Regulatoria<\/em><\/strong><\/li>\n<\/ul>\n<p>&nbsp;<\/p>\n<div id=\"attachment_444022\" style=\"width: 470px\" class=\"wp-caption aligncenter\"><a href=\"https:\/\/www.diarioimagen.net\/?attachment_id=444022\" rel=\"attachment wp-att-444022\"><img loading=\"lazy\" decoding=\"async\" aria-describedby=\"caption-attachment-444022\" class=\"size-large wp-image-444022\" src=\"https:\/\/www.diarioimagen.net\/wp-content\/uploads\/2019\/09\/TOLUCA-26-460x259.jpg\" alt=\"\" width=\"460\" height=\"259\" srcset=\"https:\/\/www.diarioimagen.net\/wp-content\/uploads\/2019\/09\/TOLUCA-26-460x259.jpg 460w, https:\/\/www.diarioimagen.net\/wp-content\/uploads\/2019\/09\/TOLUCA-26-240x135.jpg 240w, https:\/\/www.diarioimagen.net\/wp-content\/uploads\/2019\/09\/TOLUCA-26-235x132.jpg 235w, https:\/\/www.diarioimagen.net\/wp-content\/uploads\/2019\/09\/TOLUCA-26-202x114.jpg 202w, https:\/\/www.diarioimagen.net\/wp-content\/uploads\/2019\/09\/TOLUCA-26-350x196.jpg 350w, https:\/\/www.diarioimagen.net\/wp-content\/uploads\/2019\/09\/TOLUCA-26-220x123.jpg 220w, https:\/\/www.diarioimagen.net\/wp-content\/uploads\/2019\/09\/TOLUCA-26-237x132.jpg 237w, https:\/\/www.diarioimagen.net\/wp-content\/uploads\/2019\/09\/TOLUCA-26.jpg 480w\" sizes=\"auto, (max-width: 460px) 100vw, 460px\" \/><\/a><p id=\"caption-attachment-444022\" class=\"wp-caption-text\">Toluca recibi\u00f3 el Certificado del Sistema de Apertura R\u00e1pida de Empresas (SARE) por la validaci\u00f3n de la Ventanilla \u00danica.<\/p><\/div>\n<p>&nbsp;<\/p>\n<p><strong>Toluca, Estado de M\u00e9xico<\/strong>.- Como resultado de acreditar los est\u00e1ndares de la Comisi\u00f3n Nacional de Mejora Regulatoria (Conamer), Toluca recibi\u00f3 el Certificado del Sistema de Apertura R\u00e1pida de Empresas (SARE) por la validaci\u00f3n de la ventanilla \u00fanica, a trav\u00e9s del Programa de Reconocimiento y Operaci\u00f3n (PROSARE).<\/p>\n<p>En el marco de la tercera sesi\u00f3n ordinaria de la Comisi\u00f3n Municipal de Mejora Regulatoria y ante el alcalde Juan Rodolfo S\u00e1nchez G\u00f3mez, se inform\u00f3 que el pasado 14 de agosto se valid\u00f3 el procedimiento de operaci\u00f3n del m\u00f3dulo SARE en la capital, donde se otorgan todos los tr\u00e1mites de apertura para negocios de bajo impacto, en ventanilla \u00fanica, con un solo formato y plazo m\u00e1ximo de 72 horas, adem\u00e1s de un manual de operaci\u00f3n, de conformidad con los lineamientos establecidos por la Conamer.<\/p>\n<p>En este contexto, S\u00e1nchez G\u00f3mez felicit\u00f3 a la Coordinaci\u00f3n Municipal de Mejora Regulatoria por cumplir con los est\u00e1ndares, sobre todo porque se ha logrado la simplificaci\u00f3n y modernizaci\u00f3n administrativa.<\/p>\n<p>Dicho certificado trae como beneficio la reducci\u00f3n de costos y tiempo para ciudadanos y empresarios.<\/p>\n<p>El coordinador municipal de Mejora Regulatoria y secretario t\u00e9cnico de la Comisi\u00f3n, Jos\u00e9 Juan G\u00f3mez Urbina, detall\u00f3 que Toluca se ubica en el primer lugar de los cinco municipios del Estado de M\u00e9xico que cuentan con el certificado, toda vez que es el \u00fanico con vigencia de tres a\u00f1os, y a nivel nacional se ubica entre los primeros 20.<\/p>\n<p>Las observaciones realizadas por la Conamer es que Toluca realice el tr\u00e1mite completo de manera digital con firma electr\u00f3nica, asunto que se aprob\u00f3 durante la sesi\u00f3n, adem\u00e1s de que el Cat\u00e1logo de Tr\u00e1mites y Servicios se comparta con la base de datos estatal y federal.<\/p>\n","protected":false},"excerpt":{"rendered":"<p>Como resultado de acreditar los est\u00e1ndares de la Comisi\u00f3n Nacional de Mejora Regulatoria (Conamer), Toluca recibi\u00f3 el Certificado del Sistema de Apertura R\u00e1pida de Empresas (SARE) por la validaci\u00f3n de la ventanilla \u00fanica, a trav\u00e9s del Programa de Reconocimiento y Operaci\u00f3n (PROSARE).<\/p>\n","protected":false},"author":3,"featured_media":444022,"comment_status":"open","ping_status":"open","sticky":false,"template":"","format":"standard","meta":{"_monsterinsights_skip_tracking":false,"_monsterinsights_sitenote_active":false,"_monsterinsights_sitenote_note":"","_monsterinsights_sitenote_category":0,"footnotes":""},"categories":[5],"tags":[87918,43675,452],"class_list":["post-443989","post","type-post","status-publish","format-standard","has-post-thumbnail","hentry","category-estado-de-mexico","tag-conamer","tag-estado-de-mexico","tag-toluca"],"_links":{"self":[{"href":"https:\/\/www.diarioimagen.net\/index.php?rest_route=\/wp\/v2\/posts\/443989","targetHints":{"allow":["GET"]}}],"collection":[{"href":"https:\/\/www.diarioimagen.net\/index.php?rest_route=\/wp\/v2\/posts"}],"about":[{"href":"https:\/\/www.diarioimagen.net\/index.php?rest_route=\/wp\/v2\/types\/post"}],"author":[{"embeddable":true,"href":"https:\/\/www.diarioimagen.net\/index.php?rest_route=\/wp\/v2\/users\/3"}],"replies":[{"embeddable":true,"href":"https:\/\/www.diarioimagen.net\/index.php?rest_route=%2Fwp%2Fv2%2Fcomments&post=443989"}],"version-history":[{"count":0,"href":"https:\/\/www.diarioimagen.net\/index.php?rest_route=\/wp\/v2\/posts\/443989\/revisions"}],"wp:featuredmedia":[{"embeddable":true,"href":"https:\/\/www.diarioimagen.net\/index.php?rest_route=\/wp\/v2\/media\/444022"}],"wp:attachment":[{"href":"https:\/\/www.diarioimagen.net\/index.php?rest_route=%2Fwp%2Fv2%2Fmedia&parent=443989"}],"wp:term":[{"taxonomy":"category","embeddable":true,"href":"https:\/\/www.diarioimagen.net\/index.php?rest_route=%2Fwp%2Fv2%2Fcategories&post=443989"},{"taxonomy":"post_tag","embeddable":true,"href":"https:\/\/www.diarioimagen.net\/index.php?rest_route=%2Fwp%2Fv2%2Ftags&post=443989"}],"curies":[{"name":"wp","href":"https:\/\/api.w.org\/{rel}","templated":true}]}}