{"id":444102,"date":"2019-09-27T00:02:24","date_gmt":"2019-09-27T05:02:24","guid":{"rendered":"https:\/\/www.diarioimagen.net\/?p=444102"},"modified":"2019-09-27T05:40:12","modified_gmt":"2019-09-27T10:40:12","slug":"aprovechamiento-de-agua-pluvial-es-una-realidad-en-huixquilucan","status":"publish","type":"post","link":"https:\/\/www.diarioimagen.net\/?p=444102","title":{"rendered":"Aprovechamiento de agua pluvial es una realidad en Huixquilucan"},"content":{"rendered":"<ul>\n<li><strong><em>En escuelas sirve para los sanitarios<\/em><\/strong><\/li>\n<\/ul>\n<p>&nbsp;<\/p>\n<div id=\"attachment_444186\" style=\"width: 470px\" class=\"wp-caption aligncenter\"><a href=\"https:\/\/www.diarioimagen.net\/?attachment_id=444186\" rel=\"attachment wp-att-444186\"><img loading=\"lazy\" decoding=\"async\" aria-describedby=\"caption-attachment-444186\" class=\"size-large wp-image-444186\" src=\"https:\/\/www.diarioimagen.net\/wp-content\/uploads\/2019\/09\/HUIXQUILUCAN-7-460x259.jpg\" alt=\"\" width=\"460\" height=\"259\" srcset=\"https:\/\/www.diarioimagen.net\/wp-content\/uploads\/2019\/09\/HUIXQUILUCAN-7-460x259.jpg 460w, https:\/\/www.diarioimagen.net\/wp-content\/uploads\/2019\/09\/HUIXQUILUCAN-7-240x135.jpg 240w, https:\/\/www.diarioimagen.net\/wp-content\/uploads\/2019\/09\/HUIXQUILUCAN-7-235x132.jpg 235w, https:\/\/www.diarioimagen.net\/wp-content\/uploads\/2019\/09\/HUIXQUILUCAN-7-202x114.jpg 202w, https:\/\/www.diarioimagen.net\/wp-content\/uploads\/2019\/09\/HUIXQUILUCAN-7-350x196.jpg 350w, https:\/\/www.diarioimagen.net\/wp-content\/uploads\/2019\/09\/HUIXQUILUCAN-7-220x123.jpg 220w, https:\/\/www.diarioimagen.net\/wp-content\/uploads\/2019\/09\/HUIXQUILUCAN-7-237x132.jpg 237w, https:\/\/www.diarioimagen.net\/wp-content\/uploads\/2019\/09\/HUIXQUILUCAN-7.jpg 480w\" sizes=\"auto, (max-width: 460px) 100vw, 460px\" \/><\/a><p id=\"caption-attachment-444186\" class=\"wp-caption-text\">La presidenta del DIF municipal recalc\u00f3 que programas como este dan resultados y son sustentables, adem\u00e1s se aprovecha un recurso como el agua.<\/p><\/div>\n<p>&nbsp;<\/p>\n<p><strong>Huixquilucan, Estado de M\u00e9xico<\/strong>.- \u201cEn Huixquilucan, se trabaja con voluntad y determinaci\u00f3n que llevan al \u00e9xito en las metas propuestas\u201d, asegur\u00f3 Romina Contreras Carrasco, presidenta del Sistema Municipal para el Desarrollo Integral de la Familia, durante la entrega\u00a0 del sistema de recuperaci\u00f3n de agua pluvial, en la escuela primaria Fray Servando Teresa de Mier, en la comunidad de El Hielo.<\/p>\n<p>Ante alumnos, personal docente, padres de familia e integrantes del cabildo, Contreras Carrasco se congratul\u00f3 al escuchar que la directora de este plantel educativo est\u00e1 regresando las pipas porque el sistema de captaci\u00f3n de agua pluvial est\u00e1 funcionando perfectamente.<\/p>\n<p>La presidenta del DIF municipal, recalc\u00f3 que programas como este, dan resultados y son sustentables ya que se aprovecha un recurso de vital importancia como es el agua. \u201cQue orgullo decir, que en Huixquilucan, en esta escuela estamos captando el agua para satisfacer necesidades de gran importancia para el desarrollo de la ni\u00f1ez\u201d.<\/p>\n<p>En tanto, V\u00edctor B\u00e1ez Melo, director general del Organismo Sistema Aguas de Huixquilucan, asegur\u00f3 que la entrega de este equipamiento es un gran orgullo para el presidente municipal Enrique Vargas del Villar, \u201ces una muestra clara de lo que hace nuestro Alcalde, que todo lo que inicia lo termina, todo a lo que se compromete lo hace, en beneficio de la ni\u00f1ez\u00bb.<\/p>\n<p>Record\u00f3 que Huixquilucan, es el primer municipio en el Estado de M\u00e9xico, que implanta un sistema de recuperaci\u00f3n de agua pluvial en una primaria, e inform\u00f3 que el Presidente Enrique Vargas, dio la instrucci\u00f3n de replicar este proyecto en varias escuelas. \u00abLa parte alta del municipio que es El Hielo, La Glorieta y el Guarda, ser\u00e1n los primeros que tendr\u00e1n en todas las primarias y jardines de ni\u00f1os este sistema\u201d, detall\u00f3 B\u00e1ez Melo.<\/p>\n<p>Judith Sotelo, delegada de la comunidad de El Hielo, agradeci\u00f3 a las autoridades municipales por este sistema captador de agua pluvial, que ha permitido involucrar a ni\u00f1os, j\u00f3venes y padres de familia, en este proceso que permite utilizar el l\u00edquido pluvial.<\/p>\n","protected":false},"excerpt":{"rendered":"<p>\u201cEn Huixquilucan, se trabaja con voluntad y determinaci\u00f3n que llevan al \u00e9xito en las metas propuestas\u201d, asegur\u00f3 Romina Contreras Carrasco, presidenta del Sistema Municipal para el Desarrollo Integral de la Familia, durante la entrega\u00a0 del sistema de recuperaci\u00f3n de agua pluvial, en la escuela primaria Fray Servando Teresa de Mier, en la comunidad de El Hielo.<\/p>\n","protected":false},"author":3,"featured_media":444186,"comment_status":"open","ping_status":"open","sticky":false,"template":"","format":"standard","meta":{"_monsterinsights_skip_tracking":false,"_monsterinsights_sitenote_active":false,"_monsterinsights_sitenote_note":"","_monsterinsights_sitenote_category":0,"footnotes":""},"categories":[5],"tags":[162,43675,1097,87932,53471],"class_list":["post-444102","post","type-post","status-publish","format-standard","has-post-thumbnail","hentry","category-estado-de-mexico","tag-agua","tag-estado-de-mexico","tag-huixquilucan","tag-pluvial","tag-realidad"],"_links":{"self":[{"href":"https:\/\/www.diarioimagen.net\/index.php?rest_route=\/wp\/v2\/posts\/444102","targetHints":{"allow":["GET"]}}],"collection":[{"href":"https:\/\/www.diarioimagen.net\/index.php?rest_route=\/wp\/v2\/posts"}],"about":[{"href":"https:\/\/www.diarioimagen.net\/index.php?rest_route=\/wp\/v2\/types\/post"}],"author":[{"embeddable":true,"href":"https:\/\/www.diarioimagen.net\/index.php?rest_route=\/wp\/v2\/users\/3"}],"replies":[{"embeddable":true,"href":"https:\/\/www.diarioimagen.net\/index.php?rest_route=%2Fwp%2Fv2%2Fcomments&post=444102"}],"version-history":[{"count":0,"href":"https:\/\/www.diarioimagen.net\/index.php?rest_route=\/wp\/v2\/posts\/444102\/revisions"}],"wp:featuredmedia":[{"embeddable":true,"href":"https:\/\/www.diarioimagen.net\/index.php?rest_route=\/wp\/v2\/media\/444186"}],"wp:attachment":[{"href":"https:\/\/www.diarioimagen.net\/index.php?rest_route=%2Fwp%2Fv2%2Fmedia&parent=444102"}],"wp:term":[{"taxonomy":"category","embeddable":true,"href":"https:\/\/www.diarioimagen.net\/index.php?rest_route=%2Fwp%2Fv2%2Fcategories&post=444102"},{"taxonomy":"post_tag","embeddable":true,"href":"https:\/\/www.diarioimagen.net\/index.php?rest_route=%2Fwp%2Fv2%2Ftags&post=444102"}],"curies":[{"name":"wp","href":"https:\/\/api.w.org\/{rel}","templated":true}]}}