{"id":444105,"date":"2019-09-27T00:01:29","date_gmt":"2019-09-27T05:01:29","guid":{"rendered":"https:\/\/www.diarioimagen.net\/?p=444105"},"modified":"2019-09-27T05:41:05","modified_gmt":"2019-09-27T10:41:05","slug":"en-cuautitlan-izcalli-gobierno-ofrece-vialidades-dignas-a-estudiantes","status":"publish","type":"post","link":"https:\/\/www.diarioimagen.net\/?p=444105","title":{"rendered":"En Cuautitl\u00e1n Izcalli, gobierno ofrece vialidades dignas a estudiantes"},"content":{"rendered":"<p><a href=\"https:\/\/www.diarioimagen.net\/?attachment_id=444189\" rel=\"attachment wp-att-444189\"><img loading=\"lazy\" decoding=\"async\" class=\"aligncenter size-large wp-image-444189\" src=\"https:\/\/www.diarioimagen.net\/wp-content\/uploads\/2019\/09\/cuautitlan-4-460x307.jpg\" alt=\"\" width=\"460\" height=\"307\" srcset=\"https:\/\/www.diarioimagen.net\/wp-content\/uploads\/2019\/09\/cuautitlan-4-460x307.jpg 460w, https:\/\/www.diarioimagen.net\/wp-content\/uploads\/2019\/09\/cuautitlan-4-240x160.jpg 240w, https:\/\/www.diarioimagen.net\/wp-content\/uploads\/2019\/09\/cuautitlan-4.jpg 700w\" sizes=\"auto, (max-width: 460px) 100vw, 460px\" \/><\/a><\/p>\n<p>&nbsp;<\/p>\n<p><strong>Cuautitl\u00e1n Izcalli, Estado de M\u00e9xico<\/strong><strong>.-<\/strong> El ayuntamiento local y la Universidad de Cuautitl\u00e1n Izcalli (UCI), llevaron a cabo trabajos de mejoramiento de vialidades en el corredor estudiantil, demostrando con ello que el esfuerzo coordinado entre instituciones rinde mejores frutos en beneficio de la sociedad izcallense.<\/p>\n<p>El presidente municipal, Ricardo N\u00fa\u00f1ez Ayala, mencion\u00f3 a las autoridades de la universidad que est\u00e1 comprometido a responder como gobierno para trabajar en equipo \u201ctengan la seguridad que siempre habr\u00e1 respuesta para hacer algo en conjunto que beneficie a la ciudadan\u00eda\u201d, dijo<\/p>\n","protected":false},"excerpt":{"rendered":"<p>El ayuntamiento local y la Universidad de Cuautitl\u00e1n Izcalli (UCI), llevaron a cabo trabajos de mejoramiento de vialidades en el corredor estudiantil, demostrando con ello que el esfuerzo coordinado entre instituciones rinde mejores frutos en beneficio de la sociedad izcallense.<\/p>\n","protected":false},"author":3,"featured_media":444189,"comment_status":"open","ping_status":"open","sticky":false,"template":"","format":"standard","meta":{"_monsterinsights_skip_tracking":false,"_monsterinsights_sitenote_active":false,"_monsterinsights_sitenote_note":"","_monsterinsights_sitenote_category":0,"footnotes":""},"categories":[5],"tags":[971,43675,2014,71465],"class_list":["post-444105","post","type-post","status-publish","format-standard","has-post-thumbnail","hentry","category-estado-de-mexico","tag-cuautitlan-izcalli","tag-estado-de-mexico","tag-estudiantes","tag-vialidades"],"_links":{"self":[{"href":"https:\/\/www.diarioimagen.net\/index.php?rest_route=\/wp\/v2\/posts\/444105","targetHints":{"allow":["GET"]}}],"collection":[{"href":"https:\/\/www.diarioimagen.net\/index.php?rest_route=\/wp\/v2\/posts"}],"about":[{"href":"https:\/\/www.diarioimagen.net\/index.php?rest_route=\/wp\/v2\/types\/post"}],"author":[{"embeddable":true,"href":"https:\/\/www.diarioimagen.net\/index.php?rest_route=\/wp\/v2\/users\/3"}],"replies":[{"embeddable":true,"href":"https:\/\/www.diarioimagen.net\/index.php?rest_route=%2Fwp%2Fv2%2Fcomments&post=444105"}],"version-history":[{"count":0,"href":"https:\/\/www.diarioimagen.net\/index.php?rest_route=\/wp\/v2\/posts\/444105\/revisions"}],"wp:featuredmedia":[{"embeddable":true,"href":"https:\/\/www.diarioimagen.net\/index.php?rest_route=\/wp\/v2\/media\/444189"}],"wp:attachment":[{"href":"https:\/\/www.diarioimagen.net\/index.php?rest_route=%2Fwp%2Fv2%2Fmedia&parent=444105"}],"wp:term":[{"taxonomy":"category","embeddable":true,"href":"https:\/\/www.diarioimagen.net\/index.php?rest_route=%2Fwp%2Fv2%2Fcategories&post=444105"},{"taxonomy":"post_tag","embeddable":true,"href":"https:\/\/www.diarioimagen.net\/index.php?rest_route=%2Fwp%2Fv2%2Ftags&post=444105"}],"curies":[{"name":"wp","href":"https:\/\/api.w.org\/{rel}","templated":true}]}}