{"id":444132,"date":"2019-09-27T00:02:48","date_gmt":"2019-09-27T05:02:48","guid":{"rendered":"https:\/\/www.diarioimagen.net\/?p=444132"},"modified":"2019-09-27T01:13:46","modified_gmt":"2019-09-27T06:13:46","slug":"arturo-herrera-un-secretario-muy-aburrido","status":"publish","type":"post","link":"https:\/\/www.diarioimagen.net\/?p=444132","title":{"rendered":"Arturo Herrera, un secretario muy aburrido"},"content":{"rendered":"<h2>La Retaguardia<\/h2>\n<h5>Adriana Moreno Cordero<\/h5>\n<p><em>\u00a0<\/em><\/p>\n<ul>\n<li><strong><em>Olga S\u00e1nchez Cordero se \u201clava las manos\u201d<\/em><\/strong><\/li>\n<\/ul>\n<p>&nbsp;<\/p>\n<p>\u201c\u00a1Pero qu\u00e9 secretario tan aburrido!\u201d, esa fue la frase m\u00e1s recurrente no s\u00f3lo en el Sal\u00f3n de Sesiones del Palacio Legislativo de San L\u00e1zaro, en el marco de la comparecencia del titular de la Secretar\u00eda de Hacienda y Cr\u00e9dito P\u00fablico, <strong>Arturo Herrera<\/strong>.<\/p>\n<p>Quienes se supone que debieron darle \u201ccalorcito\u201d, la bancada de Morena que coordina <strong>Mario Mart\u00edn Delgado<\/strong>, como vieron que la jornada era muy \u201clight\u201d, optaron porque el responsable de las finanzas p\u00fablicas se fuera s\u00f3lo en su comparecencia, sin mayor problema.<\/p>\n<p>As\u00ed, los integrantes de la \u201caplanadora\u201d del partido del presidente, se preocuparon m\u00e1s en seguirle cobrando a la fracci\u00f3n del PAN, cuyo coordinador es <strong>Juan Carlos Romero Hicks<\/strong>, el alt\u00edsimo precio de haberle dejado presidir la Mesa Directiva de esa instancia legislativa. No le perdonan el m\u00e1s m\u00ednimo error que tenga la panista <strong>Laura Ang\u00e9lica Rojas<\/strong>, que en un momento dado se equivoc\u00f3 y en vez de decir cinco a\u00f1os de los lamentables hechos de Ayotzinapa, dijo cinco d\u00edas. Entonces, los legisladores de Morena y sus aliados la acusaron de irrespetuosa y la se\u00f1alaron hasta cansarse.<\/p>\n<p>El problema es que como <strong>Porfirio Mu\u00f1oz Ledo<\/strong> no se pudo reelegir en la presidencia de la Mesa Directiva de San L\u00e1zaro, ya no saben qu\u00e9 hacer Morena y \u201ccompa\u00f1\u00eda\u201d, de ah\u00ed los gritos y pataleos.<\/p>\n<p>No le import\u00f3 a la bancada morenista que el secretario Herrera hubiera reconocido, a los inicios de su comparecencia, que el Paquete Econ\u00f3mico para el 2020, est\u00e1 repleto de finanzas p\u00fablicas, m\u00e1s que apretadas, vale subrayar, ahorcadas.<\/p>\n<p>Total, las increpaciones que hizo la oposici\u00f3n se\u00f1alando su postura en contra en temas como: extinci\u00f3n de dominio; el de las facturas falsas; el austericidio implementado por el Presidente que ha afectado severamente a la poblaci\u00f3n con el desempleo o bien a los m\u00e1s vulnerables como son los ni\u00f1os con c\u00e1ncer, a los que se les escasea el medicamento.<\/p>\n<p>Estuvo m\u00e1s entretenido y comentado, que vendedoras por cat\u00e1logo encabezadas por la pri\u00edsta <strong>Cinthia L\u00f3pez Castro<\/strong>, se plantaran en el vest\u00edbulo del Palacio Legislativo de San L\u00e1zaro, en un abierto rechazo a la intenci\u00f3n de cobrarles el Impuesto Sobre la Renta. Gritaron \u201c\u00a1No al Impuesto!\u201d<\/p>\n<p>Pero ya lo declar\u00f3 y reconoci\u00f3 el responsable de las finanzas p\u00fablicas del pa\u00eds, tiene apenas un escas\u00edsimo margen de maniobra. Adem\u00e1s hay que recordar la frase que no hace mucho dijera el mism\u00edsimo presidente <strong>Andr\u00e9s Manuel L\u00f3pez Obrador<\/strong>, respecto a que luego de la salida del ex titular de la SHCP, <strong>Carlos Manuel Urz\u00faa<\/strong> en medio de un tenso clima, la llegada de Herrera se dio, entre otras muchas razones, para que las finanzas y la econom\u00eda, se elaboren desde Palacio Nacional.<\/p>\n<p>Y quien compareci\u00f3 en el Senado de la Rep\u00fablica, fue la secretaria de Gobernaci\u00f3n, <strong>Olga S\u00e1nchez Cordero<\/strong>, igualmente, sin problema alguno. Fue espl\u00e9ndidamente bien recibida porque ella es senadora con licencia, por lo que lleg\u00f3 \u201ccomo Juan por su casa\u201d, saludando a buena parte de los legisladores\u00a0 y sonriendo hasta tiernamente para las fotos.<\/p>\n<p>Hubo m\u00e1s variedad de temas y mayor margen de maniobra por parte de S\u00e1nchez Cordero, a diferencia del secretario Arturo Herrera.<\/p>\n<p>De una manera por dem\u00e1s elegante, la responsable de la pol\u00edtica interna del pa\u00eds se \u201clav\u00f3 las manos\u201d por lo menos, en dos temas: la pretendida ampliaci\u00f3n de la gesti\u00f3n del gobernador electo de Baja California, <strong>Jaime Bonilla Valdez<\/strong> y, por otro lado, la detenci\u00f3n del ex fiscal estatal en Veracruz, <strong>Jorge Winckler<\/strong>.<\/p>\n<p>Nada m\u00e1s le falt\u00f3 agregar a la titular de la Segob que la dependencia que encabeza tampoco se meter\u00e1 en el pleito que se traen en el Senado de la Rep\u00fablica, Morena y el PAN, en\u00a0 cuanto a la desaparici\u00f3n de poderes en Guanajuato, Tamaulipas y Veracruz que unos y otros proponen. Entonces, la pregunta que muchos se hacen es \u00bfacaso S\u00e1nchez Cordero estar\u00e1 de adorno en el Palacio de Covi\u00e1n?<\/p>\n<p style=\"text-align: center;\"><strong>Municiones<\/strong><\/p>\n<p>*** P\u00e9sima actuaci\u00f3n de la flamant\u00edsima jefa de Gobierno de la Ciudad de M\u00e9xico, <strong>Claudia Sheinbaum<\/strong> con respecto a la marcha para conmemorar el quinto aniversario de la desaparici\u00f3n de los 43 estudiantes de Ayotzinapa y as\u00ed \u201cgobierna\u201d a la capital de la Rep\u00fablica.<\/p>\n<p>Con eso de que la llamada Cuarta Transformaci\u00f3n no va a reprimir a nadie y hasta premia a los delincuentes, permitieron que grupos de j\u00f3venes encapuchados anarquistas, hicieran cualquier cantidad de destrozos a lo largo de la avenida Paseo de la Reforma y calles principales del Centro Hist\u00f3rico, como 5 de Mayo.<\/p>\n<p>La autoridad brill\u00f3 por su ausencia\u00a0 incluso cuando estos denominados anarquistas arremetieron en contra de comercios y monumentos en reparaci\u00f3n, actuando en la total impunidad; bueno, hasta una librer\u00eda intentaron incendiar y fueron los empleados los que la defendieron.<\/p>\n<p>Un grupo de granaderos, \u00a1perd\u00f3n!, granaderos con escudos, se vio en el cruce de Eje Central L\u00e1zaro C\u00e1rdenas y avenida Ju\u00e1rez, pero eso s\u00ed, los mandaron hasta que ya los embozados hab\u00edan hecho los destrozos.<\/p>\n<p>\u00bfSer\u00e1 que el presidente L\u00f3pez Obrador los tiene considerados como un mercado de votos que no quiere perder? Si en esas estamos, mejor que el tabasque\u00f1o como \u201cpremio\u201d, les d\u00e9 su beca. Por m\u00e1s que les gritaron a los anarquistas \u201cf\u00fachila, gu\u00e1cala\u201d, de plano la m\u00e1xima l\u00f3pezobradorista en contra de la delincuencia, no funcion\u00f3. Los embozados desaparecieron a la hora que los padres de los 43 estudiantes de Ayotzinapa en el Z\u00f3calo capitalino, iniciaron sus discursos.<\/p>\n<p>*** Este asunto, el de Ayotzinapa, ocup\u00f3 todos los espacios el d\u00eda de ayer.<\/p>\n<p>El problema en este expediente es que se ve muy dif\u00edcil que los padres de los 43 estudiantes desaparecidos puedan obtener satisfacci\u00f3n plena.<\/p>\n<p>Preocupa la demanda de que los presenten vivos porque desafortunadamente, eso ya no va a pasar, as\u00ed como tampoco se llegar\u00e1 al fondo del asunto ni se descifrar\u00e1 por completo lo que ocurri\u00f3 la noche del 26 de septiembre hace cinco a\u00f1os. Diversos especialistas coinciden en que este caso se ir\u00e1 diluyendo con el tiempo y con una buena dosis de frustraci\u00f3n.<\/p>\n<p>*** \u00bfQu\u00e9 de d\u00f3nde va a salir la recompensa de 10 millones de pesos\u00a0 que el gobierno de la llamada Cuarta Transformaci\u00f3n para quien aporte datos sobre <strong>Alejandro Tenescalco Mej\u00eda<\/strong>, supervisor en turno de la Polic\u00eda Municipal de Iguala Guerrero, probable responsable o imputado\u00a0 en los hechos del 26 de septiembre de 2014 por los delitos de delincuencia organizada, secuestro, homicidio calificado en grado de tentativa?, \u00a1pues de la venta del avi\u00f3n presidencial!, \u00bfo no?<\/p>\n<p><a href=\"mailto:morcora@gmail.com\" target=\"_blank\" rel=\"noopener noreferrer\"><em>morcora@gmail.com<\/em><\/a><\/p>\n","protected":false},"excerpt":{"rendered":"<p><span style=\"color: #005497;\"><strong>Adriana Moreno Cordero<\/strong><\/span><\/p>\n","protected":false},"author":3,"featured_media":0,"comment_status":"open","ping_status":"open","sticky":false,"template":"","format":"standard","meta":{"_monsterinsights_skip_tracking":false,"_monsterinsights_sitenote_active":false,"_monsterinsights_sitenote_note":"","_monsterinsights_sitenote_category":0,"footnotes":""},"categories":[69370],"tags":[69369,69368,43674],"class_list":["post-444132","post","type-post","status-publish","format-standard","hentry","category-adriana-moreno-cordero","tag-adriana-moreno-cordero","tag-la-retaguardia","tag-opinion"],"_links":{"self":[{"href":"https:\/\/www.diarioimagen.net\/index.php?rest_route=\/wp\/v2\/posts\/444132","targetHints":{"allow":["GET"]}}],"collection":[{"href":"https:\/\/www.diarioimagen.net\/index.php?rest_route=\/wp\/v2\/posts"}],"about":[{"href":"https:\/\/www.diarioimagen.net\/index.php?rest_route=\/wp\/v2\/types\/post"}],"author":[{"embeddable":true,"href":"https:\/\/www.diarioimagen.net\/index.php?rest_route=\/wp\/v2\/users\/3"}],"replies":[{"embeddable":true,"href":"https:\/\/www.diarioimagen.net\/index.php?rest_route=%2Fwp%2Fv2%2Fcomments&post=444132"}],"version-history":[{"count":0,"href":"https:\/\/www.diarioimagen.net\/index.php?rest_route=\/wp\/v2\/posts\/444132\/revisions"}],"wp:attachment":[{"href":"https:\/\/www.diarioimagen.net\/index.php?rest_route=%2Fwp%2Fv2%2Fmedia&parent=444132"}],"wp:term":[{"taxonomy":"category","embeddable":true,"href":"https:\/\/www.diarioimagen.net\/index.php?rest_route=%2Fwp%2Fv2%2Fcategories&post=444132"},{"taxonomy":"post_tag","embeddable":true,"href":"https:\/\/www.diarioimagen.net\/index.php?rest_route=%2Fwp%2Fv2%2Ftags&post=444132"}],"curies":[{"name":"wp","href":"https:\/\/api.w.org\/{rel}","templated":true}]}}