{"id":444136,"date":"2019-09-27T00:03:11","date_gmt":"2019-09-27T05:03:11","guid":{"rendered":"https:\/\/www.diarioimagen.net\/?p=444136"},"modified":"2019-09-27T01:16:27","modified_gmt":"2019-09-27T06:16:27","slug":"pago-de-facturas","status":"publish","type":"post","link":"https:\/\/www.diarioimagen.net\/?p=444136","title":{"rendered":"Pago de facturas"},"content":{"rendered":"<h2>De pe a pa<\/h2>\n<h5>Alberto Vieyra G.<\/h5>\n<p>&nbsp;<\/p>\n<p>La CNTE que solamente representa a un min\u00fasculo 10% del magisterio nacional, y en la que, se asegura militan c\u00e9lulas guerrilleras y de la delincuencia organizada, dobleg\u00f3 a Andr\u00e9s Manuel L\u00f3pez Obrador y le cobr\u00f3 caras facturas electorales del 2018, condenando con ello a que la educaci\u00f3n en M\u00e9xico siga siendo un desastre.<\/p>\n<p>La Coordinadora de Trabajadores de la Educaci\u00f3n principalmente la secci\u00f3n 22 de Oaxaca someti\u00f3 tambi\u00e9n al Poder Legislativo de M\u00e9xico, pues en la llamada reforma educativa Lopezobradorista ultraj\u00f3 la dignidad institucional de ese cuerpo colegiado, haciendo que la C\u00e1mara de Diputados y el Senado de la Rep\u00fablica bailaran al son que les toc\u00f3 esa organizaci\u00f3n magisterial cuyo signo caracter\u00edstico es la desobediencia civil y la protesta para doblegar a las instituciones.<\/p>\n<p>No me detendr\u00e9 en el an\u00e1lisis de m\u00e1s de mil 200 p\u00e1ginas que conformar las tres leyes secundarias de la \u201cReforma Educativa Lopezobradorista\u201d y s\u00f3lo me concretare en tres puntos fundamentales:<\/p>\n<p>Primero, dicha reforma borr\u00f3 de la ley la actualizaci\u00f3n magisterial o como la CNTE le llama \u201cLa Evaluaci\u00f3n Punitiva\u201d.<\/p>\n<p>No habr\u00e1 necesidad de que los maestros se actualicen para estar frente a los grupos de alumnos, no importa que sean burros.<\/p>\n<p>Lo importante es que son de la CNTE y pueden darse el lujo de doblegar a cualquier instituci\u00f3n, incluyendo la presidencial.<\/p>\n<p>Los alumnos podr\u00e1n tener eternamente a maestros que no tendr\u00e1n la obligaci\u00f3n ni necesidad de leer ni siquiera un libro por a\u00f1o.<\/p>\n<p>\u00bfM\u00e9xico est\u00e1 condenado a figurar en los \u00faltimos lugares educativos a nivel mundial? Imposible que M\u00e9xico pueda equipararse con Finlandia, Islandia, Canad\u00e1, Francia y otras naciones, las mas cultas del mundo. En Finlandia, la naci\u00f3n m\u00e1s culta en la tierra, los maestros, alumnos y padres de familia deben leer, por ley 52 libros por a\u00f1o, pero en caso de M\u00e9xico los maestros de la CNTE solo bastaran con que ense\u00f1en a los chiquillos a bloquear carreteras, v\u00edas del ferrocarril o instituciones para conseguir por la fuerza cualquier fin, aprovechando que en la naci\u00f3n azteca impera la ingobernabilidad, el vac\u00edo de poder, por no poder y la falta de aplicaci\u00f3n del Estado de derecho.<\/p>\n<p>Segundo, el Estado mexicano solt\u00f3 buena parte de la rector\u00eda del Estado en materia educativa que ahora quedar\u00e1n en poder de la CNTE y el SNTE, pues bastara con que los nuevos profesores hayan egresado de alguna de las normales superiores de maestros, que son otro desastre y nido de porros. La venta de plazas estar\u00e1 en las Escuelas Normales. \u00bfNo es esto, acaso corrupci\u00f3n pura?<\/p>\n<p>Y tercer lugar, la CNTE y el SNTE, en coordinaci\u00f3n con las sociedades de padres de familia se encargar\u00e1n de la construcci\u00f3n de nuevas escuelas y la remodelaci\u00f3n de otras.<\/p>\n<p>\u00bfEn qu\u00e9 cabeza cabe quitarle a la SEP esa funci\u00f3n primordial? \u00bfEst\u00e1n los padres de familia organizados para evitar bailar al son que le toquen las corruptas organizaciones magisteriales que por ahora han doblegado al Presidente de la Rep\u00fablica y al Poder Legislativo de M\u00e9xico? \u00bfQu\u00e9 organizaci\u00f3n de padres de familia querr\u00e1 echarse encima a ponzo\u00f1osos alacranes con alas?\u00a0 \u00bfNo le parece a usted inaudito este paso demencial en la educaci\u00f3n de M\u00e9xico?<\/p>\n<p>\u00bfYa adivin\u00f3 usted qu\u00e9 le depara a la Educaci\u00f3n en M\u00e9xico?&#8230; \u00a1S\u00ed, una sociedad ignorante!, para dar paso a un feroz adoctrinamiento pol\u00edtico para favorecer al partido del actual presidente de la rep\u00fablica para perpetuarse en una dictadura. El primer paso ya est\u00e1 dado mediante el populismo rampl\u00f3n que es la antesala de las dictaduras y tiran\u00edas.<\/p>\n<p>Este \u00e1tomo de la comunicaci\u00f3n se morir\u00e1 sin ver cristalizado el sue\u00f1o de que M\u00e9xico sea una de las naciones mas cultas de la tierra, pues la rector\u00eda de la educaci\u00f3n estar\u00e1 en manos de poderosas mafias, a las que lo menos que le interesa es la educaci\u00f3n de las nuevas generaciones.<\/p>\n<p><em><a href=\"mailto:info@agenciamn.com\" target=\"_blank\" rel=\"noopener noreferrer\">info@agenciamn.com<\/a><\/em><\/p>\n","protected":false},"excerpt":{"rendered":"<p><span style=\"color: #005497;\"><strong>Alberto Vieyra G.<\/strong><\/span><\/p>\n","protected":false},"author":3,"featured_media":0,"comment_status":"open","ping_status":"open","sticky":false,"template":"","format":"standard","meta":{"_monsterinsights_skip_tracking":false,"_monsterinsights_sitenote_active":false,"_monsterinsights_sitenote_note":"","_monsterinsights_sitenote_category":0,"footnotes":""},"categories":[4596],"tags":[43697,4597,43674],"class_list":["post-444136","post","type-post","status-publish","format-standard","hentry","category-alberto-vieyra-g","tag-alberto-vieyra-g","tag-de-pe-a-pa","tag-opinion"],"_links":{"self":[{"href":"https:\/\/www.diarioimagen.net\/index.php?rest_route=\/wp\/v2\/posts\/444136","targetHints":{"allow":["GET"]}}],"collection":[{"href":"https:\/\/www.diarioimagen.net\/index.php?rest_route=\/wp\/v2\/posts"}],"about":[{"href":"https:\/\/www.diarioimagen.net\/index.php?rest_route=\/wp\/v2\/types\/post"}],"author":[{"embeddable":true,"href":"https:\/\/www.diarioimagen.net\/index.php?rest_route=\/wp\/v2\/users\/3"}],"replies":[{"embeddable":true,"href":"https:\/\/www.diarioimagen.net\/index.php?rest_route=%2Fwp%2Fv2%2Fcomments&post=444136"}],"version-history":[{"count":0,"href":"https:\/\/www.diarioimagen.net\/index.php?rest_route=\/wp\/v2\/posts\/444136\/revisions"}],"wp:attachment":[{"href":"https:\/\/www.diarioimagen.net\/index.php?rest_route=%2Fwp%2Fv2%2Fmedia&parent=444136"}],"wp:term":[{"taxonomy":"category","embeddable":true,"href":"https:\/\/www.diarioimagen.net\/index.php?rest_route=%2Fwp%2Fv2%2Fcategories&post=444136"},{"taxonomy":"post_tag","embeddable":true,"href":"https:\/\/www.diarioimagen.net\/index.php?rest_route=%2Fwp%2Fv2%2Ftags&post=444136"}],"curies":[{"name":"wp","href":"https:\/\/api.w.org\/{rel}","templated":true}]}}