{"id":444236,"date":"2019-09-28T15:33:01","date_gmt":"2019-09-28T20:33:01","guid":{"rendered":"https:\/\/www.diarioimagen.net\/?p=444236"},"modified":"2019-09-30T02:00:00","modified_gmt":"2019-09-30T07:00:00","slug":"accidente-en-feria-de-chapultepec-deja-3-muertos","status":"publish","type":"post","link":"https:\/\/www.diarioimagen.net\/?p=444236","title":{"rendered":"Accidente en Feria de Chapultepec deja 2 muertos"},"content":{"rendered":"<div id=\"attachment_444237\" style=\"width: 310px\" class=\"wp-caption alignleft\"><a href=\"https:\/\/www.diarioimagen.net\/?attachment_id=444237\" rel=\"attachment wp-att-444237\"><img loading=\"lazy\" decoding=\"async\" aria-describedby=\"caption-attachment-444237\" class=\" wp-image-444237\" src=\"https:\/\/www.diarioimagen.net\/wp-content\/uploads\/2019\/09\/chapultepec-396x460.jpg\" alt=\"\" width=\"300\" height=\"348\" srcset=\"https:\/\/www.diarioimagen.net\/wp-content\/uploads\/2019\/09\/chapultepec-396x460.jpg 396w, https:\/\/www.diarioimagen.net\/wp-content\/uploads\/2019\/09\/chapultepec-206x240.jpg 206w, https:\/\/www.diarioimagen.net\/wp-content\/uploads\/2019\/09\/chapultepec.jpg 602w\" sizes=\"auto, (max-width: 300px) 100vw, 300px\" \/><\/a><p id=\"caption-attachment-444237\" class=\"wp-caption-text\">Tragedia en La Feria de Chapultepec.<\/p><\/div>\n<p>Primeros reportes indicaron que uno de los carros del juego llamado\u00a0<span style=\"margin: 0px; padding: 0px; border: 0px; outline: 0px; vertical-align: baseline; font-family: inherit; font-size: inherit; font-style: inherit; font-variant-caps: inherit; font-stretch: inherit; line-height: inherit;\"><span style=\"margin: 0px; padding: 0px; border: 0px; outline: 0px; vertical-align: baseline; font-family: inherit; font-size: inherit; font-variant-caps: inherit; font-stretch: inherit; line-height: inherit;\">\u201cQuimera\u201d<\/span><\/span>, de la Feria de Chapultepec, que se ubica a un costado de la\u00a0<span style=\"margin: 0px; padding: 0px; border: 0px; outline: 0px; vertical-align: baseline; font-family: inherit; font-size: inherit; font-style: inherit; font-variant-caps: inherit; font-stretch: inherit; line-height: inherit;\">monta\u00f1a rusa<\/span>, se descarril\u00f3 y provoc\u00f3 que personas salieran disparadas.<\/p>\n<p>De acuerdo con SUUMA Voluntarios, a consecuencia de este accidente se reportan dos personas muertas; y al menos cuatro lesionados, que ya reciben atenci\u00f3n m\u00e9dica en el hospital \u00c1ngeles Mocel.<\/p>\n<p>Reportes en redes sociales indican que el percance ocurri\u00f3 cuando uno de los carros de \u00abQuimera\u00bb se impact\u00f3 con la estructura met\u00e1lica del mismo juego.<\/p>\n<div id=\"metropoli_noticia_left1_mobile\" class=\"dfp_slot\" style=\"margin: 17px 0px; padding: 0px; border: 0px; outline: 0px; vertical-align: baseline; font-family: roboto, sans-serif; font-stretch: inherit; line-height: inherit; display: flex; justify-content: center; align-content: center; caret-color: #000000; color: #000000;\"><\/div>\n<p>Testigos refieren que dos de las llantas de dicho carro salieron proyectadas, lo que gener\u00f3 que \u00e9ste se volteara con los tripulantes. Dos de las v\u00edctimas impactaron con la estructura met\u00e1lica y una m\u00e1s sali\u00f3 volando.<\/p>\n<p>El sitio fue evacuado en su totalidad y acordonado. Peritos de la\u00a0<span style=\"margin: 0px; padding: 0px; border: 0px; outline: 0px; vertical-align: baseline; font-family: inherit; font-size: inherit; font-style: inherit; font-variant-caps: inherit; font-stretch: inherit; line-height: inherit;\">Procuradur\u00eda capitalina\u00a0ya\u00a0<\/span>realizan las averiguaciones previas para determinar las causas del terrible accidente y deslindar responsabilidades.<\/p>\n","protected":false},"excerpt":{"rendered":"<p>Primeros reportes indicaron que uno de los carros del juego llamado\u00a0\u201cQuimera\u201d, de la Feria de Chapultepec, que se ubica a un costado de la\u00a0monta\u00f1a rusa, se descarril\u00f3 y provoc\u00f3 que personas salieran disparadas.<\/p>\n","protected":false},"author":1,"featured_media":444239,"comment_status":"open","ping_status":"open","sticky":false,"template":"","format":"standard","meta":{"_monsterinsights_skip_tracking":false,"_monsterinsights_sitenote_active":false,"_monsterinsights_sitenote_note":"","_monsterinsights_sitenote_category":0,"footnotes":""},"categories":[6],"tags":[34444,87935,2135,54184,43677],"class_list":["post-444236","post","type-post","status-publish","format-standard","has-post-thumbnail","hentry","category-cd-de-mexico","tag-cdmx","tag-feria-de-chapultepec","tag-muertos","tag-quimera","tag-seguridad"],"_links":{"self":[{"href":"https:\/\/www.diarioimagen.net\/index.php?rest_route=\/wp\/v2\/posts\/444236","targetHints":{"allow":["GET"]}}],"collection":[{"href":"https:\/\/www.diarioimagen.net\/index.php?rest_route=\/wp\/v2\/posts"}],"about":[{"href":"https:\/\/www.diarioimagen.net\/index.php?rest_route=\/wp\/v2\/types\/post"}],"author":[{"embeddable":true,"href":"https:\/\/www.diarioimagen.net\/index.php?rest_route=\/wp\/v2\/users\/1"}],"replies":[{"embeddable":true,"href":"https:\/\/www.diarioimagen.net\/index.php?rest_route=%2Fwp%2Fv2%2Fcomments&post=444236"}],"version-history":[{"count":0,"href":"https:\/\/www.diarioimagen.net\/index.php?rest_route=\/wp\/v2\/posts\/444236\/revisions"}],"wp:featuredmedia":[{"embeddable":true,"href":"https:\/\/www.diarioimagen.net\/index.php?rest_route=\/wp\/v2\/media\/444239"}],"wp:attachment":[{"href":"https:\/\/www.diarioimagen.net\/index.php?rest_route=%2Fwp%2Fv2%2Fmedia&parent=444236"}],"wp:term":[{"taxonomy":"category","embeddable":true,"href":"https:\/\/www.diarioimagen.net\/index.php?rest_route=%2Fwp%2Fv2%2Fcategories&post=444236"},{"taxonomy":"post_tag","embeddable":true,"href":"https:\/\/www.diarioimagen.net\/index.php?rest_route=%2Fwp%2Fv2%2Ftags&post=444236"}],"curies":[{"name":"wp","href":"https:\/\/api.w.org\/{rel}","templated":true}]}}