{"id":444306,"date":"2019-09-30T00:01:16","date_gmt":"2019-09-30T05:01:16","guid":{"rendered":"https:\/\/www.diarioimagen.net\/?p=444306"},"modified":"2019-09-30T02:01:39","modified_gmt":"2019-09-30T07:01:39","slug":"paella-no-es-solo-un-guiso-es-el-nombre-de-la-sarten-donde-se-elabora-informaron-en-la-cuchara-de-san-sebastian","status":"publish","type":"post","link":"https:\/\/www.diarioimagen.net\/?p=444306","title":{"rendered":"\u201cPaella\u201d no es s\u00f3lo un guiso, es el nombre de la sart\u00e9n donde se elabora, informaron en \u201cLa cuchara de San Sebasti\u00e1n\u201d"},"content":{"rendered":"<h2>De cinco estrellas<\/h2>\n<h5>Victoria Gonz\u00e1lez Prado<\/h5>\n<p>&nbsp;<\/p>\n<ul>\n<li><b>Delta Air Lines<em> anunci\u00f3 que adquirir\u00e1 participaci\u00f3n del 20 por ciento en<\/em> LATAM Airlines por mil 900 mdd<\/b><\/li>\n<\/ul>\n<p>&nbsp;<\/p>\n<div id=\"attachment_444307\" style=\"width: 470px\" class=\"wp-caption aligncenter\"><a href=\"https:\/\/www.diarioimagen.net\/?attachment_id=444307\" rel=\"attachment wp-att-444307\"><img loading=\"lazy\" decoding=\"async\" aria-describedby=\"caption-attachment-444307\" class=\"size-large wp-image-444307\" src=\"https:\/\/www.diarioimagen.net\/wp-content\/uploads\/2019\/09\/turismo-9-460x259.jpg\" alt=\"\" width=\"460\" height=\"259\" srcset=\"https:\/\/www.diarioimagen.net\/wp-content\/uploads\/2019\/09\/turismo-9-460x259.jpg 460w, https:\/\/www.diarioimagen.net\/wp-content\/uploads\/2019\/09\/turismo-9-240x135.jpg 240w, https:\/\/www.diarioimagen.net\/wp-content\/uploads\/2019\/09\/turismo-9-235x132.jpg 235w, https:\/\/www.diarioimagen.net\/wp-content\/uploads\/2019\/09\/turismo-9-202x114.jpg 202w, https:\/\/www.diarioimagen.net\/wp-content\/uploads\/2019\/09\/turismo-9-350x196.jpg 350w, https:\/\/www.diarioimagen.net\/wp-content\/uploads\/2019\/09\/turismo-9-220x123.jpg 220w, https:\/\/www.diarioimagen.net\/wp-content\/uploads\/2019\/09\/turismo-9-237x132.jpg 237w, https:\/\/www.diarioimagen.net\/wp-content\/uploads\/2019\/09\/turismo-9.jpg 480w\" sizes=\"auto, (max-width: 460px) 100vw, 460px\" \/><\/a><p id=\"caption-attachment-444307\" class=\"wp-caption-text\">Rosa Gonz\u00e1lez Asenjo, esposa del embajador de Espa\u00f1a en M\u00e9xico, Juan L\u00f3pez-D\u00f3riga, Isabel Alonso, Ang\u00e9lica Villalobos y Bego\u00f1a Fern\u00e1ndez.<\/p><\/div>\n<p>&nbsp;<\/p>\n<p>La palabra \u201cpaella\u201d no es s\u00f3lo el guiso que todos conocemos: arroz amarillo \u2014por el azafr\u00e1n\u2014, mariscos y carnes, significa \u201csart\u00e9n\u201d en valenciano y en ella se pueden cocinar muchas cosas. Este recipiente s\u00f3lo prest\u00f3 su nombre al platillo que imaginamos al o\u00edr \u201cpaella\u201d, y paella se llama a cualquier arroz que se cueza o guise en \u00e9l.<\/p>\n<p>La paella es de poca profundidad y gran superficie, es decir mucho di\u00e1metro y poco fondo. Su dise\u00f1o plano y de poca profundidad favorece evaporaci\u00f3n r\u00e1pida y uniforme del caldo, caracter\u00edstica esencial para la preparaci\u00f3n correcta de la paella.<span class=\"Apple-converted-space\">\u00a0 \u00a0<\/span><\/p>\n<p>La paella ha sido siempre guiso para celebraciones, o sea que es fundamentalmente festivo, y hay debate que levanta pasiones sobre c\u00f3mo es la aut\u00e9ntica, la verdadera pella.<span class=\"Apple-converted-space\">\u00a0 \u00a0<\/span><\/p>\n<p>Para muchos en Valencia,\u00a0 una cosa es la paella y otra muy distinta el \u201carroz con cosas\u201d<b>,<\/b> por mucho que el guisandero o cocinero de turno decida elaborarlo en el mismo recipiente redondo, plano y de poca profundidad.<\/p>\n<p>La paella tiene origen rural y humilde. Nace en alg\u00fan lugar de la huerta que rodea la ciudad de Valencia, zona rural tradicionalmente productora de arroz y verduras. Y su base est\u00e1 en esos ingredientes que los agricultores ten\u00edan a mano, con peque\u00f1as variantes en funci\u00f3n de la \u00e9poca del a\u00f1o y del pueblo en el que se cocine.<\/p>\n<p>En muchos lugares de Espa\u00f1a -generalmente fuera de Valencia- la paella se cocina de formas que hacen estremecerse a los puristas de este plato. Pero \u00bfqu\u00e9 ingredientes requiere la paella tradicional? Dicen que los b\u00e1sicos son aceite de oliva virgen extra, pollo, conejo, ejotes, garrof\u00f3 (aunque es leguminosa originaria de Sudam\u00e9rica), agua, sal, azafr\u00e1n y arroz. S\u00f3lo con \u00e9stos, la sart\u00e9n adecuada y empleando las porciones y cocci\u00f3n correctas, se puede hacer paella perfecta.<\/p>\n<p>Sin embargo, en ciertos pueblos de Valencia a\u00f1aden alg\u00fan ingrediente extra que tienen cerca: alcachofa, caracoles\u2026 Hay unos cinco o seis ingredientes m\u00e1s que pertenecen a la cultura gastron\u00f3mica valenciana, que, seg\u00fan la zona de Valencia donde se cocine, se pueden a\u00f1adir. <b><span class=\"Apple-converted-space\">\u00a0<\/span><\/b><\/p>\n<p>Dicen que \u201cpaella\u201d deriva de \u201cpor ella\u201d o \u201cpara ella\u201d, lo que pudiera ser s\u00f3lo cuento, pero en Espa\u00f1a generalmente cocinan las mujeres y hacer paella es tradicionalmente trabajo de hombres para sus mujeres. <span class=\"Apple-converted-space\">\u00a0<\/span><\/p>\n<p>Lo que no se puede negar es que la paella es uno de los platos emblem\u00e1ticos de la gastronom\u00eda espa\u00f1ola, y no hay quienes no se rindan ante los encantos de este guiso.<span class=\"Apple-converted-space\">\u00a0<\/span><\/p>\n<p>Actualmente, la versi\u00f3n m\u00e1s conocida de este platillo t\u00edpico es la paella mixta, variaci\u00f3n que horroriza a los valencianos, quienes consideran que la aut\u00e9ntica paella valenciana no puede mezclar mariscos con carne. Pero la realidad es que es uno de esos platos que admite pr\u00e1cticamente cualquier ingrediente, cada persona utiliza el que m\u00e1s le gusta y nunca hay una igual a otra. No existe receta \u00fanica y ortodoxa para hacer este guiso.<\/p>\n<p>En el marco de la celebraci\u00f3n del tercer aniversario del restaurante \u201cLa Cuchara de San Sebasti\u00e1n\u201d, ubicado en el Hotel Marquis Reforma, y en colaboraci\u00f3n con la embajada de Espa\u00f1a en M\u00e9xico, se conmemora tambi\u00e9n el D\u00eda Mundial de la Paella.<\/p>\n<p>Presidi\u00f3 la reuni\u00f3n para el caso el embajador de Espa\u00f1a en M\u00e9xico, <b>Juan L\u00f3pez-D\u00f3riga<\/b>, acompa\u00f1ado por <b>Isabel Alonso Pi\u00f1ar<\/b>, directora de la Oficina Espa\u00f1ola de Turismo, y <b>Ang\u00e9lica Villalobos<\/b>, gerente general del Hotel Marquis Reforma.<\/p>\n<p>Cabe destacar que el D\u00eda Mundial de la Paella surgi\u00f3 en 2018 y se estableci\u00f3 el 20 de septiembre de ese a\u00f1o como la celebraci\u00f3n oficial que surgi\u00f3 a iniciativa del ayuntamiento de Valencia, la oficina de Turismo de Valencia y la denominaci\u00f3n de origen (D.O.), arroz de Valencia, as\u00ed lleg\u00f3 a las embajadas peninsulares en todo el mundo para compartir este exquisito platillo.<\/p>\n<p>En la celebraci\u00f3n que nos ocupa participaron el chef valenciano <b>Vicente Torres<\/b> \u2013que no pudimos saludar- quien prepar\u00f3 dos paellas en colaboraci\u00f3n con el equipo culinario del Hotel Marquis; <b>Fares Bouneb<\/b>, director de AyB, y <b>Javier Salazar<\/b>, chef ejecutivo del restaurante.<\/p>\n<p>En su oportunidad, el embajador <b>Juan L\u00f3pez-D\u00f3riga<\/b>, agradeci\u00f3 la asistencia de la comitiva de la Oficina de Turismo de Espa\u00f1a y de los directivos del Hotel Marquis, \u201cdonde se reproduce mucha de la gastronom\u00eda de mi pa\u00eds, es una colaboraci\u00f3n de muchos a\u00f1os atr\u00e1s, y agradezco especialmente la participaci\u00f3n del chef valenciano <b>Vicente Torres<\/b>\u201d.<\/p>\n<p>Al tomar la palabra, <b>Ang\u00e9lica Villalobos <\/b>indic\u00f3: \u201ces un gusto que nos acompa\u00f1en, gracias a todos los amigos de la prensa y a todos los amigos del Hotel Marquis, hu\u00e9spedes, clientes que nos han acompa\u00f1ado a lo largo de tantas historias, siempre es un honor para nosotros darles la bienvenida, y quiero agradecer a <b>Isabel <\/b>y a la Oficina Espa\u00f1ola de Turismo que siempre conf\u00eda en nosotros para realizaciones como \u00e9sta y muchas m\u00e1s que son estrat\u00e9gicas para el turismo\u201d.<span class=\"Apple-converted-space\">\u00a0<\/span><\/p>\n<p>Agreg\u00f3: \u201cpara nosotros es un honor poder promover la cultura espa\u00f1ola y por eso la creaci\u00f3n de \u201cLa cuchara de san Sebasti\u00e1n\u201d, restaurante que por cierto est\u00e1 a punto de cumplir tres a\u00f1os y se ha convertido en un referente de este espacio y de esta zona, y su cocina es muy bien recibida, muy querida y muy pronto les invitaremos a celebrar el aniversario\u201d. <span class=\"Apple-converted-space\">\u00a0 \u00a0<\/span><\/p>\n<p>Tambi\u00e9n anunci\u00f3 \u201cvamos a tener nuevo restaurante en casa, que se va a llamar \u2018La parrilla\u2019, haremos la inauguraci\u00f3n en aproximadamente mes y medio, pues siempre buscamos renovarnos y tenerles nuevas perspectivas\u201d.<\/p>\n<p>\u2730\u2730\u2730\u2730\u2730 <i>Delta Air Lines<\/i> anunci\u00f3 que adquirir\u00e1 participaci\u00f3n del 20 por ciento en <i>LATAM Airlines<\/i> por mil 900 millones de d\u00f3lares, la que ser\u00e1 su mayor inversi\u00f3n desde la fusi\u00f3n con <i>Northwest Airlines<\/i> hace una d\u00e9cada. Este negocio, que <i>Delta<\/i> financiar\u00e1 en parte con nuevas emisiones de deuda. Este negocio podr\u00eda cambiar la situaci\u00f3n del mercado de aerol\u00edneas en Am\u00e9rica Latina.<\/p>\n<p><i>Delta<\/i> espera que no haya obst\u00e1culos regulatorios para su vinculaci\u00f3n con <i>LATAM,<\/i> donde obtendr\u00e1 representaci\u00f3n en la junta directiva y prev\u00e9 importante crecimiento para ambas compa\u00f1\u00edas.<\/p>\n<p>El CEO de <i>LATAM Airlines Group,<\/i> <b>Enrique Cueto<\/b>, en informaci\u00f3n publicada en Santiago, dijo: \u201cesta alianza fortalece a <i>LATAM<\/i> y brinda la mejor conectividad a los pasajeros a trav\u00e9s de nuestras redes de destinos altamente complementarias\u201d.<\/p>\n<p>Como consecuencia inmediata de esta asociaci\u00f3n, se espera que <i>LATAM <\/i>abandone la alianza <i>Oneworld.<\/i><\/p>\n<p><em><span class=\"Apple-converted-space\"><a href=\"mailto:victoriagprado@gmail.com\" target=\"_blank\" rel=\"noopener noreferrer\">victoriagprado@gmail.com<\/a><br \/>\nTwitter: <a href=\"https:\/\/twitter.com\/victoriagprado\" target=\"_blank\" rel=\"noopener noreferrer\">@victoriagprado<\/a><\/span><\/em><\/p>\n","protected":false},"excerpt":{"rendered":"<p>La palabra \u201cpaella\u201d no es s\u00f3lo el guiso que todos conocemos: arroz amarillo \u2014por el azafr\u00e1n\u2014, mariscos y carnes, significa \u201csart\u00e9n\u201d en valenciano y en ella se pueden cocinar muchas cosas. Este recipiente s\u00f3lo prest\u00f3 su nombre al platillo que imaginamos al o\u00edr \u201cpaella\u201d, y paella se llama a cualquier arroz que se cueza o guise en \u00e9l.<\/p>\n","protected":false},"author":1,"featured_media":444307,"comment_status":"open","ping_status":"open","sticky":false,"template":"","format":"standard","meta":{"_monsterinsights_skip_tracking":false,"_monsterinsights_sitenote_active":false,"_monsterinsights_sitenote_note":"","_monsterinsights_sitenote_category":0,"footnotes":""},"categories":[11],"tags":[107,43674,43681,106],"class_list":["post-444306","post","type-post","status-publish","format-standard","has-post-thumbnail","hentry","category-turismo","tag-de-cinco-estrellas","tag-opinion","tag-turismo","tag-victoria-gonzalez-prado"],"_links":{"self":[{"href":"https:\/\/www.diarioimagen.net\/index.php?rest_route=\/wp\/v2\/posts\/444306","targetHints":{"allow":["GET"]}}],"collection":[{"href":"https:\/\/www.diarioimagen.net\/index.php?rest_route=\/wp\/v2\/posts"}],"about":[{"href":"https:\/\/www.diarioimagen.net\/index.php?rest_route=\/wp\/v2\/types\/post"}],"author":[{"embeddable":true,"href":"https:\/\/www.diarioimagen.net\/index.php?rest_route=\/wp\/v2\/users\/1"}],"replies":[{"embeddable":true,"href":"https:\/\/www.diarioimagen.net\/index.php?rest_route=%2Fwp%2Fv2%2Fcomments&post=444306"}],"version-history":[{"count":0,"href":"https:\/\/www.diarioimagen.net\/index.php?rest_route=\/wp\/v2\/posts\/444306\/revisions"}],"wp:featuredmedia":[{"embeddable":true,"href":"https:\/\/www.diarioimagen.net\/index.php?rest_route=\/wp\/v2\/media\/444307"}],"wp:attachment":[{"href":"https:\/\/www.diarioimagen.net\/index.php?rest_route=%2Fwp%2Fv2%2Fmedia&parent=444306"}],"wp:term":[{"taxonomy":"category","embeddable":true,"href":"https:\/\/www.diarioimagen.net\/index.php?rest_route=%2Fwp%2Fv2%2Fcategories&post=444306"},{"taxonomy":"post_tag","embeddable":true,"href":"https:\/\/www.diarioimagen.net\/index.php?rest_route=%2Fwp%2Fv2%2Ftags&post=444306"}],"curies":[{"name":"wp","href":"https:\/\/api.w.org\/{rel}","templated":true}]}}