{"id":444345,"date":"2019-09-30T00:02:45","date_gmt":"2019-09-30T05:02:45","guid":{"rendered":"https:\/\/www.diarioimagen.net\/?p=444345"},"modified":"2019-09-30T08:12:12","modified_gmt":"2019-09-30T13:12:12","slug":"suteym-y-gobierno-trabajan-por-los-naucalpenses","status":"publish","type":"post","link":"https:\/\/www.diarioimagen.net\/?p=444345","title":{"rendered":"SUTEyM y gobierno trabajan por los naucalpenses"},"content":{"rendered":"<ul>\n<li><strong><em>Desp\u00faes de cambios en diversas \u00e1reas<\/em><\/strong><\/li>\n<\/ul>\n<p>&nbsp;<\/p>\n<div id=\"attachment_444436\" style=\"width: 470px\" class=\"wp-caption aligncenter\"><a href=\"https:\/\/www.diarioimagen.net\/?attachment_id=444436\" rel=\"attachment wp-att-444436\"><img loading=\"lazy\" decoding=\"async\" aria-describedby=\"caption-attachment-444436\" class=\"size-large wp-image-444436\" src=\"https:\/\/www.diarioimagen.net\/wp-content\/uploads\/2019\/09\/NAUCALPAN--460x259.jpg\" alt=\"\" width=\"460\" height=\"259\" srcset=\"https:\/\/www.diarioimagen.net\/wp-content\/uploads\/2019\/09\/NAUCALPAN--460x259.jpg 460w, https:\/\/www.diarioimagen.net\/wp-content\/uploads\/2019\/09\/NAUCALPAN--240x135.jpg 240w, https:\/\/www.diarioimagen.net\/wp-content\/uploads\/2019\/09\/NAUCALPAN--235x132.jpg 235w, https:\/\/www.diarioimagen.net\/wp-content\/uploads\/2019\/09\/NAUCALPAN--202x114.jpg 202w, https:\/\/www.diarioimagen.net\/wp-content\/uploads\/2019\/09\/NAUCALPAN--350x196.jpg 350w, https:\/\/www.diarioimagen.net\/wp-content\/uploads\/2019\/09\/NAUCALPAN--220x123.jpg 220w, https:\/\/www.diarioimagen.net\/wp-content\/uploads\/2019\/09\/NAUCALPAN--237x132.jpg 237w, https:\/\/www.diarioimagen.net\/wp-content\/uploads\/2019\/09\/NAUCALPAN-.jpg 480w\" sizes=\"auto, (max-width: 460px) 100vw, 460px\" \/><\/a><p id=\"caption-attachment-444436\" class=\"wp-caption-text\">Tom\u00e1s Palomares Parra, secretario general del SUTEyM, asegur\u00f3 que se trabaja en favor de todos y cada unos de los naucalpenses.<\/p><\/div>\n<p>&nbsp;<\/p>\n<p><strong>Naucalpan, Estado de M\u00e9xico<\/strong>.- Luego de que la presidenta municipal\u00a0\u00a0de \u00e9sta localidad, Patricia Dur\u00e1n Reveles, realizara algunos cambios de funcionarios en diversas \u00e1reas de gobierno,\u00a0\u00a0en entrevista, Tom\u00e1s Palomares Parra, secretario general del Sindicato \u00danico de Trabajadores del Estado y sus Municipios (SUTEyM), asegur\u00f3 que ese gremio sindical, sigue y seguir\u00e1 trabajando en favor de todos y cada unos de los naucalpenses.<\/p>\n<p>\u201cNosotros como sindicato, hemos venido trabajando de la mano de la administraci\u00f3n, con quien la presidenta municipal, Patricia Dur\u00e1n Reveles, ha tenido a bien nombrar como funcionarios\u00a0\u00a0en su administraci\u00f3n. Y hemos encontrado las coincidencias para qu\u00e9 el municipio no frene el servicio que ha prestado a la ciudadan\u00eda\u201d, afirm\u00f3 Palomares Parra.<\/p>\n<p>Entrevistado en sus oficinas del SUTEyM, el dirigente sindical, destac\u00f3 que \u201clos cambios\u00a0son y ser\u00e1n algo que se puede dar en cualquier momento, pues a los funcionarios que les toque dejar el cargo por alguna raz\u00f3n, les deseamos \u00e9xito \u00a0en sus proyectos futuros y, desde luego, les agradecemos el trabajo que hicimos de la mano con el sindicato, pues hay que reconocer que fueron un factor importante para que las cosas puedan transitar hasta hoy de \u00e9sta manera\u201d, asegur\u00f3.<\/p>\n<p>En cuanto a los nuevos funcionarios de la gesti\u00f3n de la alcaldesa Patricia Dur\u00e1n Reveles, Palomares Parra, fue claro al destacar que \u201ca quienes lleguen a los cargos que se quedar\u00e1n vacantes, en las diferentes \u00e1reas\u00a0de la administraci\u00f3n municipal , les hacemos la invitaci\u00f3n \u00a0que sigamos en \u00e9sta din\u00e1mica de trabajo y de \u00a0coordinaci\u00f3n entre el gobierno municipal y el sindicato , en la l\u00ednea que hemos\u00a0mantenido ,\u00a0\u00a0quienes encabezamos ambas instituciones que son la presidenta municipal Patricia Dur\u00e1n y su servidor\u201d, dijo.<\/p>\n<p>Tom\u00e1s Palomares, reconoci\u00f3 que \u201cel servicio p\u00fablico, es la mejor manera en que podemos\u00a0brindarle a la ciudadan\u00eda lo que se merece, y cuando trabajamos en coordinaci\u00f3n, los servicios mejoran \u00a0la ciudadan\u00eda est\u00e1 m\u00e1s agradecida y m\u00e1s contenta y cumplimos con la finalidad que es el servicio p\u00fablico\u201d, puntualiz\u00f3.<\/p>\n<p>Sobre el particular, los nuevos servidores p\u00fablicos, entrevistados por separado, aseguraron que \u00a0uno de los objetivos primordiales es el de brindar un mejor servicio p\u00fablico y que mejor que sea de quienes son el cimiento de la actual administraci\u00f3n como lo son los agremiados al SUTEyM de Naucalpan.<\/p>\n<p>\u201cLo que no puede cambiar y seguiremos en la misma l\u00ednea,\u00a0\u00a0precisamente de la mano de los agremiados al SUTeyM , es el servir a todos y cada uno de\u00a0\u00a0los habitantes\u00a0\u00a0de Nauicalpan\u201d, dijo Mauricio Aguirre, quien fue nombrado secretario de gobierno.<\/p>\n","protected":false},"excerpt":{"rendered":"<p>Luego de que la presidenta municipal\u00a0\u00a0de \u00e9sta localidad, Patricia Dur\u00e1n Reveles, realizara algunos cambios de funcionarios en diversas \u00e1reas de gobierno,\u00a0\u00a0en entrevista, Tom\u00e1s Palomares Parra, secretario general del Sindicato \u00danico de Trabajadores del Estado y sus Municipios (SUTEyM), asegur\u00f3 que ese gremio sindical, sigue y seguir\u00e1 trabajando en favor de todos y cada unos de los naucalpenses.<\/p>\n","protected":false},"author":3,"featured_media":444436,"comment_status":"open","ping_status":"open","sticky":false,"template":"","format":"standard","meta":{"_monsterinsights_skip_tracking":false,"_monsterinsights_sitenote_active":false,"_monsterinsights_sitenote_note":"","_monsterinsights_sitenote_category":0,"footnotes":""},"categories":[5],"tags":[43675,970,2572,56429],"class_list":["post-444345","post","type-post","status-publish","format-standard","has-post-thumbnail","hentry","category-estado-de-mexico","tag-estado-de-mexico","tag-naucalpan","tag-suteym","tag-tomas-palomares-parra"],"_links":{"self":[{"href":"https:\/\/www.diarioimagen.net\/index.php?rest_route=\/wp\/v2\/posts\/444345","targetHints":{"allow":["GET"]}}],"collection":[{"href":"https:\/\/www.diarioimagen.net\/index.php?rest_route=\/wp\/v2\/posts"}],"about":[{"href":"https:\/\/www.diarioimagen.net\/index.php?rest_route=\/wp\/v2\/types\/post"}],"author":[{"embeddable":true,"href":"https:\/\/www.diarioimagen.net\/index.php?rest_route=\/wp\/v2\/users\/3"}],"replies":[{"embeddable":true,"href":"https:\/\/www.diarioimagen.net\/index.php?rest_route=%2Fwp%2Fv2%2Fcomments&post=444345"}],"version-history":[{"count":0,"href":"https:\/\/www.diarioimagen.net\/index.php?rest_route=\/wp\/v2\/posts\/444345\/revisions"}],"wp:featuredmedia":[{"embeddable":true,"href":"https:\/\/www.diarioimagen.net\/index.php?rest_route=\/wp\/v2\/media\/444436"}],"wp:attachment":[{"href":"https:\/\/www.diarioimagen.net\/index.php?rest_route=%2Fwp%2Fv2%2Fmedia&parent=444345"}],"wp:term":[{"taxonomy":"category","embeddable":true,"href":"https:\/\/www.diarioimagen.net\/index.php?rest_route=%2Fwp%2Fv2%2Fcategories&post=444345"},{"taxonomy":"post_tag","embeddable":true,"href":"https:\/\/www.diarioimagen.net\/index.php?rest_route=%2Fwp%2Fv2%2Ftags&post=444345"}],"curies":[{"name":"wp","href":"https:\/\/api.w.org\/{rel}","templated":true}]}}