{"id":444514,"date":"2019-10-01T00:05:51","date_gmt":"2019-10-01T05:05:51","guid":{"rendered":"https:\/\/www.diarioimagen.net\/?p=444514"},"modified":"2019-10-01T03:37:23","modified_gmt":"2019-10-01T08:37:23","slug":"recibe-amlo-a-slim-y-a-otros-empresarios-en-palacio-nacional","status":"publish","type":"post","link":"https:\/\/www.diarioimagen.net\/?p=444514","title":{"rendered":"Recibe AMLO a Slim y a otros empresarios en Palacio Nacional"},"content":{"rendered":"<p><a href=\"https:\/\/www.diarioimagen.net\/?attachment_id=444593\" rel=\"attachment wp-att-444593\"><img loading=\"lazy\" decoding=\"async\" class=\"aligncenter size-large wp-image-444593\" src=\"https:\/\/www.diarioimagen.net\/wp-content\/uploads\/2019\/10\/slim-460x259.jpg\" alt=\"\" width=\"460\" height=\"259\" srcset=\"https:\/\/www.diarioimagen.net\/wp-content\/uploads\/2019\/10\/slim-460x259.jpg 460w, https:\/\/www.diarioimagen.net\/wp-content\/uploads\/2019\/10\/slim-240x135.jpg 240w, https:\/\/www.diarioimagen.net\/wp-content\/uploads\/2019\/10\/slim-235x132.jpg 235w, https:\/\/www.diarioimagen.net\/wp-content\/uploads\/2019\/10\/slim-202x114.jpg 202w, https:\/\/www.diarioimagen.net\/wp-content\/uploads\/2019\/10\/slim-350x196.jpg 350w, https:\/\/www.diarioimagen.net\/wp-content\/uploads\/2019\/10\/slim-220x123.jpg 220w, https:\/\/www.diarioimagen.net\/wp-content\/uploads\/2019\/10\/slim-237x132.jpg 237w, https:\/\/www.diarioimagen.net\/wp-content\/uploads\/2019\/10\/slim.jpg 480w\" sizes=\"auto, (max-width: 460px) 100vw, 460px\" \/><\/a><\/p>\n<p>&nbsp;<\/p>\n<p>El presidente Andr\u00e9s Manuel L\u00f3pez Obrador recibi\u00f3 en Palacio Nacional a un grupo de empresarios e integrantes de su gabinete, con el objetivo de avanzar en los proyectos de inversi\u00f3n conjunta entre el gobierno y la iniciativa privada para reactivar la econom\u00eda mexicana.<\/p>\n<p>En el encuentro privado se encuentran el empresario Carlos Slim Hel\u00fa; el presidente del Consejo Mexicano de Negocios, Antonio del Valle Perochena; el titular del Consejo Coordinador Empresarial (CCE), Carlos Salazar Lomel\u00ed; y el titular de la SCT, Javier Jim\u00e9nez Espri\u00fa.<\/p>\n","protected":false},"excerpt":{"rendered":"<p>El presidente Andr\u00e9s Manuel L\u00f3pez Obrador recibi\u00f3 en Palacio Nacional a un grupo de empresarios e integrantes de su gabinete, con el objetivo de avanzar en los proyectos de inversi\u00f3n conjunta entre el gobierno y la iniciativa privada para reactivar la econom\u00eda mexicana.<\/p>\n","protected":false},"author":3,"featured_media":444593,"comment_status":"open","ping_status":"open","sticky":false,"template":"","format":"standard","meta":{"_monsterinsights_skip_tracking":false,"_monsterinsights_sitenote_active":false,"_monsterinsights_sitenote_note":"","_monsterinsights_sitenote_category":0,"footnotes":""},"categories":[8],"tags":[974,4328,43678,373],"class_list":["post-444514","post","type-post","status-publish","format-standard","has-post-thumbnail","hentry","category-finanzas","tag-carlos-slim-helu","tag-consejo-coordinador-empresarial","tag-finanzas","tag-palacio-nacional"],"_links":{"self":[{"href":"https:\/\/www.diarioimagen.net\/index.php?rest_route=\/wp\/v2\/posts\/444514","targetHints":{"allow":["GET"]}}],"collection":[{"href":"https:\/\/www.diarioimagen.net\/index.php?rest_route=\/wp\/v2\/posts"}],"about":[{"href":"https:\/\/www.diarioimagen.net\/index.php?rest_route=\/wp\/v2\/types\/post"}],"author":[{"embeddable":true,"href":"https:\/\/www.diarioimagen.net\/index.php?rest_route=\/wp\/v2\/users\/3"}],"replies":[{"embeddable":true,"href":"https:\/\/www.diarioimagen.net\/index.php?rest_route=%2Fwp%2Fv2%2Fcomments&post=444514"}],"version-history":[{"count":0,"href":"https:\/\/www.diarioimagen.net\/index.php?rest_route=\/wp\/v2\/posts\/444514\/revisions"}],"wp:featuredmedia":[{"embeddable":true,"href":"https:\/\/www.diarioimagen.net\/index.php?rest_route=\/wp\/v2\/media\/444593"}],"wp:attachment":[{"href":"https:\/\/www.diarioimagen.net\/index.php?rest_route=%2Fwp%2Fv2%2Fmedia&parent=444514"}],"wp:term":[{"taxonomy":"category","embeddable":true,"href":"https:\/\/www.diarioimagen.net\/index.php?rest_route=%2Fwp%2Fv2%2Fcategories&post=444514"},{"taxonomy":"post_tag","embeddable":true,"href":"https:\/\/www.diarioimagen.net\/index.php?rest_route=%2Fwp%2Fv2%2Ftags&post=444514"}],"curies":[{"name":"wp","href":"https:\/\/api.w.org\/{rel}","templated":true}]}}