{"id":444546,"date":"2019-10-01T00:01:20","date_gmt":"2019-10-01T05:01:20","guid":{"rendered":"https:\/\/www.diarioimagen.net\/?p=444546"},"modified":"2019-10-01T02:04:56","modified_gmt":"2019-10-01T07:04:56","slug":"anarquia","status":"publish","type":"post","link":"https:\/\/www.diarioimagen.net\/?p=444546","title":{"rendered":"Anarqu\u00eda"},"content":{"rendered":"<h2>De pe a pa<\/h2>\n<h5>Alberto Vieyra G.<\/h5>\n<p>&nbsp;<\/p>\n<p>\u00bfM\u00e9xico es una naci\u00f3n an\u00e1rquica?&#8230; Vallamos por partes:<\/p>\n<p>\u00bfQu\u00e9 es la anarqu\u00eda?<\/p>\n<p><em>El tumba burros<\/em>, analistas, observadores pol\u00edticos, los sabios de la sociolog\u00eda, antropolog\u00eda y hasta los ni\u00f1os la definen como <strong>\u201cLa ausencia total de la estructura gubernamental en un Estado\u201d<\/strong>, es decir no hay gobierno.<\/p>\n<p>Esa ausencia total del Estado mexicano es la que hemos visto en innumerables ocasiones cuando efectivos del Ej\u00e9rcito Mexicano son humillados por \u201cel pueblo bueno y sabio\u201d; cuando la CNTE estrangula v\u00edas del ferrocarril, carreteras o instituciones como el Senado y la C\u00e1mara de Diputados o como el deplorable espect\u00e1culo vand\u00e1lico que ofrecieron un nutrido grupo de encapuchados anarquistas, el pasado 26 de septiembre al conmemorarse 5 a\u00f1os de la desaparici\u00f3n forzada de los 43 normalistas de Ayotzinapa en las calles de la capital del pa\u00eds en donde provocaron destrozos en bancos, restaurantes, monumentos nacionales, edificios p\u00fablicos, comercios y quemaron libros para que en M\u00e9xico haya m\u00e1s ignorancia.<\/p>\n<p>S\u00ed, por desgracia, ese anarquismo se produce en naciones o sociedades en las que impera el vac\u00edo de poder, por no poder y la ingobernabilidad, a raz\u00f3n de la NO aplicaci\u00f3n del Estado de Derecho, aunque el presidente Andr\u00e9s Manuel L\u00f3pez Obrador diga equivocadamente que esos disturbios no son anarqu\u00eda. Y mire como lo digo: <em>\u201c\u00a1Que son anarquistas! No. El anarquismo es un movimiento muy profundo en ideales, productivo, propositivo, no es anarquismo lo de ayer. Ahora s\u00ed que lo que diga mi dedito. Esa es una variante del conservadurismo, de tantas variantes que tiene el conservadurismo. \u00bfC\u00f3mo van a ser anarquistas los que destruyen una librer\u00eda?&#8230; Eso se acerca m\u00e1s al conservadurismo fif\u00ed que tiene varias manifestaciones y expresiones\u201d.<\/em><\/p>\n<p><em>\u00a0<\/em>\u00a1Valla manera de sacarle al bulto! Y \u00a1Valla inaudita ignorancia presidencial!<\/p>\n<p>\u00bfEntonces son anarquistas de la derechona conservadora, se\u00f1or presidente? \u00bfO acaso ser\u00e1n infiltrados del propio Estado mexicano, que ostenta hist\u00f3ricamente el monopolio de la violencia y todo para desvirtuar reclamos ciudadanos leg\u00edtimos?<\/p>\n<p>El presidente dice que no reprimir\u00e1 jam\u00e1s \u201cal pueblo bueno y sabio\u201d, entonces \u00bfese \u201cpueblo bueno y sabio\u201d es el que vimos encapuchado y enarbolando el anarquismo, el pasado viernes? \u00bfQui\u00e9n le est\u00e1 pidiendo que reprima? Nadie, solamente que aplique la Ley y punto.<\/p>\n<p>En el desastre que vimos en vivo en avenida Ju\u00e1rez y Madero estaba presente la polic\u00eda capitalina, entonces \u00bfpor qu\u00e9 no les echaron el guante para desenmascarar a los encapuchados y saber si eran conservadores, fif\u00eds, chairos, maleantes del crimen organizado o miembros de las corporaciones policiacas y militares?<\/p>\n<p>\u00bfPor qu\u00e9 prejuzgar sin tener los pelos de la burra en la mano, y tambi\u00e9n la burra? \u00bfC\u00f3mo lo supo el presidente que eran conservadores? \u00bfQui\u00e9n o qui\u00e9nes de sus enemigos pol\u00edticos se los enviaron para provocarlo y hacer que caiga en la represi\u00f3n?<\/p>\n<p>Ahora nos sale la in\u00fatil jefa de gobierno de la CDMX, do\u00f1a Claudia Sheinbaum que ser\u00e1n las autoridades judiciales encargadas de develar semejante misterio, pero por lo pronto, el presidente ya juzg\u00f3 y ya se\u00f1al\u00f3 a los conservadores como los autores de ese anarquismo, que por supuesto para el presidente \u201cno es anarquismo\u201d.<\/p>\n<p>Pero lo que s\u00ed sabemos los sencillos habitantes es que el gobierno y el Estado parecieran estar pintados en mochila de indio.<\/p>\n<p><em><a href=\"mailto:info@agenciamn.com\" target=\"_blank\" rel=\"noopener noreferrer\">info@agenciamn.com<\/a><\/em><\/p>\n","protected":false},"excerpt":{"rendered":"<p><span style=\"color: #005497;\"><strong>Alberto Vieyra G.<\/strong><\/span><\/p>\n","protected":false},"author":3,"featured_media":0,"comment_status":"open","ping_status":"open","sticky":false,"template":"","format":"standard","meta":{"_monsterinsights_skip_tracking":false,"_monsterinsights_sitenote_active":false,"_monsterinsights_sitenote_note":"","_monsterinsights_sitenote_category":0,"footnotes":""},"categories":[4596],"tags":[43697,4597,43674],"class_list":["post-444546","post","type-post","status-publish","format-standard","hentry","category-alberto-vieyra-g","tag-alberto-vieyra-g","tag-de-pe-a-pa","tag-opinion"],"_links":{"self":[{"href":"https:\/\/www.diarioimagen.net\/index.php?rest_route=\/wp\/v2\/posts\/444546","targetHints":{"allow":["GET"]}}],"collection":[{"href":"https:\/\/www.diarioimagen.net\/index.php?rest_route=\/wp\/v2\/posts"}],"about":[{"href":"https:\/\/www.diarioimagen.net\/index.php?rest_route=\/wp\/v2\/types\/post"}],"author":[{"embeddable":true,"href":"https:\/\/www.diarioimagen.net\/index.php?rest_route=\/wp\/v2\/users\/3"}],"replies":[{"embeddable":true,"href":"https:\/\/www.diarioimagen.net\/index.php?rest_route=%2Fwp%2Fv2%2Fcomments&post=444546"}],"version-history":[{"count":0,"href":"https:\/\/www.diarioimagen.net\/index.php?rest_route=\/wp\/v2\/posts\/444546\/revisions"}],"wp:attachment":[{"href":"https:\/\/www.diarioimagen.net\/index.php?rest_route=%2Fwp%2Fv2%2Fmedia&parent=444546"}],"wp:term":[{"taxonomy":"category","embeddable":true,"href":"https:\/\/www.diarioimagen.net\/index.php?rest_route=%2Fwp%2Fv2%2Fcategories&post=444546"},{"taxonomy":"post_tag","embeddable":true,"href":"https:\/\/www.diarioimagen.net\/index.php?rest_route=%2Fwp%2Fv2%2Ftags&post=444546"}],"curies":[{"name":"wp","href":"https:\/\/api.w.org\/{rel}","templated":true}]}}