{"id":444877,"date":"2019-10-03T00:07:31","date_gmt":"2019-10-03T05:07:31","guid":{"rendered":"https:\/\/www.diarioimagen.net\/?p=444877"},"modified":"2019-10-03T05:46:34","modified_gmt":"2019-10-03T10:46:34","slug":"pensiones-de-trabajadores-estan-seguras-afirma-lopez-obrador","status":"publish","type":"post","link":"https:\/\/www.diarioimagen.net\/?p=444877","title":{"rendered":"Pensiones de trabajadores est\u00e1n seguras, afirma L\u00f3pez Obrador"},"content":{"rendered":"<ul>\n<li><em><strong>Garantiza que no aumentar\u00e1 la edad de jubilaci\u00f3n<\/strong><\/em><\/li>\n<\/ul>\n<p><strong>\u00a0<\/strong><\/p>\n<div id=\"attachment_444878\" style=\"width: 470px\" class=\"wp-caption aligncenter\"><img loading=\"lazy\" decoding=\"async\" aria-describedby=\"caption-attachment-444878\" class=\"size-large wp-image-444878\" src=\"https:\/\/www.diarioimagen.net\/wp-content\/uploads\/2019\/10\/AHORROS3-por-460x268.jpg\" alt=\"\" width=\"460\" height=\"268\" srcset=\"https:\/\/www.diarioimagen.net\/wp-content\/uploads\/2019\/10\/AHORROS3-por-460x268.jpg 460w, https:\/\/www.diarioimagen.net\/wp-content\/uploads\/2019\/10\/AHORROS3-por-240x140.jpg 240w, https:\/\/www.diarioimagen.net\/wp-content\/uploads\/2019\/10\/AHORROS3-por.jpg 480w\" sizes=\"auto, (max-width: 460px) 100vw, 460px\" \/><p id=\"caption-attachment-444878\" class=\"wp-caption-text\">Andr\u00e9s Manuel L\u00f3pez Obrador asegur\u00f3 que las pensiones de los trabajadores est\u00e1n seguras y no ser\u00e1n utilizadas para financiar alg\u00fan proyecto del gobierno.<\/p><\/div>\n<p>&nbsp;<\/p>\n<p>El presidente Andr\u00e9s Manuel L\u00f3pez Obrador asegur\u00f3 que las pensiones de los trabajadores est\u00e1n seguras y no ser\u00e1n utilizadas para financiar alg\u00fan proyecto del gobierno, adem\u00e1s de que no aumentar\u00e1 la edad de jubilaci\u00f3n.<\/p>\n<p>Sin embargo, durante su conferencia de prensa, anunci\u00f3 que se reestructurar\u00e1 el plan de pensiones, para lo cual, durante su gobierno, se llevar\u00e1 a cabo una reforma, \u201cno ahora, porque tenemos que analizarlo bien, y no va a significar afectar a los trabajadores\u201d, enfatiz\u00f3.<\/p>\n<p>\u201cDecir a los trabajadores que no se preocupen, vamos a cuidar sus ahorros y a buscar que les rindan m\u00e1s. Nosotros los representamos y nos los vamos a perjudicar, vamos a buscar la forma de que tengan un incentivo, una jubilaci\u00f3n digna como lo merecen\u201d, indic\u00f3 L\u00f3pez Obrador.<\/p>\n<p>En conferencia de prensa, enfatiz\u00f3 que \u00abno tenemos ning\u00fan proyecto para financiar con pensiones al gobierno porque no queremos ning\u00fan riesgo y s\u00ed buscar la manera de llevar a cabo una reforma&#8230; Y de una vez lo digo: no va a aumentar la edad de jubilaci\u00f3n, para que quede claro\u00bb, expres\u00f3.<\/p>\n<p>El mandatario federal refrend\u00f3 que en su gobierno no se afectar\u00e1 a los trabajadores en nada, aunque se\u00f1al\u00f3 que s\u00ed se tiene que buscar un mecanismo de reestructuraci\u00f3n de pensiones, de reingenier\u00eda financiera, para bajar el costo financiero.<\/p>\n<p>Incluso, asever\u00f3 que M\u00e9xico enfrenta condiciones econ\u00f3micas favorables y \u201clos empresarios con los que nos estamos reuniendo, los que le saben a esto, est\u00e1n se\u00f1alando que es un momento importante para M\u00e9xico porque las tasas de inter\u00e9s en el mundo est\u00e1n bajas\u201d.<\/p>\n<p>Entonces, abund\u00f3, tememos ventajas importantes, se le tiene confianza al gobierno, saben los banqueros internacionales, los financieros de que hay un verdadero Estado de Derecho, que el gobierno cumple con sus compromisos, aunque \u201calgunos ya se les olvid\u00f3 porque luego se ponen a pelear y se obnubilan\u201d.<\/p>\n<p>En ese sentido, L\u00f3pez Obrador record\u00f3 que al inicio de su gobierno, tras la cancelaci\u00f3n de la construcci\u00f3n del aeropuerto de Texcoco, se hicieron varios compromisos \u201cy cumplimos al 100 por ciento. Todo, no se le qued\u00f3 a deber a nadie y lo que ofrecemos se cumple. Lo saben los financieros, hay confianza en M\u00e9xico\u201d.<\/p>\n<p>Por otra parte, reiter\u00f3 su confianza en que se aprobar\u00e1 el Tratado Comercial entre M\u00e9xico, Estados Unidos y Canad\u00e1 en los congresos de ambas naciones, como ya lo hizo nuestro pa\u00eds. Ello, independientemente de la situaci\u00f3n que se vive en l uni\u00f3n americana, \u201ctengo informaci\u00f3n que los dos partidos (Dem\u00f3crata y Republicado), ven con buenos ojos que se apruebe\u201d.<\/p>\n<p>Coment\u00f3 que la aprobaci\u00f3n del Tratado se dar\u00e1 independientemente de sus diferencias pol\u00edticas y econ\u00f3micas, porque representa grandes beneficios para la econom\u00eda de las tres naciones. \u201cTodo eso ayuda que haya una actitud favorable y positiva para M\u00e9xico y vamos a seguir manteniendo a esto\u201d, concluy\u00f3.<\/p>\n<p style=\"text-align: center;\"><strong>\u201cNo hay asomo alguno de recesi\u00f3n\u201d<\/strong><\/p>\n<p>El presidente L\u00f3pez Obrador descart\u00f3 que exista riesgo de recesi\u00f3n econ\u00f3mica en M\u00e9xico, como pronosticaban sus adversarios, y resalt\u00f3 el respaldo de organismos internacionales.<\/p>\n<p>\u00abNo tenemos ning\u00fan asomo de crisis o recesi\u00f3n. Se hablaba de que se pod\u00eda caer en recesi\u00f3n, de que nos iban a bajar las calificadoras, pero ahora ya nada de eso es noticia\u00bb, se\u00f1al\u00f3 durante su conferncia de prensa matutina.<\/p>\n<p>El mandatario afirm\u00f3 que incluso ese fue uno de los argumentos del Banco de M\u00e9xico para bajar las tasas de inter\u00e9s, \u00abque la econom\u00eda est\u00e1 s\u00f3lida\u00bb.<\/p>\n<p>\u00abLo del Fondo Monetario Internacional (FMI) es por eso, ellos est\u00e1n dando la confianza al Gobierno de M\u00e9xico\u00bb, agreg\u00f3 tras resaltar que \u00abnosotros tenemos un compromiso de no aumentar la deuda\u00bb.<\/p>\n<p>\u00abNo estamos financiando el gasto con deuda, se est\u00e1 financiando fundamentalmente con los ahorros (en el presupuesto), con no permitir la corrupci\u00f3n y con un gobierno austero, sin excesos\u00bb, argument\u00f3.<\/p>\n","protected":false},"excerpt":{"rendered":"<p>El presidente Andr\u00e9s Manuel L\u00f3pez Obrador asegur\u00f3 que las pensiones de los trabajadores est\u00e1n seguras y no ser\u00e1n utilizadas para financiar alg\u00fan proyecto del gobierno, adem\u00e1s de que no aumentar\u00e1 la edad de jubilaci\u00f3n.<\/p>\n","protected":false},"author":1,"featured_media":444878,"comment_status":"open","ping_status":"open","sticky":false,"template":"","format":"standard","meta":{"_monsterinsights_skip_tracking":false,"_monsterinsights_sitenote_active":false,"_monsterinsights_sitenote_note":"","_monsterinsights_sitenote_category":0,"footnotes":""},"categories":[8],"tags":[88010,1352,43678,88011],"class_list":["post-444877","post","type-post","status-publish","format-standard","has-post-thumbnail","hentry","category-finanzas","tag-ahorros","tag-andres-manuel-lopez-obrador","tag-finanzas","tag-jubilacion"],"_links":{"self":[{"href":"https:\/\/www.diarioimagen.net\/index.php?rest_route=\/wp\/v2\/posts\/444877","targetHints":{"allow":["GET"]}}],"collection":[{"href":"https:\/\/www.diarioimagen.net\/index.php?rest_route=\/wp\/v2\/posts"}],"about":[{"href":"https:\/\/www.diarioimagen.net\/index.php?rest_route=\/wp\/v2\/types\/post"}],"author":[{"embeddable":true,"href":"https:\/\/www.diarioimagen.net\/index.php?rest_route=\/wp\/v2\/users\/1"}],"replies":[{"embeddable":true,"href":"https:\/\/www.diarioimagen.net\/index.php?rest_route=%2Fwp%2Fv2%2Fcomments&post=444877"}],"version-history":[{"count":0,"href":"https:\/\/www.diarioimagen.net\/index.php?rest_route=\/wp\/v2\/posts\/444877\/revisions"}],"wp:featuredmedia":[{"embeddable":true,"href":"https:\/\/www.diarioimagen.net\/index.php?rest_route=\/wp\/v2\/media\/444878"}],"wp:attachment":[{"href":"https:\/\/www.diarioimagen.net\/index.php?rest_route=%2Fwp%2Fv2%2Fmedia&parent=444877"}],"wp:term":[{"taxonomy":"category","embeddable":true,"href":"https:\/\/www.diarioimagen.net\/index.php?rest_route=%2Fwp%2Fv2%2Fcategories&post=444877"},{"taxonomy":"post_tag","embeddable":true,"href":"https:\/\/www.diarioimagen.net\/index.php?rest_route=%2Fwp%2Fv2%2Ftags&post=444877"}],"curies":[{"name":"wp","href":"https:\/\/api.w.org\/{rel}","templated":true}]}}