{"id":444941,"date":"2019-10-03T00:05:28","date_gmt":"2019-10-03T05:05:28","guid":{"rendered":"https:\/\/www.diarioimagen.net\/?p=444941"},"modified":"2019-10-03T05:20:13","modified_gmt":"2019-10-03T10:20:13","slug":"la-uaem-abierta-a-toda-expresion-alfredo-barrera","status":"publish","type":"post","link":"https:\/\/www.diarioimagen.net\/?p=444941","title":{"rendered":"La UAEM, abierta a toda expresi\u00f3n: Alfredo Barrera"},"content":{"rendered":"<ul>\n<li><strong><em>Inauguran Segundo Modelo de Administraci\u00f3n P\u00fablica<\/em><\/strong><\/li>\n<\/ul>\n<p>&nbsp;<\/p>\n<div id=\"attachment_445033\" style=\"width: 470px\" class=\"wp-caption aligncenter\"><a href=\"https:\/\/www.diarioimagen.net\/?attachment_id=445033\" rel=\"attachment wp-att-445033\"><img loading=\"lazy\" decoding=\"async\" aria-describedby=\"caption-attachment-445033\" class=\"size-large wp-image-445033\" src=\"https:\/\/www.diarioimagen.net\/wp-content\/uploads\/2019\/10\/UAEM-2-460x259.jpg\" alt=\"\" width=\"460\" height=\"259\" srcset=\"https:\/\/www.diarioimagen.net\/wp-content\/uploads\/2019\/10\/UAEM-2-460x259.jpg 460w, https:\/\/www.diarioimagen.net\/wp-content\/uploads\/2019\/10\/UAEM-2-240x135.jpg 240w, https:\/\/www.diarioimagen.net\/wp-content\/uploads\/2019\/10\/UAEM-2-235x132.jpg 235w, https:\/\/www.diarioimagen.net\/wp-content\/uploads\/2019\/10\/UAEM-2-202x114.jpg 202w, https:\/\/www.diarioimagen.net\/wp-content\/uploads\/2019\/10\/UAEM-2-350x196.jpg 350w, https:\/\/www.diarioimagen.net\/wp-content\/uploads\/2019\/10\/UAEM-2-220x123.jpg 220w, https:\/\/www.diarioimagen.net\/wp-content\/uploads\/2019\/10\/UAEM-2-237x132.jpg 237w, https:\/\/www.diarioimagen.net\/wp-content\/uploads\/2019\/10\/UAEM-2.jpg 480w\" sizes=\"auto, (max-width: 460px) 100vw, 460px\" \/><\/a><p id=\"caption-attachment-445033\" class=\"wp-caption-text\">El rector afirm\u00f3 que la UAEM es una plataforma \u00f3ptima para respaldar las aportaciones de sus integrantes siempre y cuando se orienten al bien y respeten, como \u00fanico l\u00edmite, la dignidad humana.<\/p><\/div>\n<p>&nbsp;<\/p>\n<p><strong>Toluca, Estado de M\u00e9xico<\/strong>.\u2013 La Universidad Aut\u00f3noma del Estado de M\u00e9xico es un foro apropiado para expresar toda inquietud, una plataforma \u00f3ptima para respaldar las aportaciones de sus integrantes siempre y cuando se orienten al bien y respeten, como \u00fanico l\u00edmite, la dignidad humana, afirm\u00f3 el rector Alfredo Barrera Baca, al inaugurar el Segundo Modelo de Administraci\u00f3n P\u00fablica, organizado por estudiantes de la Facultad de Ciencias Pol\u00edticas y Sociales.<\/p>\n<p>En este espacio universitario, donde se dieron cita las diputadas federales Miroslava Carrillo Mart\u00ednez y Ruth Salinas Reyes, egresadas de esta casa de estudios, el rector manifest\u00f3 que la finalidad de este evento es que los alumnos pongan en pr\u00e1ctica los conocimientos que adquirieron en el aula y fortalezcan sus habilidades, mediante la soluci\u00f3n de problemas, a trav\u00e9s del debate, el an\u00e1lisis, la conciliaci\u00f3n y la construcci\u00f3n de consensos.<\/p>\n<p>\u201cEl verdadero esp\u00edritu de la Universidad es servir a la ciudadan\u00eda, crear, construir, proponer y atender a la sociedad, a la que nos debemos; generar desde la academia y la investigaci\u00f3n opciones de soluci\u00f3n a las dificultades que son preocupaci\u00f3n de todo mexicano\u201d, indic\u00f3 Alfredo Barrera Baca.<\/p>\n<p>El director de Ciencias Pol\u00edticas y Sociales, Marco Aurelio Cienfuegos Terr\u00f3n, sostuvo que este ejercicio acad\u00e9mico es producto de un c\u00famulo de esfuerzos y empe\u00f1os que emprendieron los estudiantes en los \u00faltimos meses.<\/p>\n<p>Expres\u00f3 que las instituciones de educaci\u00f3n superior tienen la oportunidad de contribuir, mediante la generaci\u00f3n de propuestas, al fortalecimiento del quehacer gubernamental, bajo enfoques innovadores e integrales que promuevan cambios en las pol\u00edticas, as\u00ed como la participaci\u00f3n de la sociedad civil en la construcci\u00f3n de la agenda p\u00fablica y toma de decisiones.<\/p>\n<p>\u201cActividades como la que hoy nos congrega se inscriben en el prop\u00f3sito de facilitar un n\u00famero creciente de oportunidades para que nuestros estudiantes pongan en pr\u00e1ctica sus conocimientos y habilidades de an\u00e1lisis cr\u00edtico de la realidad social y de la planeaci\u00f3n y organizaci\u00f3n de proyectos concretos y altamente pertinentes\u201d, asever\u00f3 el directivo.<\/p>\n<p>La estudiante Natali Ixchel T\u00e9llez Col\u00edn record\u00f3 que en una fecha tan emblem\u00e1tica para M\u00e9xico como es el 2 de octubre, los estudiantes universitarios se siguen expresando y haciendo propuestas para mejorar al pa\u00eds, en este caso, a trav\u00e9s de actividades como el Segundo Modelo de Administraci\u00f3n P\u00fablica.<\/p>\n","protected":false},"excerpt":{"rendered":"<p>La Universidad Aut\u00f3noma del Estado de M\u00e9xico es un foro apropiado para expresar toda inquietud, una plataforma \u00f3ptima para respaldar las aportaciones de sus integrantes siempre y cuando se orienten al bien y respeten, como \u00fanico l\u00edmite, la dignidad humana, afirm\u00f3 el rector Alfredo Barrera Baca, al inaugurar el Segundo Modelo de Administraci\u00f3n P\u00fablica, organizado por estudiantes de la Facultad de Ciencias Pol\u00edticas y Sociales.<\/p>\n","protected":false},"author":3,"featured_media":445033,"comment_status":"open","ping_status":"open","sticky":false,"template":"","format":"standard","meta":{"_monsterinsights_skip_tracking":false,"_monsterinsights_sitenote_active":false,"_monsterinsights_sitenote_note":"","_monsterinsights_sitenote_category":0,"footnotes":""},"categories":[5],"tags":[58572,43675,452,1491],"class_list":["post-444941","post","type-post","status-publish","format-standard","has-post-thumbnail","hentry","category-estado-de-mexico","tag-alfredo-barrera-baca","tag-estado-de-mexico","tag-toluca","tag-uaem"],"_links":{"self":[{"href":"https:\/\/www.diarioimagen.net\/index.php?rest_route=\/wp\/v2\/posts\/444941","targetHints":{"allow":["GET"]}}],"collection":[{"href":"https:\/\/www.diarioimagen.net\/index.php?rest_route=\/wp\/v2\/posts"}],"about":[{"href":"https:\/\/www.diarioimagen.net\/index.php?rest_route=\/wp\/v2\/types\/post"}],"author":[{"embeddable":true,"href":"https:\/\/www.diarioimagen.net\/index.php?rest_route=\/wp\/v2\/users\/3"}],"replies":[{"embeddable":true,"href":"https:\/\/www.diarioimagen.net\/index.php?rest_route=%2Fwp%2Fv2%2Fcomments&post=444941"}],"version-history":[{"count":0,"href":"https:\/\/www.diarioimagen.net\/index.php?rest_route=\/wp\/v2\/posts\/444941\/revisions"}],"wp:featuredmedia":[{"embeddable":true,"href":"https:\/\/www.diarioimagen.net\/index.php?rest_route=\/wp\/v2\/media\/445033"}],"wp:attachment":[{"href":"https:\/\/www.diarioimagen.net\/index.php?rest_route=%2Fwp%2Fv2%2Fmedia&parent=444941"}],"wp:term":[{"taxonomy":"category","embeddable":true,"href":"https:\/\/www.diarioimagen.net\/index.php?rest_route=%2Fwp%2Fv2%2Fcategories&post=444941"},{"taxonomy":"post_tag","embeddable":true,"href":"https:\/\/www.diarioimagen.net\/index.php?rest_route=%2Fwp%2Fv2%2Ftags&post=444941"}],"curies":[{"name":"wp","href":"https:\/\/api.w.org\/{rel}","templated":true}]}}