{"id":444957,"date":"2019-10-03T00:02:47","date_gmt":"2019-10-03T05:02:47","guid":{"rendered":"https:\/\/www.diarioimagen.net\/?p=444957"},"modified":"2019-10-03T05:25:10","modified_gmt":"2019-10-03T10:25:10","slug":"en-naucalpan-suteym-se-preocupa-por-la-salud-de-sus-agremiados-y-familias","status":"publish","type":"post","link":"https:\/\/www.diarioimagen.net\/?p=444957","title":{"rendered":"En Naucalpan, SUTEyM se preocupa\u00a0 por la salud de sus agremiados y familias"},"content":{"rendered":"<ul>\n<li><strong><em>Entrega de apoyos m\u00e9dicos hacia la clase trabajadora<\/em><\/strong><\/li>\n<\/ul>\n<p>&nbsp;<\/p>\n<div id=\"attachment_445042\" style=\"width: 470px\" class=\"wp-caption aligncenter\"><a href=\"https:\/\/www.diarioimagen.net\/?attachment_id=445042\" rel=\"attachment wp-att-445042\"><img loading=\"lazy\" decoding=\"async\" aria-describedby=\"caption-attachment-445042\" class=\"size-large wp-image-445042\" src=\"https:\/\/www.diarioimagen.net\/wp-content\/uploads\/2019\/10\/NAUCALPAN-OK-1-460x212.jpg\" alt=\"\" width=\"460\" height=\"212\" srcset=\"https:\/\/www.diarioimagen.net\/wp-content\/uploads\/2019\/10\/NAUCALPAN-OK-1-460x212.jpg 460w, https:\/\/www.diarioimagen.net\/wp-content\/uploads\/2019\/10\/NAUCALPAN-OK-1-240x111.jpg 240w, https:\/\/www.diarioimagen.net\/wp-content\/uploads\/2019\/10\/NAUCALPAN-OK-1.jpg 700w\" sizes=\"auto, (max-width: 460px) 100vw, 460px\" \/><\/a><p id=\"caption-attachment-445042\" class=\"wp-caption-text\">Tom\u00e1s Palomares Parra, secretario general del (SUTEyM) durante la entrega de apoyos m\u00e9dicos hacia la clase trabajadora.<\/p><\/div>\n<p>&nbsp;<\/p>\n<p><strong>Naucalpan, Estado de M\u00e9xico<\/strong>.- A nuestros compa\u00f1eros que hoy son beneficiados, gracias, muchas gracias por hacer esto posible, pues con su esfuerzo y empe\u00f1o, que cada d\u00eda imprimen en el cumplimiento de su deber,\u00a0 nos da la fortaleza para ir con la administraci\u00f3n e ir con la autoridad y solicitar lo que por derecho ya nos corresponde y pedirles que cumplan con los derechos institucionales. Sigamos as\u00ed trabajando pues es nuestra mejor carta de presentaci\u00f3n.<\/p>\n<p>Con estas palabras se expres\u00f3, Tom\u00e1s Palomares Parra, secretario general del Sindicato \u00danico de Trabajadores del Estado y sus Municipios (SUTEyM) durante el acto\u00a0 de entrega de apoyos m\u00e9dicos hacia la clase trabajadora, en la cual se vieron beneficiados decenas de trabajadores y sus familias con la entrega de sillas de ruedas, andaderas y aparatos auditivos.<\/p>\n<p>Palomares Parra fue claro al expresar que \u201cel SUTEyM es una gran instituci\u00f3n que ya tiene casi 81 a\u00f1os de vida y que est\u00e1 consolidada en los hombres y mujeres que tuvieron ese sue\u00f1o para generar una organizaci\u00f3n que fuera capaz de defender y representar a los trabajadores en sus derechos m\u00e1s importantes y a lo largo de estos a\u00f1os, hemos tenido un gran crecimiento y una aceptaci\u00f3n social impresionante, al menos aqu\u00ed en el Estado de M\u00e9xico, que es donde se encuentra nuestra organizaci\u00f3n\u201d, dijo.<\/p>\n<p>El dirigente de la secci\u00f3n Naucalpan del SUTEyM, afirm\u00f3 que han sido coadyuvantes con los gobiernos para generar estabilidad social y laboral y poder generar buenos servicios p\u00fablicos\u00a0 en beneficio de la ciudadan\u00eda, pues tambi\u00e9n somos ciudadanos y se benefician del trabajo de los suteymistas.<\/p>\n<p>\u201cEs por \u00e9stas y otras acciones que se realizan todos los d\u00edas es que el SUTEyM es reconocido, pues ha sido una instituci\u00f3n \u00a0que ha equilibrado las fuerzas entre en Gobierno y los trabajadores que formamos esta gran base. Por eso es importante que sigamos generando condiciones favorables para nuestros compa\u00f1eros, es por ello que el SUTEyM se preocupa y ocupa por velar y proteger las garant\u00edas laborales de cada uno de nosotros\u201d.<\/p>\n<p>El secretario general suteymista, destac\u00f3 que dicha organizaci\u00f3n \u00a0\u00a0\u201cha adquirido una visi\u00f3n de tipo social y vamos m\u00e1s all\u00e1, hacia ese lugar que es personal de todos y cada uno de nosotros que es la familia y es por eso que se generan \u00e9ste tipo de apoyos para los pap\u00e1s, las mam\u00e1s, los abuelos, los hermanos y los hijos, la esposa o el esposo, pues la caracter\u00edstica de nuestra organizaci\u00f3n, es precisamente esa, ir un paso m\u00e1s adelante y nos s\u00f3lo vernos como clase trabajadora, sino vernos como seres humanos. No podemos ser indolentes ante las necesidades que padecen cada uno de nuestros compa\u00f1eros y sus familias, es por ello que el SUTEyM , se preocupa y ocupa por su agremiados y sus familias\u201d, dijo.<\/p>\n","protected":false},"excerpt":{"rendered":"<p>A nuestros compa\u00f1eros que hoy son beneficiados, gracias, muchas gracias por hacer esto posible, pues con su esfuerzo y empe\u00f1o, que cada d\u00eda imprimen en el cumplimiento de su deber,\u00a0 nos da la fortaleza para ir con la administraci\u00f3n e ir con la autoridad y solicitar lo que por derecho ya nos corresponde y pedirles que cumplan con los derechos institucionales. Sigamos as\u00ed trabajando pues es nuestra mejor carta de presentaci\u00f3n.<\/p>\n","protected":false},"author":3,"featured_media":445042,"comment_status":"open","ping_status":"open","sticky":false,"template":"","format":"standard","meta":{"_monsterinsights_skip_tracking":false,"_monsterinsights_sitenote_active":false,"_monsterinsights_sitenote_note":"","_monsterinsights_sitenote_category":0,"footnotes":""},"categories":[5],"tags":[88026,43675,6027,970,2572],"class_list":["post-444957","post","type-post","status-publish","format-standard","has-post-thumbnail","hentry","category-estado-de-mexico","tag-agremiado","tag-estado-de-mexico","tag-familia","tag-naucalpan","tag-suteym"],"_links":{"self":[{"href":"https:\/\/www.diarioimagen.net\/index.php?rest_route=\/wp\/v2\/posts\/444957","targetHints":{"allow":["GET"]}}],"collection":[{"href":"https:\/\/www.diarioimagen.net\/index.php?rest_route=\/wp\/v2\/posts"}],"about":[{"href":"https:\/\/www.diarioimagen.net\/index.php?rest_route=\/wp\/v2\/types\/post"}],"author":[{"embeddable":true,"href":"https:\/\/www.diarioimagen.net\/index.php?rest_route=\/wp\/v2\/users\/3"}],"replies":[{"embeddable":true,"href":"https:\/\/www.diarioimagen.net\/index.php?rest_route=%2Fwp%2Fv2%2Fcomments&post=444957"}],"version-history":[{"count":0,"href":"https:\/\/www.diarioimagen.net\/index.php?rest_route=\/wp\/v2\/posts\/444957\/revisions"}],"wp:featuredmedia":[{"embeddable":true,"href":"https:\/\/www.diarioimagen.net\/index.php?rest_route=\/wp\/v2\/media\/445042"}],"wp:attachment":[{"href":"https:\/\/www.diarioimagen.net\/index.php?rest_route=%2Fwp%2Fv2%2Fmedia&parent=444957"}],"wp:term":[{"taxonomy":"category","embeddable":true,"href":"https:\/\/www.diarioimagen.net\/index.php?rest_route=%2Fwp%2Fv2%2Fcategories&post=444957"},{"taxonomy":"post_tag","embeddable":true,"href":"https:\/\/www.diarioimagen.net\/index.php?rest_route=%2Fwp%2Fv2%2Ftags&post=444957"}],"curies":[{"name":"wp","href":"https:\/\/api.w.org\/{rel}","templated":true}]}}