{"id":445080,"date":"2019-10-04T00:05:56","date_gmt":"2019-10-04T05:05:56","guid":{"rendered":"https:\/\/www.diarioimagen.net\/?p=445080"},"modified":"2019-10-04T00:21:39","modified_gmt":"2019-10-04T05:21:39","slug":"confirma-lopez-obrador-limpia-en-pemex-internacional","status":"publish","type":"post","link":"https:\/\/www.diarioimagen.net\/?p=445080","title":{"rendered":"Confirma L\u00f3pez Obrador \u201climpia\u201d en Pemex Internacional"},"content":{"rendered":"<ul>\n<li><em><strong>Empezando por el director general <\/strong><\/em><\/li>\n<\/ul>\n<p>&nbsp;<\/p>\n<div id=\"attachment_445081\" style=\"width: 470px\" class=\"wp-caption aligncenter\"><img loading=\"lazy\" decoding=\"async\" aria-describedby=\"caption-attachment-445081\" class=\"wp-image-445081 size-large\" src=\"https:\/\/www.diarioimagen.net\/wp-content\/uploads\/2019\/10\/PEMEX4-PORTAL-460x268.jpg\" alt=\"\" width=\"460\" height=\"268\" srcset=\"https:\/\/www.diarioimagen.net\/wp-content\/uploads\/2019\/10\/PEMEX4-PORTAL-460x268.jpg 460w, https:\/\/www.diarioimagen.net\/wp-content\/uploads\/2019\/10\/PEMEX4-PORTAL-240x140.jpg 240w, https:\/\/www.diarioimagen.net\/wp-content\/uploads\/2019\/10\/PEMEX4-PORTAL.jpg 480w\" sizes=\"auto, (max-width: 460px) 100vw, 460px\" \/><p id=\"caption-attachment-445081\" class=\"wp-caption-text\">Se realiz\u00f3 una renovaci\u00f3n completa en Pemex Internacional, empezando por el director general.<\/p><\/div>\n<p>&nbsp;<\/p>\n<p>El presidente Andr\u00e9s Manuel L\u00f3pez Obrador inform\u00f3 que se llev\u00f3 a cabo una renovaci\u00f3n completa en Pemex Internacional, empezando por el director general, as\u00ed como 10 directivos que llevaban m\u00e1s de tres d\u00e9cadas en el cargo, con el objetivo de eficientar la estrategia de venta del petr\u00f3leo.<\/p>\n<p>\u201cNosotros ya est\u00e1bamos viendo este asunto y se instruy\u00f3 para limpiar Pemex Internacional. Es que algunos que estaban ah\u00ed llevaban casi 30 a\u00f1os\u201d, coment\u00f3 el mandatario federal en rueda de prensa en Palacio Nacional.<\/p>\n<p>Dijo que \u201cse convirti\u00f3 en una sociedad an\u00f3nima. Imag\u00ednense, una empresa que vend\u00eda, no, vende y compra petr\u00f3leo, todo el petr\u00f3leo crudo, un mill\u00f3n de barriles diarios, fijan los precios mediante f\u00f3rmulas y deciden a qui\u00e9n vender y compran todo, y estaban distantes completamente del gobierno\u201d.<\/p>\n<p>Entonces, agrag\u00f3, estamos limpiando, para lo cual se reuni\u00f3 el Consejo de Administraci\u00f3n de Pemex Internacional y se cambiaron a 10 directivos, \u201cempezando por el director general o los de arriba\u201d.<\/p>\n<p>El presidente L\u00f3pez Obrador refiri\u00f3 que la excusa para mantener los cargos era que se trataba de cuestiones t\u00e9cnicas \u201cy que \u201cno cualquiera (pod\u00eda entender). Entonces no hay que meterse\u201d y, segundo, se trata de organismos independientes.<\/p>\n<p>\u201cYo recuerdo que cuando est\u00e1bamos en la elecci\u00f3n del 2006 hubo una propuesta, como era evidente de que se iba a ganar y precisamente por mantener los privilegios fiscales, \u00bfsaben que quer\u00edan?, estuvieron a punto de declarar la autonom\u00eda del SAT para que al llegar no pudi\u00e9ramos tener nada que ver con los ingresos, con la pol\u00edtica fiscal, les preocupaba eso. Entonces, es t\u00e9cnico, es aut\u00f3nomo\u201d.<\/p>\n<p>Adem\u00e1s, record\u00f3, se ped\u00eda tener cuidado con los mercados, pues \u201cno vaya a ser que se generen nerviosismos, \u00bfqu\u00e9 pueden decir los mercados?, \u00bfqu\u00e9 pueden decir las calificadoras?, \u00bfqu\u00e9 pueden decir los organismos financieros?, pues que no debe de haber corrupci\u00f3n\u201d. Indic\u00f3 que actualmente se le est\u00e1 otorgando toda la confianza al pa\u00eds.<\/p>\n<p>Record\u00f3 que los secretarios de Hacienda cobraron mucha fuerza durante el periodo neoliberal y los presidentes ten\u00edan que hacerles caso, \u201clos ten\u00edan apantallados: \u2018Cuidado, esto no se puede mover\u2019, aunque se tratara de algo irracional. Entonces, todo eso es cambio\u201d.<\/p>\n","protected":false},"excerpt":{"rendered":"<p>El presidente Andr\u00e9s Manuel L\u00f3pez Obrador inform\u00f3 que se llev\u00f3 a cabo una renovaci\u00f3n completa en Pemex Internacional, empezando por el director general, as\u00ed como 10 directivos que llevaban m\u00e1s de tres d\u00e9cadas en el cargo, con el objetivo de eficientar la estrategia de venta del petr\u00f3leo.<\/p>\n","protected":false},"author":5,"featured_media":445081,"comment_status":"open","ping_status":"open","sticky":false,"template":"","format":"standard","meta":{"_monsterinsights_skip_tracking":false,"_monsterinsights_sitenote_active":false,"_monsterinsights_sitenote_note":"","_monsterinsights_sitenote_category":0,"footnotes":""},"categories":[3],"tags":[2545,43678,70490,2007,81020,373,292,88030],"class_list":["post-445080","post","type-post","status-publish","format-standard","has-post-thumbnail","hentry","category-nacional","tag-amlo","tag-finanzas","tag-limpia","tag-limpieza","tag-lopez-obrador","tag-palacio-nacional","tag-pemex","tag-pemex-internacional"],"_links":{"self":[{"href":"https:\/\/www.diarioimagen.net\/index.php?rest_route=\/wp\/v2\/posts\/445080","targetHints":{"allow":["GET"]}}],"collection":[{"href":"https:\/\/www.diarioimagen.net\/index.php?rest_route=\/wp\/v2\/posts"}],"about":[{"href":"https:\/\/www.diarioimagen.net\/index.php?rest_route=\/wp\/v2\/types\/post"}],"author":[{"embeddable":true,"href":"https:\/\/www.diarioimagen.net\/index.php?rest_route=\/wp\/v2\/users\/5"}],"replies":[{"embeddable":true,"href":"https:\/\/www.diarioimagen.net\/index.php?rest_route=%2Fwp%2Fv2%2Fcomments&post=445080"}],"version-history":[{"count":0,"href":"https:\/\/www.diarioimagen.net\/index.php?rest_route=\/wp\/v2\/posts\/445080\/revisions"}],"wp:featuredmedia":[{"embeddable":true,"href":"https:\/\/www.diarioimagen.net\/index.php?rest_route=\/wp\/v2\/media\/445081"}],"wp:attachment":[{"href":"https:\/\/www.diarioimagen.net\/index.php?rest_route=%2Fwp%2Fv2%2Fmedia&parent=445080"}],"wp:term":[{"taxonomy":"category","embeddable":true,"href":"https:\/\/www.diarioimagen.net\/index.php?rest_route=%2Fwp%2Fv2%2Fcategories&post=445080"},{"taxonomy":"post_tag","embeddable":true,"href":"https:\/\/www.diarioimagen.net\/index.php?rest_route=%2Fwp%2Fv2%2Ftags&post=445080"}],"curies":[{"name":"wp","href":"https:\/\/api.w.org\/{rel}","templated":true}]}}