{"id":445166,"date":"2019-10-04T00:04:45","date_gmt":"2019-10-04T05:04:45","guid":{"rendered":"https:\/\/www.diarioimagen.net\/?p=445166"},"modified":"2019-10-04T06:12:01","modified_gmt":"2019-10-04T11:12:01","slug":"naucalpan-invierte-5-7-mdp-en-equipo-y-medicamentos-para-el-sector-salud","status":"publish","type":"post","link":"https:\/\/www.diarioimagen.net\/?p=445166","title":{"rendered":"Naucalpan invierte\u00a0 5.7 mdp en equipo y medicamentos para el sector salud"},"content":{"rendered":"<ul>\n<li><strong><em>Beneficio a personas que no cuentan con seguridad social<\/em><\/strong><\/li>\n<\/ul>\n<p>&nbsp;<\/p>\n<div id=\"attachment_445238\" style=\"width: 470px\" class=\"wp-caption aligncenter\"><a href=\"https:\/\/www.diarioimagen.net\/?attachment_id=445238\" rel=\"attachment wp-att-445238\"><img loading=\"lazy\" decoding=\"async\" aria-describedby=\"caption-attachment-445238\" class=\"size-large wp-image-445238\" src=\"https:\/\/www.diarioimagen.net\/wp-content\/uploads\/2019\/10\/NAUCALPAN-460x259.jpg\" alt=\"\" width=\"460\" height=\"259\" srcset=\"https:\/\/www.diarioimagen.net\/wp-content\/uploads\/2019\/10\/NAUCALPAN-460x259.jpg 460w, https:\/\/www.diarioimagen.net\/wp-content\/uploads\/2019\/10\/NAUCALPAN-240x135.jpg 240w, https:\/\/www.diarioimagen.net\/wp-content\/uploads\/2019\/10\/NAUCALPAN-235x132.jpg 235w, https:\/\/www.diarioimagen.net\/wp-content\/uploads\/2019\/10\/NAUCALPAN-202x114.jpg 202w, https:\/\/www.diarioimagen.net\/wp-content\/uploads\/2019\/10\/NAUCALPAN-350x196.jpg 350w, https:\/\/www.diarioimagen.net\/wp-content\/uploads\/2019\/10\/NAUCALPAN-220x123.jpg 220w, https:\/\/www.diarioimagen.net\/wp-content\/uploads\/2019\/10\/NAUCALPAN-237x132.jpg 237w, https:\/\/www.diarioimagen.net\/wp-content\/uploads\/2019\/10\/NAUCALPAN.jpg 480w\" sizes=\"auto, (max-width: 460px) 100vw, 460px\" \/><\/a><p id=\"caption-attachment-445238\" class=\"wp-caption-text\">Entregan equipamiento a la Cl\u00ednica de Especialidades, al servicio de atenci\u00f3n odontol\u00f3gica general, as\u00ed como a las \u00e1reas de salud p\u00fablica y atenci\u00f3n m\u00e9dica general.<\/p><\/div>\n<p>&nbsp;<\/p>\n<p><strong>Naucalpan, Estado de M\u00e9xico<\/strong>.- El gobierno de Naucalpan invirti\u00f3 5.7 millones de pesos en aparatos, instrumental y medicamentos para el sector salud.<\/p>\n<p>El Instituto Municipal de Atenci\u00f3n a la Salud (IMAS) destin\u00f3 el equipamiento a la Cl\u00ednica de Especialidades, al servicio de atenci\u00f3n odontol\u00f3gica general, as\u00ed como a las \u00e1reas de salud p\u00fablica y atenci\u00f3n m\u00e9dica general.<\/p>\n<p>Entre las adquisiciones destacan un desfibrilador, equipo de colposcop\u00eda, escariadores dentales, amalgamadores, anest\u00e9sicos, estuches de disecci\u00f3n, bauman\u00f3metros, estetoscopios, entre otras.<\/p>\n<p>El director del IMAS, Eduardo V\u00e1zquez C\u00e9lis, asegur\u00f3 que las compras beneficiar\u00e1n a los naucalpenses que no cuentan con seguridad social y a todos los ciudadanos que se acerquen a las cl\u00ednicas de la dependencia.<\/p>\n<p>Reconoci\u00f3 el esfuerzo de la presidenta municipal, Patricia Dur\u00e1n Reveles, de invertir en el \u00e1rea m\u00e9dica, ya que la administraci\u00f3n inici\u00f3 con una dif\u00edcil situaci\u00f3n econ\u00f3mica debido a la deuda heredada.<\/p>\n<p>\u201cNuestro \u00fanico objetivo es atender a la poblaci\u00f3n cada vez mejor, que tenga acceso a m\u00e1s y mejores especialidades y un mejor servicio, que cada vez que se requiera algo, podamos otorgarlo. No hay otro objetivo que mejorar y dar el servicio que la poblaci\u00f3n se merece\u201d, dijo V\u00e1zquez C\u00e9lis.<\/p>\n<p>En la Cl\u00ednica de Especialidades, ubicada en la colonia El Conde, los m\u00e9dicos subdirectores de las distintas \u00e1reas del IMAS agradecieron el acto que les facilitar\u00e1 sus actividades. Asimismo, explicaron a los pacientes y trabajadores presentes el uso que se le dar\u00e1 a cada uno de los instrumentos y aparatos adquiridos.<\/p>\n","protected":false},"excerpt":{"rendered":"<p>El gobierno de Naucalpan invirti\u00f3 5.7 millones de pesos en aparatos, instrumental y medicamentos para el sector salud.<\/p>\n","protected":false},"author":3,"featured_media":445238,"comment_status":"open","ping_status":"open","sticky":false,"template":"","format":"standard","meta":{"_monsterinsights_skip_tracking":false,"_monsterinsights_sitenote_active":false,"_monsterinsights_sitenote_note":"","_monsterinsights_sitenote_category":0,"footnotes":""},"categories":[5],"tags":[24594,43675,84228,970,1288],"class_list":["post-445166","post","type-post","status-publish","format-standard","has-post-thumbnail","hentry","category-estado-de-mexico","tag-equipo","tag-estado-de-mexico","tag-medicamento","tag-naucalpan","tag-sector-salud"],"_links":{"self":[{"href":"https:\/\/www.diarioimagen.net\/index.php?rest_route=\/wp\/v2\/posts\/445166","targetHints":{"allow":["GET"]}}],"collection":[{"href":"https:\/\/www.diarioimagen.net\/index.php?rest_route=\/wp\/v2\/posts"}],"about":[{"href":"https:\/\/www.diarioimagen.net\/index.php?rest_route=\/wp\/v2\/types\/post"}],"author":[{"embeddable":true,"href":"https:\/\/www.diarioimagen.net\/index.php?rest_route=\/wp\/v2\/users\/3"}],"replies":[{"embeddable":true,"href":"https:\/\/www.diarioimagen.net\/index.php?rest_route=%2Fwp%2Fv2%2Fcomments&post=445166"}],"version-history":[{"count":0,"href":"https:\/\/www.diarioimagen.net\/index.php?rest_route=\/wp\/v2\/posts\/445166\/revisions"}],"wp:featuredmedia":[{"embeddable":true,"href":"https:\/\/www.diarioimagen.net\/index.php?rest_route=\/wp\/v2\/media\/445238"}],"wp:attachment":[{"href":"https:\/\/www.diarioimagen.net\/index.php?rest_route=%2Fwp%2Fv2%2Fmedia&parent=445166"}],"wp:term":[{"taxonomy":"category","embeddable":true,"href":"https:\/\/www.diarioimagen.net\/index.php?rest_route=%2Fwp%2Fv2%2Fcategories&post=445166"},{"taxonomy":"post_tag","embeddable":true,"href":"https:\/\/www.diarioimagen.net\/index.php?rest_route=%2Fwp%2Fv2%2Ftags&post=445166"}],"curies":[{"name":"wp","href":"https:\/\/api.w.org\/{rel}","templated":true}]}}