{"id":445168,"date":"2019-10-04T00:03:56","date_gmt":"2019-10-04T05:03:56","guid":{"rendered":"https:\/\/www.diarioimagen.net\/?p=445168"},"modified":"2019-10-04T06:32:59","modified_gmt":"2019-10-04T11:32:59","slug":"renuevan-modulos-sanitarios-y-entregan-un-arco-techo-para-escuelas-en-tultitlan","status":"publish","type":"post","link":"https:\/\/www.diarioimagen.net\/?p=445168","title":{"rendered":"Renuevan m\u00f3dulos sanitarios y entregan un arco techo para escuelas, en Tultitl\u00e1n"},"content":{"rendered":"<ul>\n<li><strong><em>Compromiso de la alcaldesa Elena Garc\u00eda Mart\u00ednez<\/em><\/strong><\/li>\n<\/ul>\n<p>&nbsp;<\/p>\n<div id=\"attachment_445262\" style=\"width: 470px\" class=\"wp-caption aligncenter\"><a href=\"https:\/\/www.diarioimagen.net\/?attachment_id=445262\" rel=\"attachment wp-att-445262\"><img loading=\"lazy\" decoding=\"async\" aria-describedby=\"caption-attachment-445262\" class=\"size-large wp-image-445262\" src=\"https:\/\/www.diarioimagen.net\/wp-content\/uploads\/2019\/10\/TULTITL\u00c1N-460x259.jpg\" alt=\"\" width=\"460\" height=\"259\" srcset=\"https:\/\/www.diarioimagen.net\/wp-content\/uploads\/2019\/10\/TULTITL\u00c1N-460x259.jpg 460w, https:\/\/www.diarioimagen.net\/wp-content\/uploads\/2019\/10\/TULTITL\u00c1N-240x135.jpg 240w, https:\/\/www.diarioimagen.net\/wp-content\/uploads\/2019\/10\/TULTITL\u00c1N-235x132.jpg 235w, https:\/\/www.diarioimagen.net\/wp-content\/uploads\/2019\/10\/TULTITL\u00c1N-202x114.jpg 202w, https:\/\/www.diarioimagen.net\/wp-content\/uploads\/2019\/10\/TULTITL\u00c1N-350x196.jpg 350w, https:\/\/www.diarioimagen.net\/wp-content\/uploads\/2019\/10\/TULTITL\u00c1N-220x123.jpg 220w, https:\/\/www.diarioimagen.net\/wp-content\/uploads\/2019\/10\/TULTITL\u00c1N-237x132.jpg 237w, https:\/\/www.diarioimagen.net\/wp-content\/uploads\/2019\/10\/TULTITL\u00c1N.jpg 480w\" sizes=\"auto, (max-width: 460px) 100vw, 460px\" \/><\/a><p id=\"caption-attachment-445262\" class=\"wp-caption-text\">Entregan m\u00f3dulos sanitarios en la escuela primaria \u201cEva S\u00e1mano de L\u00f3pez Mateos\u201d y se inaugur\u00f3 el arco techo en la escuela secundaria t\u00e9cnica 212 \u201cLuis Enrique Erro Soler\u201d.<\/p><\/div>\n<p>&nbsp;<\/p>\n<p><strong>Tultitl\u00e1n, Estado de M\u00e9xico<\/strong>.- Como una muestra m\u00e1s del compromiso que el gobierno encabezado por la alcaldesa, Elena Garc\u00eda Mart\u00ednez, en tener escuelas dignas en el municipio, se hizo entrega de m\u00f3dulos sanitarios en la escuela primaria \u201cEva S\u00e1mano de L\u00f3pez Mateos\u201d ubicada en el fraccionamiento Ciudad Labor y se inaugur\u00f3 el arco techo en la escuela secundaria t\u00e9cnica 212 \u201cLuis Enrique Erro Soler\u201d en la colonia Solidaridad Segunda Secci\u00f3n.<\/p>\n<p>Elena Garc\u00eda Mart\u00ednez, presidenta municipal se\u00f1al\u00f3 que \u201ccada d\u00eda se busca mejorar no solo las escuelas, sino la imagen urbana, seguridad, deporte y temas de primera necesidad, es por ello que se realizar\u00e1n m\u00e1s obras en educaci\u00f3n porque entendemos la problem\u00e1tica que se vive en el pa\u00eds y en este gran municipio por eso apoyaremos la formaci\u00f3n de la ni\u00f1ez y juventud porque en algunos a\u00f1os ser\u00e1n quienes est\u00e9n al frente de nuestro municipio\u201d.<\/p>\n<p>Coment\u00f3 que las obras se realizaron una vez que directivos y asociaci\u00f3n de padres de familia le externaron a la edil la necesidad de contar con sanitarios dignos y arco techo para los alumnos, ya que, en el caso de los m\u00f3dulos sanitarios, dicha obra qued\u00f3 inconclusa por la administraci\u00f3n pasada y con recurso propio, la actual administraci\u00f3n culmin\u00f3 esta obra tan necesaria para la comunidad estudiantil.<\/p>\n<p>La inversi\u00f3n total de ambas obras es aproximada a 1 mill\u00f3n 500 mil pesos y beneficiar\u00e1 directamente a m\u00e1s de 800 alumnos de la zona sur del municipio.<\/p>\n<p>En el caso de la escuela \u201cEva S\u00e1mano de L\u00f3pez Mateos\u201d la obra consta de sanitarios masculinos, femeninos, mingitorios, lavabos para beneficio de los alumnos y en la escuela \u201cLuis Enrique Erro\u201d consisti\u00f3 en la construcci\u00f3n del arco techo con alto est\u00e1ndar de calidad, as\u00ed como luminarias para el mismo.<\/p>\n<p>A modo de conclusi\u00f3n, alumnos y docentes de las escuelas beneficiadas agradecieron a la mandataria local y al cabildo municipal por las obras que fueron concluidas y sobre todo por ser una administraci\u00f3n que cumple a los tultitlenses.<\/p>\n","protected":false},"excerpt":{"rendered":"<p>Como una muestra m\u00e1s del compromiso que el gobierno encabezado por la alcaldesa, Elena Garc\u00eda Mart\u00ednez, en tener escuelas dignas en el municipio, se hizo entrega de m\u00f3dulos sanitarios en la escuela primaria \u201cEva S\u00e1mano de L\u00f3pez Mateos\u201d ubicada en el fraccionamiento Ciudad Labor y se inaugur\u00f3 el arco techo en la escuela secundaria t\u00e9cnica 212 \u201cLuis Enrique Erro Soler\u201d en la colonia Solidaridad Segunda Secci\u00f3n.<\/p>\n","protected":false},"author":3,"featured_media":445262,"comment_status":"open","ping_status":"open","sticky":false,"template":"","format":"standard","meta":{"_monsterinsights_skip_tracking":false,"_monsterinsights_sitenote_active":false,"_monsterinsights_sitenote_note":"","_monsterinsights_sitenote_category":0,"footnotes":""},"categories":[5],"tags":[67935,24769,21479,43675,578],"class_list":["post-445168","post","type-post","status-publish","format-standard","has-post-thumbnail","hentry","category-estado-de-mexico","tag-arco","tag-entrega","tag-escuela","tag-estado-de-mexico","tag-tultitlan"],"_links":{"self":[{"href":"https:\/\/www.diarioimagen.net\/index.php?rest_route=\/wp\/v2\/posts\/445168","targetHints":{"allow":["GET"]}}],"collection":[{"href":"https:\/\/www.diarioimagen.net\/index.php?rest_route=\/wp\/v2\/posts"}],"about":[{"href":"https:\/\/www.diarioimagen.net\/index.php?rest_route=\/wp\/v2\/types\/post"}],"author":[{"embeddable":true,"href":"https:\/\/www.diarioimagen.net\/index.php?rest_route=\/wp\/v2\/users\/3"}],"replies":[{"embeddable":true,"href":"https:\/\/www.diarioimagen.net\/index.php?rest_route=%2Fwp%2Fv2%2Fcomments&post=445168"}],"version-history":[{"count":0,"href":"https:\/\/www.diarioimagen.net\/index.php?rest_route=\/wp\/v2\/posts\/445168\/revisions"}],"wp:featuredmedia":[{"embeddable":true,"href":"https:\/\/www.diarioimagen.net\/index.php?rest_route=\/wp\/v2\/media\/445262"}],"wp:attachment":[{"href":"https:\/\/www.diarioimagen.net\/index.php?rest_route=%2Fwp%2Fv2%2Fmedia&parent=445168"}],"wp:term":[{"taxonomy":"category","embeddable":true,"href":"https:\/\/www.diarioimagen.net\/index.php?rest_route=%2Fwp%2Fv2%2Fcategories&post=445168"},{"taxonomy":"post_tag","embeddable":true,"href":"https:\/\/www.diarioimagen.net\/index.php?rest_route=%2Fwp%2Fv2%2Ftags&post=445168"}],"curies":[{"name":"wp","href":"https:\/\/api.w.org\/{rel}","templated":true}]}}