{"id":445170,"date":"2019-10-04T00:02:01","date_gmt":"2019-10-04T05:02:01","guid":{"rendered":"https:\/\/www.diarioimagen.net\/?p=445170"},"modified":"2019-10-04T06:16:31","modified_gmt":"2019-10-04T11:16:31","slug":"tlalnepantla-fomenta-la-igualdad-entre-generos-y-erradica-la-violencia","status":"publish","type":"post","link":"https:\/\/www.diarioimagen.net\/?p=445170","title":{"rendered":"Tlalnepantla fomenta la igualdad entre g\u00e9neros y erradica la violencia"},"content":{"rendered":"<ul>\n<li><strong><em>Con asesor\u00edas, pl\u00e1ticas y talleres<\/em><\/strong><\/li>\n<\/ul>\n<p>&nbsp;<\/p>\n<div id=\"attachment_445244\" style=\"width: 470px\" class=\"wp-caption aligncenter\"><a href=\"https:\/\/www.diarioimagen.net\/?attachment_id=445244\" rel=\"attachment wp-att-445244\"><img loading=\"lazy\" decoding=\"async\" aria-describedby=\"caption-attachment-445244\" class=\"size-large wp-image-445244\" src=\"https:\/\/www.diarioimagen.net\/wp-content\/uploads\/2019\/10\/TLALNEPANTLA4-460x259.jpg\" alt=\"\" width=\"460\" height=\"259\" srcset=\"https:\/\/www.diarioimagen.net\/wp-content\/uploads\/2019\/10\/TLALNEPANTLA4-460x259.jpg 460w, https:\/\/www.diarioimagen.net\/wp-content\/uploads\/2019\/10\/TLALNEPANTLA4-240x135.jpg 240w, https:\/\/www.diarioimagen.net\/wp-content\/uploads\/2019\/10\/TLALNEPANTLA4-235x132.jpg 235w, https:\/\/www.diarioimagen.net\/wp-content\/uploads\/2019\/10\/TLALNEPANTLA4-202x114.jpg 202w, https:\/\/www.diarioimagen.net\/wp-content\/uploads\/2019\/10\/TLALNEPANTLA4-350x196.jpg 350w, https:\/\/www.diarioimagen.net\/wp-content\/uploads\/2019\/10\/TLALNEPANTLA4-220x123.jpg 220w, https:\/\/www.diarioimagen.net\/wp-content\/uploads\/2019\/10\/TLALNEPANTLA4-237x132.jpg 237w, https:\/\/www.diarioimagen.net\/wp-content\/uploads\/2019\/10\/TLALNEPANTLA4.jpg 480w\" sizes=\"auto, (max-width: 460px) 100vw, 460px\" \/><\/a><p id=\"caption-attachment-445244\" class=\"wp-caption-text\">Se llev\u00f3 a cabo la segunda sesi\u00f3n ordinaria del \u2018Sistema Municipal para la Igualdad de Trato y Oportunidades entre Mujeres y Hombres y para Prevenir, Atender, Sancionar y Erradicar la Violencia Contra las Mujeres\u2019.<\/p><\/div>\n<p>&nbsp;<\/p>\n<p><strong>Tlalnepantla, Estado de M\u00e9xico<\/strong>.- El gobierno de Tlalnepantla realiza acciones para erradicar la violencia contra las mujeres y fomentar la igualdad con los hombres, a trav\u00e9s de diversas acciones, como asesor\u00edas, pl\u00e1ticas y talleres que promueven el empoderamiento de las ciudadanas para que tengan autonom\u00eda y denuncien agresiones, adem\u00e1s de concientizar a los hombres sobre este problema.<\/p>\n<p>Durante la segunda sesi\u00f3n ordinaria del \u2018Sistema Municipal para la Igualdad de Trato y Oportunidades entre Mujeres y Hombres y para Prevenir, Atender, Sancionar y Erradicar la Violencia contra las Mujeres\u2019, se inform\u00f3 que la Coordinaci\u00f3n de Justicia Restaurativa, realiza pl\u00e1ticas para concientizar a los hombres de que el abuso y la violencia de g\u00e9nero es un delito que se debe erradicar, adem\u00e1s de llevar a cabo talleres sobre violencia psicol\u00f3gica y f\u00edsica.<\/p>\n<p>La Coordinaci\u00f3n de Cultura de Paz realiza una campa\u00f1a de comunicaci\u00f3n para que los ciudadanos construyan ambientes de seguridad, legalidad y paz, con el objetivo de promover actitudes, valores y comportamientos de los habitantes que favorezcan la prevenci\u00f3n de conflictos, conductas antisociales y promuevan factores de protecci\u00f3n en las comunidades, escuelas y centros de trabajo.<\/p>\n<p>La Direcci\u00f3n de Servicios y Mantenimiento Urbano realiza jornadas de servicios p\u00fablicos en las comunidades en las que se reparan luminarias y rehabilitan espacios p\u00fablicos, para crear ambientes para el desarrollo familiar y as\u00ed erradicar zonas que generen inseguridad.<\/p>\n<p>En la sesi\u00f3n les fue tomada protesta a V\u00edctor Manuel P\u00e9rez Ram\u00edrez, segundo regidor; Alina Alejandra Luna L\u00f3pez, d\u00e9cima tercera regidora, e Irma Lorena Roa L\u00f3pez, d\u00e9cima quinta regidora, como integrantes de este Sistema, y se presentaron los Principios Rectores de la Ley de Igualdad de Trato y Oportunidades entre Mujeres y Hombres del Estado de M\u00e9xico.<\/p>\n<p>Asistieron Paula Gabriela Pellicer Torres, presidenta suplente del Sistema; Gabriela Mar\u00edn Soriano, delegada regional del Consejo Estatal de la Mujer y Bienestar Social; Fanny Patricia Toro Esquinca, titular del Instituto Municipal para las Mujeres y la Equidad de G\u00e9nero, y directores de las diferentes \u00e1reas del ayuntamiento.<\/p>\n","protected":false},"excerpt":{"rendered":"<p>El gobierno de Tlalnepantla realiza acciones para erradicar la violencia contra las mujeres y fomentar la igualdad con los hombres, a trav\u00e9s de diversas acciones, como asesor\u00edas, pl\u00e1ticas y talleres que promueven el empoderamiento de las ciudadanas para que tengan autonom\u00eda y denuncien agresiones, adem\u00e1s de concientizar a los hombres sobre este problema.<\/p>\n","protected":false},"author":3,"featured_media":445244,"comment_status":"open","ping_status":"open","sticky":false,"template":"","format":"standard","meta":{"_monsterinsights_skip_tracking":false,"_monsterinsights_sitenote_active":false,"_monsterinsights_sitenote_note":"","_monsterinsights_sitenote_category":0,"footnotes":""},"categories":[5],"tags":[43675,25269,26688,169],"class_list":["post-445170","post","type-post","status-publish","format-standard","has-post-thumbnail","hentry","category-estado-de-mexico","tag-estado-de-mexico","tag-genero","tag-igualdad","tag-tlalnepantla"],"_links":{"self":[{"href":"https:\/\/www.diarioimagen.net\/index.php?rest_route=\/wp\/v2\/posts\/445170","targetHints":{"allow":["GET"]}}],"collection":[{"href":"https:\/\/www.diarioimagen.net\/index.php?rest_route=\/wp\/v2\/posts"}],"about":[{"href":"https:\/\/www.diarioimagen.net\/index.php?rest_route=\/wp\/v2\/types\/post"}],"author":[{"embeddable":true,"href":"https:\/\/www.diarioimagen.net\/index.php?rest_route=\/wp\/v2\/users\/3"}],"replies":[{"embeddable":true,"href":"https:\/\/www.diarioimagen.net\/index.php?rest_route=%2Fwp%2Fv2%2Fcomments&post=445170"}],"version-history":[{"count":0,"href":"https:\/\/www.diarioimagen.net\/index.php?rest_route=\/wp\/v2\/posts\/445170\/revisions"}],"wp:featuredmedia":[{"embeddable":true,"href":"https:\/\/www.diarioimagen.net\/index.php?rest_route=\/wp\/v2\/media\/445244"}],"wp:attachment":[{"href":"https:\/\/www.diarioimagen.net\/index.php?rest_route=%2Fwp%2Fv2%2Fmedia&parent=445170"}],"wp:term":[{"taxonomy":"category","embeddable":true,"href":"https:\/\/www.diarioimagen.net\/index.php?rest_route=%2Fwp%2Fv2%2Fcategories&post=445170"},{"taxonomy":"post_tag","embeddable":true,"href":"https:\/\/www.diarioimagen.net\/index.php?rest_route=%2Fwp%2Fv2%2Ftags&post=445170"}],"curies":[{"name":"wp","href":"https:\/\/api.w.org\/{rel}","templated":true}]}}