{"id":445172,"date":"2019-10-04T00:01:02","date_gmt":"2019-10-04T05:01:02","guid":{"rendered":"https:\/\/www.diarioimagen.net\/?p=445172"},"modified":"2019-10-04T06:17:46","modified_gmt":"2019-10-04T11:17:46","slug":"acuerdan-empresarios-y-gobierno-trabajar-de-la-mano-en-cuautitlan","status":"publish","type":"post","link":"https:\/\/www.diarioimagen.net\/?p=445172","title":{"rendered":"Acuerdan empresarios y gobierno trabajar de la mano, en Cuautitl\u00e1n"},"content":{"rendered":"<p><a href=\"https:\/\/www.diarioimagen.net\/?attachment_id=445247\" rel=\"attachment wp-att-445247\"><img loading=\"lazy\" decoding=\"async\" class=\"aligncenter size-large wp-image-445247\" src=\"https:\/\/www.diarioimagen.net\/wp-content\/uploads\/2019\/10\/CUAUTITL\u00c1N-4-460x259.jpg\" alt=\"\" width=\"460\" height=\"259\" srcset=\"https:\/\/www.diarioimagen.net\/wp-content\/uploads\/2019\/10\/CUAUTITL\u00c1N-4-460x259.jpg 460w, https:\/\/www.diarioimagen.net\/wp-content\/uploads\/2019\/10\/CUAUTITL\u00c1N-4-240x135.jpg 240w, https:\/\/www.diarioimagen.net\/wp-content\/uploads\/2019\/10\/CUAUTITL\u00c1N-4-235x132.jpg 235w, https:\/\/www.diarioimagen.net\/wp-content\/uploads\/2019\/10\/CUAUTITL\u00c1N-4-202x114.jpg 202w, https:\/\/www.diarioimagen.net\/wp-content\/uploads\/2019\/10\/CUAUTITL\u00c1N-4-350x196.jpg 350w, https:\/\/www.diarioimagen.net\/wp-content\/uploads\/2019\/10\/CUAUTITL\u00c1N-4-220x123.jpg 220w, https:\/\/www.diarioimagen.net\/wp-content\/uploads\/2019\/10\/CUAUTITL\u00c1N-4-237x132.jpg 237w, https:\/\/www.diarioimagen.net\/wp-content\/uploads\/2019\/10\/CUAUTITL\u00c1N-4.jpg 480w\" sizes=\"auto, (max-width: 460px) 100vw, 460px\" \/><\/a><\/p>\n<p>&nbsp;<\/p>\n<p><strong>Cuautitl\u00e1n, Estado de M\u00e9xico.-<\/strong> Los empresarios de Cuautitl\u00e1n encuentran en la administraci\u00f3n municipal un aliado para fomentar el crecimiento econ\u00f3mico que permita la generaci\u00f3n de empleos y el crecimiento econ\u00f3mico de la regi\u00f3n, asever\u00f3 el alcalde Ariel Ju\u00e1rez Rodr\u00edguez al encabezar la tercera sesi\u00f3n del Consejo Consultivo Econ\u00f3mico de la localidad.<\/p>\n<p>Este consejo nos permite conocer de forma directa las necesidades de cada uno de los inversionistas, sabemos de sus problemas sobre los servicios p\u00fablicos, la falta de agua, la inseguridad que padecen sus empleados y hasta las trabas en sus tr\u00e1mites, por lo que daremos una soluci\u00f3n para que sigan trabajando en las mejores condiciones, recalc\u00f3, Ju\u00e1rez Rodr\u00edguez.<\/p>\n","protected":false},"excerpt":{"rendered":"<p>Los empresarios de Cuautitl\u00e1n encuentran en la administraci\u00f3n municipal un aliado para fomentar el crecimiento econ\u00f3mico que permita la generaci\u00f3n de empleos y el crecimiento econ\u00f3mico de la regi\u00f3n, asever\u00f3 el alcalde Ariel Ju\u00e1rez Rodr\u00edguez al encabezar la tercera sesi\u00f3n del Consejo Consultivo Econ\u00f3mico de la localidad.<\/p>\n","protected":false},"author":3,"featured_media":445247,"comment_status":"open","ping_status":"open","sticky":false,"template":"","format":"standard","meta":{"_monsterinsights_skip_tracking":false,"_monsterinsights_sitenote_active":false,"_monsterinsights_sitenote_note":"","_monsterinsights_sitenote_category":0,"footnotes":""},"categories":[5],"tags":[681,10071,43675,7196],"class_list":["post-445172","post","type-post","status-publish","format-standard","has-post-thumbnail","hentry","category-estado-de-mexico","tag-cuautitlan","tag-empresarios","tag-estado-de-mexico","tag-gobierno"],"_links":{"self":[{"href":"https:\/\/www.diarioimagen.net\/index.php?rest_route=\/wp\/v2\/posts\/445172","targetHints":{"allow":["GET"]}}],"collection":[{"href":"https:\/\/www.diarioimagen.net\/index.php?rest_route=\/wp\/v2\/posts"}],"about":[{"href":"https:\/\/www.diarioimagen.net\/index.php?rest_route=\/wp\/v2\/types\/post"}],"author":[{"embeddable":true,"href":"https:\/\/www.diarioimagen.net\/index.php?rest_route=\/wp\/v2\/users\/3"}],"replies":[{"embeddable":true,"href":"https:\/\/www.diarioimagen.net\/index.php?rest_route=%2Fwp%2Fv2%2Fcomments&post=445172"}],"version-history":[{"count":0,"href":"https:\/\/www.diarioimagen.net\/index.php?rest_route=\/wp\/v2\/posts\/445172\/revisions"}],"wp:featuredmedia":[{"embeddable":true,"href":"https:\/\/www.diarioimagen.net\/index.php?rest_route=\/wp\/v2\/media\/445247"}],"wp:attachment":[{"href":"https:\/\/www.diarioimagen.net\/index.php?rest_route=%2Fwp%2Fv2%2Fmedia&parent=445172"}],"wp:term":[{"taxonomy":"category","embeddable":true,"href":"https:\/\/www.diarioimagen.net\/index.php?rest_route=%2Fwp%2Fv2%2Fcategories&post=445172"},{"taxonomy":"post_tag","embeddable":true,"href":"https:\/\/www.diarioimagen.net\/index.php?rest_route=%2Fwp%2Fv2%2Ftags&post=445172"}],"curies":[{"name":"wp","href":"https:\/\/api.w.org\/{rel}","templated":true}]}}