{"id":445279,"date":"2019-10-07T00:03:04","date_gmt":"2019-10-07T05:03:04","guid":{"rendered":"https:\/\/www.diarioimagen.net\/?p=445279"},"modified":"2019-10-07T23:49:36","modified_gmt":"2019-10-08T04:49:36","slug":"arrancare-la-corrupcion-de-la-vida-publica-de-mexico-asegura-amlo","status":"publish","type":"post","link":"https:\/\/www.diarioimagen.net\/?p=445279","title":{"rendered":"Reconoce AMLO que el dinero de subastas no se ha entregado"},"content":{"rendered":"<ul>\n<li><strong><em>Culpa a la burocracia<\/em><\/strong><\/li>\n<li><strong><em>\u00a1Vayan respet\u00e1ndonos!, dice en Oaxaca a quienes reclamaban los apoyos<\/em><\/strong><\/li>\n<\/ul>\n<h6>Jos\u00e9 Luis Monta\u00f1ez<\/h6>\n<p>&nbsp;<\/p>\n<div id=\"attachment_445280\" style=\"width: 470px\" class=\"wp-caption aligncenter\"><img loading=\"lazy\" decoding=\"async\" aria-describedby=\"caption-attachment-445280\" class=\"wp-image-445280 size-large\" src=\"https:\/\/www.diarioimagen.net\/wp-content\/uploads\/2019\/10\/TRANSFORMACION6-por-460x268.jpg\" alt=\"\" width=\"460\" height=\"268\" srcset=\"https:\/\/www.diarioimagen.net\/wp-content\/uploads\/2019\/10\/TRANSFORMACION6-por-460x268.jpg 460w, https:\/\/www.diarioimagen.net\/wp-content\/uploads\/2019\/10\/TRANSFORMACION6-por-240x140.jpg 240w, https:\/\/www.diarioimagen.net\/wp-content\/uploads\/2019\/10\/TRANSFORMACION6-por.jpg 480w\" sizes=\"auto, (max-width: 460px) 100vw, 460px\" \/><p id=\"caption-attachment-445280\" class=\"wp-caption-text\">Andr\u00e9s Manuel L\u00f3pez Obrador di\u00e1log\u00f3 con la comunidad del Hospital Rural de Santiago Juxtlahuaca y posteriormente se reuni\u00f3 con la Comunidad del Hospital Rural Huajuapan de Le\u00f3n.<\/p><\/div>\n<p>&nbsp;<\/p>\n<p>El presidente Andr\u00e9s Manuel L\u00f3pez Obrador dijo en Oaxaca que las trabas burocr\u00e1ticas del gobierno le han hecho \u201cpasar verg\u00fcenzas\u201d, pues reconoci\u00f3 que s\u00f3lo apareci\u00f3 para la foto entregando recursos a comunidades ind\u00edgenas pero no los han podido cobrar.<\/p>\n<p>Dijo que su gobierno logr\u00f3 subastar bienes incautados y entregarlos a las comunidades m\u00e1s pobres, pero se dio cuenta que los beneficiarios ni siquiera los han cobrado. \u201cHace dos meses me hicieron pasar una verg\u00fcenza porque se cre\u00f3 el instituto para devolverle al pueblo lo robado; y se le entregan creo que por una subasta de joyas 40 millones de pesos a dos municipios pobres de la sierra de Guerrero, yo hasta les entrego simb\u00f3licamente un cheque de papel y pasan dos meses \u00a1y siguen sin poder cobrar el cheque!<\/p>\n<p>\u201c\u00bfPor qu\u00e9? \u00a1Porque les faltaba una firma! Porque as\u00ed estaban acostumbrados, a ser burocr\u00e1ticos para no ayudar a la gente, s\u00f3lo eran buenos para el saqueo\u201d, critic\u00f3. En su discurso en el Hospital Rural Santiago Juxtlahuaca dijo que muchos de sus programas le est\u00e1n costando trabajo aplicarlos y no result\u00f3 tan sencillo como esperaba, por los marcos legales y obst\u00e1culos burocr\u00e1ticos que busca erradicar.<\/p>\n<p style=\"text-align: center;\"><strong>Reclaman a L\u00f3pez Obrador en Oaxaca que no llegan apoyos <\/strong><\/p>\n<p>Previamente, habitantes de Huajuapan de Le\u00f3n, Oaxaca contradijeron al presidente Andr\u00e9s Manuel L\u00f3pez Obrador al denunciar que las becas prometidas no est\u00e1n llegando a esta zona, lo que el mandatario replic\u00f3 y les pidi\u00f3:\u201cvayan respet\u00e1ndonos\u201d.<\/p>\n<p>En su visita al hospital rural de Huajuapan de Le\u00f3n, los asistentes gritaron que no les han llegado los apoyos cuando el Presidente enlist\u00f3 los beneficios de sus programas sociales y al asegurar que las becas ya se est\u00e1n entregando.<\/p>\n<p>-\u00bfC\u00f3mo no?-, replic\u00f3 el Presidente.<\/p>\n<p>-A ver, a ver \u00a1esp\u00e9rense! \u00bfCreen que yo me dejo enga\u00f1ar? Mil 74 becas de universitarios&#8230;, pero los denunciantes insist\u00edan en que no han llegado.<\/p>\n<p>Ya molesto, el Presidente insisti\u00f3 en que es una garant\u00eda que los apoyos se entregar\u00e1n si es que no han llegado.<\/p>\n<p>Y si no les ha llegado, les va a llegar, \u00a1me canso ganso! No es lo mismo de antes, \u00a1esto ya cambi\u00f3! \u00a1Vayan respet\u00e1ndonos! No confundan la pol\u00edtica con la politiquer\u00eda, \u00a1ya chole!\u201d.<\/p>\n<p>Y aprovech\u00f3 para pedir a los inconformes que se deje de estar criticando a las autoridades y se busque la unidad.<\/p>\n<p>\u201cSi cae mal una autoridad ah\u00ed est\u00e1n \u00a1cuestionando y cuestionando a la autoridad! Ya no hay que ser as\u00ed, \u00a1tiene que haber unidad. Es un problema que tenemos que ir arreglando, muchos grupos y muchos pleitos, en la elecci\u00f3n est\u00e1 permitido pelearnos pero cuando termina la elecci\u00f3n hay que unirnos.<\/p>\n<p>\u201cY miren que a nosotros nos hicieron muchas. Nos robaron la Presidencia y pensaban que nos \u00edbamos a hacer a un lado pero como somos tercos insistimos hasta transformar a M\u00e9xico. Pero no somos como ellos, nada de que \u2018ya llegamos y t\u00fa no eres de mi partido, a ti no te doy nada\u201d. Tambi\u00e9n se comprometi\u00f3 a construir el hospital general que se suspendi\u00f3 hace unos a\u00f1os y que la Suprema Corte de Justicia de la Naci\u00f3n (CJN) orden\u00f3 retomar.<\/p>\n<p style=\"text-align: center;\"><strong>Arrancar\u00e9 la corrupci\u00f3n de la vida p\u00fablica de M\u00e9xico, asegura <\/strong><\/p>\n<p>El presidente L\u00f3pez Obrador afirm\u00f3 en Oaxaca que \u201cla Cuarta Transformaci\u00f3n no es ret\u00f3rica ni demagogia\u201d y reiter\u00f3 su compromiso de \u201carrancar la corrupci\u00f3n de la vida p\u00fablica de M\u00e9xico\u201d.<\/p>\n<p>Al iniciar su discurso en el Hospital Rural Santiago Juxtlahuaca, el mandatario agradeci\u00f3 la bienvenida con m\u00fasica que le dio una banda infantil de viento, que interpret\u00f3 la Canci\u00f3n Mixteca, y expuso diversos logros de su gobierno.<\/p>\n<p>L\u00f3pez Obrador est\u00e1 acompa\u00f1ado por el director del Instituto Mexicano del Seguro Social (IMSS) y el gobernador de Oaxaca, en el primero de los dos actos p\u00fablicos que tendr\u00e1 este domingo, \u00faltimo d\u00faa de su gira por Puebla y Oaxaca.<\/p>\n","protected":false},"excerpt":{"rendered":"<p><span style=\"color: #005497;\">Jos\u00e9 Luis Monta\u00f1ez<\/span><br \/>\n<br \/>\nEl presidente Andr\u00e9s Manuel L\u00f3pez Obrador dijo en Oaxaca que las trabas burocr\u00e1ticas del gobierno le han hecho \u201cpasar verg\u00fcenzas\u201d, pues reconoci\u00f3 que s\u00f3lo apareci\u00f3 para la foto entregando recursos a comunidades ind\u00edgenas pero no los han podido cobrar.<\/p>\n","protected":false},"author":1,"featured_media":445280,"comment_status":"open","ping_status":"open","sticky":false,"template":"","format":"standard","meta":{"_monsterinsights_skip_tracking":false,"_monsterinsights_sitenote_active":false,"_monsterinsights_sitenote_note":"","_monsterinsights_sitenote_category":0,"footnotes":""},"categories":[8],"tags":[2545,8148,44,491],"class_list":["post-445279","post","type-post","status-publish","format-standard","has-post-thumbnail","hentry","category-finanzas","tag-amlo","tag-instituto-mexicano-del-seguro-social","tag-mexico","tag-oaxaca"],"_links":{"self":[{"href":"https:\/\/www.diarioimagen.net\/index.php?rest_route=\/wp\/v2\/posts\/445279","targetHints":{"allow":["GET"]}}],"collection":[{"href":"https:\/\/www.diarioimagen.net\/index.php?rest_route=\/wp\/v2\/posts"}],"about":[{"href":"https:\/\/www.diarioimagen.net\/index.php?rest_route=\/wp\/v2\/types\/post"}],"author":[{"embeddable":true,"href":"https:\/\/www.diarioimagen.net\/index.php?rest_route=\/wp\/v2\/users\/1"}],"replies":[{"embeddable":true,"href":"https:\/\/www.diarioimagen.net\/index.php?rest_route=%2Fwp%2Fv2%2Fcomments&post=445279"}],"version-history":[{"count":0,"href":"https:\/\/www.diarioimagen.net\/index.php?rest_route=\/wp\/v2\/posts\/445279\/revisions"}],"wp:featuredmedia":[{"embeddable":true,"href":"https:\/\/www.diarioimagen.net\/index.php?rest_route=\/wp\/v2\/media\/445280"}],"wp:attachment":[{"href":"https:\/\/www.diarioimagen.net\/index.php?rest_route=%2Fwp%2Fv2%2Fmedia&parent=445279"}],"wp:term":[{"taxonomy":"category","embeddable":true,"href":"https:\/\/www.diarioimagen.net\/index.php?rest_route=%2Fwp%2Fv2%2Fcategories&post=445279"},{"taxonomy":"post_tag","embeddable":true,"href":"https:\/\/www.diarioimagen.net\/index.php?rest_route=%2Fwp%2Fv2%2Ftags&post=445279"}],"curies":[{"name":"wp","href":"https:\/\/api.w.org\/{rel}","templated":true}]}}