{"id":445318,"date":"2019-10-07T00:05:25","date_gmt":"2019-10-07T05:05:25","guid":{"rendered":"https:\/\/www.diarioimagen.net\/?p=445318"},"modified":"2019-10-07T05:53:05","modified_gmt":"2019-10-07T10:53:05","slug":"uaem-y-sus-sindicatos-escriben-una-historia-de-progreso-laboral-barrera","status":"publish","type":"post","link":"https:\/\/www.diarioimagen.net\/?p=445318","title":{"rendered":"UAEM y sus sindicatos escriben una historia de progreso laboral: Barrera"},"content":{"rendered":"<ul>\n<li><em><strong>Con el apoyo de la comunidad universitaria<\/strong><\/em><\/li>\n<li><em><strong>Entrega implementos de trabajo a los agremiados del SUTESUAEM<\/strong><\/em><\/li>\n<\/ul>\n<p>&nbsp;<\/p>\n<div id=\"attachment_445411\" style=\"width: 470px\" class=\"wp-caption aligncenter\"><a href=\"https:\/\/www.diarioimagen.net\/?attachment_id=445411\" rel=\"attachment wp-att-445411\"><img loading=\"lazy\" decoding=\"async\" aria-describedby=\"caption-attachment-445411\" class=\"size-large wp-image-445411\" src=\"https:\/\/www.diarioimagen.net\/wp-content\/uploads\/2019\/10\/UAEM-4-460x259.jpg\" alt=\"\" width=\"460\" height=\"259\" srcset=\"https:\/\/www.diarioimagen.net\/wp-content\/uploads\/2019\/10\/UAEM-4-460x259.jpg 460w, https:\/\/www.diarioimagen.net\/wp-content\/uploads\/2019\/10\/UAEM-4-240x135.jpg 240w, https:\/\/www.diarioimagen.net\/wp-content\/uploads\/2019\/10\/UAEM-4-235x132.jpg 235w, https:\/\/www.diarioimagen.net\/wp-content\/uploads\/2019\/10\/UAEM-4-202x114.jpg 202w, https:\/\/www.diarioimagen.net\/wp-content\/uploads\/2019\/10\/UAEM-4-350x196.jpg 350w, https:\/\/www.diarioimagen.net\/wp-content\/uploads\/2019\/10\/UAEM-4-220x123.jpg 220w, https:\/\/www.diarioimagen.net\/wp-content\/uploads\/2019\/10\/UAEM-4-237x132.jpg 237w, https:\/\/www.diarioimagen.net\/wp-content\/uploads\/2019\/10\/UAEM-4.jpg 480w\" sizes=\"auto, (max-width: 460px) 100vw, 460px\" \/><\/a><p id=\"caption-attachment-445411\" class=\"wp-caption-text\">El rector Alfredo Barrera encabez\u00f3 la entrega simb\u00f3lica de 19 mil 930 implementos de trabajo a los agremiados del Sindicato \u00danico de Trabajadores y Empleados al Servicio de esta casa de estudios (SUTESUAEM).<\/p><\/div>\n<p>&nbsp;<\/p>\n<p><strong>Toluca, Estado de M\u00e9xico<\/strong>.\u2013 Con el apoyo de la comunidad universitaria y sin decremento de su proyecto acad\u00e9mico, la Universidad Aut\u00f3noma del Estado de M\u00e9xico y sus sindicatos escriben una historia de progreso laboral, afirm\u00f3 el rector Alfredo Barrera Baca.<\/p>\n<p>Durante la entrega simb\u00f3lica de 19 mil 930 implementos de trabajo a los agremiados del Sindicato \u00danico de Trabajadores y Empleados al Servicio de esta casa de estudios (SUTESUAEM), el rector enfatiz\u00f3 que con esta acci\u00f3n, incluida en la Cl\u00e1usula 68 del Contrato Colectivo de Trabajo, que garantiza equipo especial para que el personal se desempe\u00f1e sin riesgos, la instituci\u00f3n da ejemplo de colaboraci\u00f3n responsable.<\/p>\n<p>En la Sala \u201cDr. Gustavo Baz Prada\u201d del Edificio de Rector\u00eda, refiri\u00f3 que el monto de la inversi\u00f3n en los implementos de trabajo entregados este a\u00f1o es superior al del a\u00f1o anterior, lo que permiti\u00f3 entregar mil 396 art\u00edculos m\u00e1s.<\/p>\n<p>Acompa\u00f1ado del secretario de Administraci\u00f3n,\u00a0Juan Miguel Reyes Viurquez, as\u00ed como la directora de Recursos Humanos de la instituci\u00f3n, Mar\u00eda de los \u00c1ngeles Araujo Gonz\u00e1lez, asever\u00f3 que el sindicalismo universitario reivindica a los trabajadores que, con su labor, hacen que la instituci\u00f3n prevalezca con una inteligente organizaci\u00f3n y el cumplimento de sus obligaciones.<\/p>\n<p>Alfredo Barrera Baca sostuvo que contra la debacle vivida en las \u00faltimas d\u00e9cadas por agrupaciones gremiales de todo el mundo, el sindicalismo en la UAEM se preserva y conquista m\u00e1s logros con dignidad; es vanguardia que abre senderos para sus miembros.<\/p>\n<p>En su momento, el secretario general del SUTESUAEM, Pedro Rodr\u00edguez Magallanes, manifest\u00f3 que la entrega de estos implementos contribuye a un mejor desempe\u00f1o de las actividades diarias de los trabajadores universitarios.<\/p>\n<p>Reconoci\u00f3 el esfuerzo que realiza la Administraci\u00f3n 2017-2021 de la Aut\u00f3noma mexiquense para entregar a los m\u00e1s de dos mil trabajadores afiliados a esta organizaci\u00f3n gremial art\u00edculos suficientes y de buena calidad.<\/p>\n","protected":false},"excerpt":{"rendered":"<p>Con el apoyo de la comunidad universitaria y sin decremento de su proyecto acad\u00e9mico, la Universidad Aut\u00f3noma del Estado de M\u00e9xico y sus sindicatos escriben una historia de progreso laboral, afirm\u00f3 el rector Alfredo Barrera Baca.<\/p>\n","protected":false},"author":3,"featured_media":445411,"comment_status":"open","ping_status":"open","sticky":false,"template":"","format":"standard","meta":{"_monsterinsights_skip_tracking":false,"_monsterinsights_sitenote_active":false,"_monsterinsights_sitenote_note":"","_monsterinsights_sitenote_category":0,"footnotes":""},"categories":[5],"tags":[58572,43675,39329,13540,452],"class_list":["post-445318","post","type-post","status-publish","format-standard","has-post-thumbnail","hentry","category-estado-de-mexico","tag-alfredo-barrera-baca","tag-estado-de-mexico","tag-laboral","tag-progreso","tag-toluca"],"_links":{"self":[{"href":"https:\/\/www.diarioimagen.net\/index.php?rest_route=\/wp\/v2\/posts\/445318","targetHints":{"allow":["GET"]}}],"collection":[{"href":"https:\/\/www.diarioimagen.net\/index.php?rest_route=\/wp\/v2\/posts"}],"about":[{"href":"https:\/\/www.diarioimagen.net\/index.php?rest_route=\/wp\/v2\/types\/post"}],"author":[{"embeddable":true,"href":"https:\/\/www.diarioimagen.net\/index.php?rest_route=\/wp\/v2\/users\/3"}],"replies":[{"embeddable":true,"href":"https:\/\/www.diarioimagen.net\/index.php?rest_route=%2Fwp%2Fv2%2Fcomments&post=445318"}],"version-history":[{"count":0,"href":"https:\/\/www.diarioimagen.net\/index.php?rest_route=\/wp\/v2\/posts\/445318\/revisions"}],"wp:featuredmedia":[{"embeddable":true,"href":"https:\/\/www.diarioimagen.net\/index.php?rest_route=\/wp\/v2\/media\/445411"}],"wp:attachment":[{"href":"https:\/\/www.diarioimagen.net\/index.php?rest_route=%2Fwp%2Fv2%2Fmedia&parent=445318"}],"wp:term":[{"taxonomy":"category","embeddable":true,"href":"https:\/\/www.diarioimagen.net\/index.php?rest_route=%2Fwp%2Fv2%2Fcategories&post=445318"},{"taxonomy":"post_tag","embeddable":true,"href":"https:\/\/www.diarioimagen.net\/index.php?rest_route=%2Fwp%2Fv2%2Ftags&post=445318"}],"curies":[{"name":"wp","href":"https:\/\/api.w.org\/{rel}","templated":true}]}}