{"id":445338,"date":"2019-10-07T00:04:21","date_gmt":"2019-10-07T05:04:21","guid":{"rendered":"https:\/\/www.diarioimagen.net\/?p=445338"},"modified":"2019-10-07T05:56:50","modified_gmt":"2019-10-07T10:56:50","slug":"convoca-difem-a-adultos-mayores-a-participar-en-concurso-de-catrinas","status":"publish","type":"post","link":"https:\/\/www.diarioimagen.net\/?p=445338","title":{"rendered":"Convoca DIFEM a adultos mayores a participar en concurso de catrinas"},"content":{"rendered":"<ul>\n<li><strong><em>Invita a registrar fichas t\u00e9cnicas de los trabajos a concursar<\/em><\/strong><\/li>\n<\/ul>\n<p>&nbsp;<\/p>\n<div id=\"attachment_445417\" style=\"width: 470px\" class=\"wp-caption aligncenter\"><a href=\"https:\/\/www.diarioimagen.net\/?attachment_id=445417\" rel=\"attachment wp-att-445417\"><img loading=\"lazy\" decoding=\"async\" aria-describedby=\"caption-attachment-445417\" class=\"size-large wp-image-445417\" src=\"https:\/\/www.diarioimagen.net\/wp-content\/uploads\/2019\/10\/DIFEM7ok-460x333.jpg\" alt=\"\" width=\"460\" height=\"333\" srcset=\"https:\/\/www.diarioimagen.net\/wp-content\/uploads\/2019\/10\/DIFEM7ok-460x333.jpg 460w, https:\/\/www.diarioimagen.net\/wp-content\/uploads\/2019\/10\/DIFEM7ok-240x174.jpg 240w, https:\/\/www.diarioimagen.net\/wp-content\/uploads\/2019\/10\/DIFEM7ok-90x65.jpg 90w, https:\/\/www.diarioimagen.net\/wp-content\/uploads\/2019\/10\/DIFEM7ok.jpg 700w\" sizes=\"auto, (max-width: 460px) 100vw, 460px\" \/><\/a><p id=\"caption-attachment-445417\" class=\"wp-caption-text\">Invita a registrar las fichas t\u00e9cnicas de los trabajos a concursar, antes del 18 de octubre, en el DIFEM.<\/p><\/div>\n<p>&nbsp;<\/p>\n<p><strong>Toluca, Estado de M\u00e9xico<\/strong>.- Para preservar la herencia e identidad que representan las tradiciones de D\u00eda de Muertos, que son transmitidas y fomentadas por adultos mayores, el DIF Estado de M\u00e9xico convoca a personas de m\u00e1s 60 a\u00f1os de edad para participar en el tradicional Certamen de Catrinas, que se llevar\u00e1 a cabo el pr\u00f3ximo 29 de octubre.<\/p>\n<p>El DIF mexiquense recibir\u00e1 antes del 18 de octubre la ficha t\u00e9cnica de los trabajos a concursar, misma que debe contener el nombre del municipio, del grupo, Casa de D\u00eda o asilo, t\u00edtulo de la catrina, materiales utilizados (papel mach\u00e9, propios de cada regi\u00f3n, as\u00ed como reciclables o naturales), una semblanza en cinco renglones sobre el uso del material usado en la elaboraci\u00f3n de la catrina, as\u00ed como lo que significa para los adultos mayores la catrina y el D\u00eda de Muertos.<\/p>\n<p>Originalidad, creatividad y valor est\u00e9tico, son los aspectos que se evaluar\u00e1n en cada catrina, tarea que estar\u00e1 a cargo de personalidades destacadas en el arte y conocedores de las tradiciones del pa\u00eds, as\u00ed como integrantes de la Direcci\u00f3n General de Patrimonio y Servicios Culturales del Gobierno Estatal.<\/p>\n<p>Con el prop\u00f3sito de unificar el tama\u00f1o de las catrinas, el comit\u00e9 organizador establece que \u00e9stas deben realizarse con una altura de 1.80 metros de alto (no podr\u00e1 ser ni menor ni mayor) conservando los elementos esenciales.<\/p>\n<p>S\u00f3lo podr\u00e1n registrar\u00a0 trabajos de grupos con un m\u00e1ximo de 10 integrantes; este tr\u00e1mite se realizar\u00e1 en la Coordinaci\u00f3n de Atenci\u00f3n a Adultos Mayores del DIFEM, ubicada en Bravo Norte #404, colonia Santa B\u00e1rbara, en Toluca, Estado de M\u00e9xico, de 9:00 a 15:00 horas.<\/p>\n<p>El certamen de Catrinas se llevar\u00e1 a cabo en la explanada del Teatro Morelos, ubicada en Av. Aquiles Serd\u00e1n s\/n Col. Centro, Toluca, Estado de M\u00e9xico, el pr\u00f3ximo 29 de octubre.<\/p>\n<p>Las familias mexiquenses podr\u00e1n disfrutar la exposici\u00f3n de las catrinas elaboradas por las personas adultas mayores en el Museo de Bellas Artes de Toluca, del 30 de octubre al 29 de noviembre.<\/p>\n<p>Realizar\u00e1 el DIFEM el concurso de catrinas el pr\u00f3ximo 29 de octubre, en la explanada del Teatro Morelos.<\/p>\n","protected":false},"excerpt":{"rendered":"<p>Para preservar la herencia e identidad que representan las tradiciones de D\u00eda de Muertos, que son transmitidas y fomentadas por adultos mayores, el DIF Estado de M\u00e9xico convoca a personas de m\u00e1s 60 a\u00f1os de edad para participar en el tradicional Certamen de Catrinas, que se llevar\u00e1 a cabo el pr\u00f3ximo 29 de octubre.<\/p>\n","protected":false},"author":3,"featured_media":445417,"comment_status":"open","ping_status":"open","sticky":false,"template":"","format":"standard","meta":{"_monsterinsights_skip_tracking":false,"_monsterinsights_sitenote_active":false,"_monsterinsights_sitenote_note":"","_monsterinsights_sitenote_category":0,"footnotes":""},"categories":[5],"tags":[43675,452],"class_list":["post-445338","post","type-post","status-publish","format-standard","has-post-thumbnail","hentry","category-estado-de-mexico","tag-estado-de-mexico","tag-toluca"],"_links":{"self":[{"href":"https:\/\/www.diarioimagen.net\/index.php?rest_route=\/wp\/v2\/posts\/445338","targetHints":{"allow":["GET"]}}],"collection":[{"href":"https:\/\/www.diarioimagen.net\/index.php?rest_route=\/wp\/v2\/posts"}],"about":[{"href":"https:\/\/www.diarioimagen.net\/index.php?rest_route=\/wp\/v2\/types\/post"}],"author":[{"embeddable":true,"href":"https:\/\/www.diarioimagen.net\/index.php?rest_route=\/wp\/v2\/users\/3"}],"replies":[{"embeddable":true,"href":"https:\/\/www.diarioimagen.net\/index.php?rest_route=%2Fwp%2Fv2%2Fcomments&post=445338"}],"version-history":[{"count":0,"href":"https:\/\/www.diarioimagen.net\/index.php?rest_route=\/wp\/v2\/posts\/445338\/revisions"}],"wp:featuredmedia":[{"embeddable":true,"href":"https:\/\/www.diarioimagen.net\/index.php?rest_route=\/wp\/v2\/media\/445417"}],"wp:attachment":[{"href":"https:\/\/www.diarioimagen.net\/index.php?rest_route=%2Fwp%2Fv2%2Fmedia&parent=445338"}],"wp:term":[{"taxonomy":"category","embeddable":true,"href":"https:\/\/www.diarioimagen.net\/index.php?rest_route=%2Fwp%2Fv2%2Fcategories&post=445338"},{"taxonomy":"post_tag","embeddable":true,"href":"https:\/\/www.diarioimagen.net\/index.php?rest_route=%2Fwp%2Fv2%2Ftags&post=445338"}],"curies":[{"name":"wp","href":"https:\/\/api.w.org\/{rel}","templated":true}]}}