{"id":445340,"date":"2019-10-07T00:03:51","date_gmt":"2019-10-07T05:03:51","guid":{"rendered":"https:\/\/www.diarioimagen.net\/?p=445340"},"modified":"2019-10-07T06:05:06","modified_gmt":"2019-10-07T11:05:06","slug":"nada-ni-nadie-vulnerara-81-anos-de-logros-y-luchas-tomas-palomares","status":"publish","type":"post","link":"https:\/\/www.diarioimagen.net\/?p=445340","title":{"rendered":"\u00a1Nada ni nadie, vulnerar\u00e1\u00a0 81 a\u00f1os de logros y luchas!: Tom\u00e1s Palomares"},"content":{"rendered":"<ul>\n<li><strong><em>\u201cOrganizaci\u00f3n, m\u00e1s fuerte que nunca\u201d<\/em><\/strong><\/li>\n<\/ul>\n<p>&nbsp;<\/p>\n<div id=\"attachment_445420\" style=\"width: 470px\" class=\"wp-caption aligncenter\"><a href=\"https:\/\/www.diarioimagen.net\/?attachment_id=445420\" rel=\"attachment wp-att-445420\"><img loading=\"lazy\" decoding=\"async\" aria-describedby=\"caption-attachment-445420\" class=\"size-large wp-image-445420\" src=\"https:\/\/www.diarioimagen.net\/wp-content\/uploads\/2019\/10\/naucalpan-460x259.jpg\" alt=\"\" width=\"460\" height=\"259\" srcset=\"https:\/\/www.diarioimagen.net\/wp-content\/uploads\/2019\/10\/naucalpan-460x259.jpg 460w, https:\/\/www.diarioimagen.net\/wp-content\/uploads\/2019\/10\/naucalpan-240x135.jpg 240w, https:\/\/www.diarioimagen.net\/wp-content\/uploads\/2019\/10\/naucalpan-235x132.jpg 235w, https:\/\/www.diarioimagen.net\/wp-content\/uploads\/2019\/10\/naucalpan-202x114.jpg 202w, https:\/\/www.diarioimagen.net\/wp-content\/uploads\/2019\/10\/naucalpan-350x196.jpg 350w, https:\/\/www.diarioimagen.net\/wp-content\/uploads\/2019\/10\/naucalpan-220x123.jpg 220w, https:\/\/www.diarioimagen.net\/wp-content\/uploads\/2019\/10\/naucalpan-237x132.jpg 237w, https:\/\/www.diarioimagen.net\/wp-content\/uploads\/2019\/10\/naucalpan.jpg 480w\" sizes=\"auto, (max-width: 460px) 100vw, 460px\" \/><\/a><p id=\"caption-attachment-445420\" class=\"wp-caption-text\">El Sindicato \u00danico de Trabajadores del Estado y sus Municipios, as\u00ed como sus agremiados en la entidad mexiquense, \u00a0alzaron la voz para expresarse de forma un\u00e1nime y contundente.<\/p><\/div>\n<p>&nbsp;<\/p>\n<p><strong>Naucalpan, Estado de M\u00e9xico<\/strong>.- El Sindicato \u00danico de Trabajadores del Estado y sus Municipios \u00a0(SUTEYM), as\u00ed como sus agremiados en la entidad mexiquense, \u00a0alzaron la voz para expresar de forma un\u00e1nime y contundente, que \u00e9sta organizaci\u00f3n est\u00e1 m\u00e1s fuerte que nunca. Su energ\u00eda es capaz de vencer cualquier obst\u00e1culo y adversidad, \u00a0porque su fortaleza \u00a0 radica en la unidad de sus integrantes. No permitiremos que nada ni nadie \u00a0vulnere lo logrado en m\u00e1s de 80a\u00f1os de existencia.<\/p>\n<p>As\u00ed lo expres\u00f3 Tom\u00e1s Palomares Parra, dirigente de ese gremio sindical en el municipio de Naucalpan, al tiempo de destacar que es de suma importancia continuar con la unidad al interior y exterior del SUTEyM, pues \u201chemos visto en los \u00faltimos d\u00edas y semanas que hay una embestida en contra de nuestro gremio\u201d, dijo.<\/p>\n<p>Palomares Parra, habl\u00f3 fuerte: \u201cHemos visto en las noticias que hay un gremio, advenedizo lo llamo yo, \u00a0que viene despu\u00e9s de 81 a\u00f1os a querer ser los redentores de la clase social y eso es completamente falso\u201d.<\/p>\n<p>Sin decir nombres, pero en clara referencia a la Confederaci\u00f3n Aut\u00f3noma de Trabajadores y Empleados de M\u00e9xico (CATEM), el joven dirigente destac\u00f3 que \u201cExisten pseudo l\u00edderes que hoy nos vienen a ofrecer espejitos con mentiras, con enga\u00f1os \u00a0a decirnos que las dirigencias -del Suteym- no estamos haciendo bien nuestro trabajo, sin embargo hay que ver de donde provienen esos dizque redentores de la democracia sindical\u201d., dijo.<\/p>\n<p>Tom\u00e1s Palomares, fue tajante al expresar \u00a0que \u201c hay que ser claros al se\u00f1alar que estos pseudo l\u00edderes vienen de instituciones que se han consumido. Hay que reconocer que s\u00f3lo son una plaga que devoran la cosecha y huyen. Les decimos que en ese caso no est\u00e1 el SUTEyM\u201d, abund\u00f3.<\/p>\n<p>Entrevistado al t\u00e9rmino de un evento, el dirigente puntualiz\u00f3 el \u201cEl SUTEyM es una instituci\u00f3n prestigiosa. El Suteym es una instituci\u00f3n hist\u00f3rica formada por hombres y mujeres de bien, por trabajadores que estoy seguro que de ninguna manera van a arriesgar su patrimonio y su historia por ir a recibir espejitos de la nada\u201d.<\/p>\n","protected":false},"excerpt":{"rendered":"<p>El Sindicato \u00danico de Trabajadores del Estado y sus Municipios \u00a0(SUTEYM), as\u00ed como sus agremiados en la entidad mexiquense, \u00a0alzaron la voz para expresar de forma un\u00e1nime y contundente, que \u00e9sta organizaci\u00f3n est\u00e1 m\u00e1s fuerte que nunca. Su energ\u00eda es capaz de vencer cualquier obst\u00e1culo y adversidad, \u00a0porque su fortaleza \u00a0 radica en la unidad de sus integrantes. No permitiremos que nada ni nadie \u00a0vulnere lo logrado en m\u00e1s de 80a\u00f1os de existencia.<\/p>\n","protected":false},"author":3,"featured_media":445420,"comment_status":"open","ping_status":"open","sticky":false,"template":"","format":"standard","meta":{"_monsterinsights_skip_tracking":false,"_monsterinsights_sitenote_active":false,"_monsterinsights_sitenote_note":"","_monsterinsights_sitenote_category":0,"footnotes":""},"categories":[5],"tags":[43675,970,47930],"class_list":["post-445340","post","type-post","status-publish","format-standard","has-post-thumbnail","hentry","category-estado-de-mexico","tag-estado-de-mexico","tag-naucalpan","tag-sindicato-unico-de-trabajadores-del-estado-y-sus-municipios"],"_links":{"self":[{"href":"https:\/\/www.diarioimagen.net\/index.php?rest_route=\/wp\/v2\/posts\/445340","targetHints":{"allow":["GET"]}}],"collection":[{"href":"https:\/\/www.diarioimagen.net\/index.php?rest_route=\/wp\/v2\/posts"}],"about":[{"href":"https:\/\/www.diarioimagen.net\/index.php?rest_route=\/wp\/v2\/types\/post"}],"author":[{"embeddable":true,"href":"https:\/\/www.diarioimagen.net\/index.php?rest_route=\/wp\/v2\/users\/3"}],"replies":[{"embeddable":true,"href":"https:\/\/www.diarioimagen.net\/index.php?rest_route=%2Fwp%2Fv2%2Fcomments&post=445340"}],"version-history":[{"count":0,"href":"https:\/\/www.diarioimagen.net\/index.php?rest_route=\/wp\/v2\/posts\/445340\/revisions"}],"wp:featuredmedia":[{"embeddable":true,"href":"https:\/\/www.diarioimagen.net\/index.php?rest_route=\/wp\/v2\/media\/445420"}],"wp:attachment":[{"href":"https:\/\/www.diarioimagen.net\/index.php?rest_route=%2Fwp%2Fv2%2Fmedia&parent=445340"}],"wp:term":[{"taxonomy":"category","embeddable":true,"href":"https:\/\/www.diarioimagen.net\/index.php?rest_route=%2Fwp%2Fv2%2Fcategories&post=445340"},{"taxonomy":"post_tag","embeddable":true,"href":"https:\/\/www.diarioimagen.net\/index.php?rest_route=%2Fwp%2Fv2%2Ftags&post=445340"}],"curies":[{"name":"wp","href":"https:\/\/api.w.org\/{rel}","templated":true}]}}