{"id":445344,"date":"2019-10-07T00:01:30","date_gmt":"2019-10-07T05:01:30","guid":{"rendered":"https:\/\/www.diarioimagen.net\/?p=445344"},"modified":"2019-10-07T06:07:41","modified_gmt":"2019-10-07T11:07:41","slug":"alcalde-de-toluca-y-embajador-de-eu-recorren-la-feria-y-festival-internacional-alfenique","status":"publish","type":"post","link":"https:\/\/www.diarioimagen.net\/?p=445344","title":{"rendered":"Alcalde de Toluca y embajador de EU recorren la Feria y Festival Internacional Alfe\u00f1ique"},"content":{"rendered":"<div id=\"attachment_445426\" style=\"width: 470px\" class=\"wp-caption aligncenter\"><a href=\"https:\/\/www.diarioimagen.net\/?attachment_id=445426\" rel=\"attachment wp-att-445426\"><img loading=\"lazy\" decoding=\"async\" aria-describedby=\"caption-attachment-445426\" class=\"wp-image-445426 size-large\" src=\"https:\/\/www.diarioimagen.net\/wp-content\/uploads\/2019\/10\/toluca-460x259.jpg\" alt=\"\" width=\"460\" height=\"259\" srcset=\"https:\/\/www.diarioimagen.net\/wp-content\/uploads\/2019\/10\/toluca-460x259.jpg 460w, https:\/\/www.diarioimagen.net\/wp-content\/uploads\/2019\/10\/toluca-240x135.jpg 240w, https:\/\/www.diarioimagen.net\/wp-content\/uploads\/2019\/10\/toluca-235x132.jpg 235w, https:\/\/www.diarioimagen.net\/wp-content\/uploads\/2019\/10\/toluca-202x114.jpg 202w, https:\/\/www.diarioimagen.net\/wp-content\/uploads\/2019\/10\/toluca-350x196.jpg 350w, https:\/\/www.diarioimagen.net\/wp-content\/uploads\/2019\/10\/toluca-220x123.jpg 220w, https:\/\/www.diarioimagen.net\/wp-content\/uploads\/2019\/10\/toluca-237x132.jpg 237w, https:\/\/www.diarioimagen.net\/wp-content\/uploads\/2019\/10\/toluca.jpg 480w\" sizes=\"auto, (max-width: 460px) 100vw, 460px\" \/><\/a><p id=\"caption-attachment-445426\" class=\"wp-caption-text\">Ofrecer\u00e1n consultas m\u00e9dicas, toma de glucosa, colesterol y triglic\u00e9ridos, asesor\u00edas nutricionales y psicol\u00f3gicas, entre otros servicios.<\/p><\/div>\n<p>&nbsp;<\/p>\n<p><strong>Toluca, Estado de M\u00e9xico.- <\/strong>El presidente municipal de Toluca, Juan Rodolfo S\u00e1nchez G\u00f3mez, acompa\u00f1\u00f3 durante una visita por la capital mexiquense, al embajador de los Estados Unidos en M\u00e9xico Christopher Landau, en un recorrido por la Feria y Festival Internacional Alfe\u00f1ique Toluca 2019.<\/p>\n<p>Disfrutaron de los coloridos y tradicionales portales, donde est\u00e1n instalados m\u00e1s de 80 puestos en los que se ofrecen los productos alusivos al d\u00eda de muertos. Durante su caminar por el Centro Hist\u00f3rico de Toluca, S\u00e1nchez G\u00f3mez y Christopher Landau, disfrutaron tambi\u00e9n de los dulces t\u00edpicos.<\/p>\n<p>El edil toluque\u00f1o reconoci\u00f3 a los comerciantes y resalt\u00f3 la importancia de mantener estas tradiciones, pues son una oportunidad para dar a conocer la cultura de la capital, al mundo.<\/p>\n<p>&nbsp;<\/p>\n","protected":false},"excerpt":{"rendered":"<p>El presidente municipal de Toluca, Juan Rodolfo S\u00e1nchez G\u00f3mez, acompa\u00f1\u00f3 durante una visita por la capital mexiquense, al embajador de los Estados Unidos en M\u00e9xico Christopher Landau, en un recorrido por la Feria y Festival Internacional Alfe\u00f1ique Toluca 2019.<\/p>\n","protected":false},"author":3,"featured_media":445426,"comment_status":"open","ping_status":"open","sticky":false,"template":"","format":"standard","meta":{"_monsterinsights_skip_tracking":false,"_monsterinsights_sitenote_active":false,"_monsterinsights_sitenote_note":"","_monsterinsights_sitenote_category":0,"footnotes":""},"categories":[5],"tags":[43675,277,73929,452],"class_list":["post-445344","post","type-post","status-publish","format-standard","has-post-thumbnail","hentry","category-estado-de-mexico","tag-estado-de-mexico","tag-mexiquense","tag-recorren","tag-toluca"],"_links":{"self":[{"href":"https:\/\/www.diarioimagen.net\/index.php?rest_route=\/wp\/v2\/posts\/445344","targetHints":{"allow":["GET"]}}],"collection":[{"href":"https:\/\/www.diarioimagen.net\/index.php?rest_route=\/wp\/v2\/posts"}],"about":[{"href":"https:\/\/www.diarioimagen.net\/index.php?rest_route=\/wp\/v2\/types\/post"}],"author":[{"embeddable":true,"href":"https:\/\/www.diarioimagen.net\/index.php?rest_route=\/wp\/v2\/users\/3"}],"replies":[{"embeddable":true,"href":"https:\/\/www.diarioimagen.net\/index.php?rest_route=%2Fwp%2Fv2%2Fcomments&post=445344"}],"version-history":[{"count":0,"href":"https:\/\/www.diarioimagen.net\/index.php?rest_route=\/wp\/v2\/posts\/445344\/revisions"}],"wp:featuredmedia":[{"embeddable":true,"href":"https:\/\/www.diarioimagen.net\/index.php?rest_route=\/wp\/v2\/media\/445426"}],"wp:attachment":[{"href":"https:\/\/www.diarioimagen.net\/index.php?rest_route=%2Fwp%2Fv2%2Fmedia&parent=445344"}],"wp:term":[{"taxonomy":"category","embeddable":true,"href":"https:\/\/www.diarioimagen.net\/index.php?rest_route=%2Fwp%2Fv2%2Fcategories&post=445344"},{"taxonomy":"post_tag","embeddable":true,"href":"https:\/\/www.diarioimagen.net\/index.php?rest_route=%2Fwp%2Fv2%2Ftags&post=445344"}],"curies":[{"name":"wp","href":"https:\/\/api.w.org\/{rel}","templated":true}]}}