{"id":445389,"date":"2019-10-07T00:03:23","date_gmt":"2019-10-07T05:03:23","guid":{"rendered":"https:\/\/www.diarioimagen.net\/?p=445389"},"modified":"2019-10-08T02:50:41","modified_gmt":"2019-10-08T07:50:41","slug":"la-snte-oportunista","status":"publish","type":"post","link":"https:\/\/www.diarioimagen.net\/?p=445389","title":{"rendered":"La SNTE, oportunista"},"content":{"rendered":"<h2>Espacio Electoral<\/h2>\n<h5>Eleazar Flores<\/h5>\n<p><strong>\u00a0<\/strong><strong>\u00a0<\/strong><\/p>\n<p><strong>Ahora resulta.<\/strong>&#8211; En esta era de la \u201cCuarta Transformaci\u00f3n\u201d, o al rev\u00e9s como todos dicen pero pocos escriben, ya nada extra\u00f1a, ni el viraje del oficialista Sindicato Nacional de Trabajadores de la Educaci\u00f3n, SNTE,\u00a0 pero el barberismo del s\u00e1bado pasado para con AMLO no tuvo medida.<\/p>\n<p>Muchos justifican aplaudirle todo al Presidente de la Rep\u00fablica por parte del SNTE, sabedores \u00e9stos que la CNTE de hecho les ha comido el mandado ante el tabasque\u00f1o y aceptar\u00edan migajas del gobierno federal antes de sentirse m\u00e1s relegados de lo que ya est\u00e1n, del mandatario y lo m\u00e1s denigrante, hasta del secretario de Educaci\u00f3n Esteban Moctezuma.<\/p>\n<p>M\u00edtin.-El 75 aniversario del SNTE y la celebraci\u00f3n del D\u00eda Mundial del Docente, fue motivo m\u00e1s que suficiente para que la dirigencia encabezada por el secretario general del gremio Alfonso Cepeda Gonz\u00e1lez, congregara a cerca de 20 mil mentores, aseguran, en el mismo z\u00f3calo capitalino, cerca de donde vive ya saben qui\u00e9n.<\/p>\n<p>El dirigente sindical presumi\u00f3 el aumento del 10 por ciento a los salarios del mill\u00f3n y cuarto de docentes del pa\u00eds, adem\u00e1s de otras prestaciones. Este pudo haber sido un anuncio institucional pero donde se pas\u00f3 de oficialista el secretario general del SNTE fue cuando presumi\u00f3 apoyar la nueva reforma de la reforma educativa de la Cuarta Transformaci\u00f3n.<\/p>\n<p>El dirigente gremial dio al actual gobierno todo el apoyo a la nueva reforma educativa, con un vocabulario semejante al que emple\u00f3 cuando apoy\u00f3 la primera reforma educativa del entonces presidente Enrique Pe\u00f1a Nieto. El cambio del dirigente sindical es lo m\u00e1s normal, como el de todos quienes para quedar bien con el jefe en turno todo le aplauden.<\/p>\n<p>N\u00fameros.- Si la dirigencia nacional del SNTE tuviera un poco m\u00e1s de inteligencia le ser\u00eda suficiente mostrar su fuerza num\u00e9rica ante la autoridad, sea quien fuere.<\/p>\n<p>El Sindicato Nacional de Trabajadores de la Educaci\u00f3n tiene una membres\u00eda de un\u00a0 mill\u00f3n 250 mil plazas docentes aproximadamente, pero personas f\u00edsicas llegar\u00e1n tal vez al mill\u00f3n pues hay personas con doble plaza. La Coordinadora Nacional de Trabajadores de la Educaci\u00f3n, CNTE, tiene una militancia de escasos 200 mil profesores ubicados en Oaxaca, Chiapas, Michoac\u00e1n y Guerrero.<\/p>\n<p>Es cierto que hay simpatizantes del CNTE en otras entidades pero no son militantes abiertos por lo que oficialmente el SNTE es mayor\u00eda en todo el pa\u00eds pero sin capacidad para hacer ruido y presionar ante el gobierno pues \u00e9ste ha abierto de par en par las puertas de Palacio Nacional\u2026pero para los del CNTE que son minor\u00eda. Ni la SEP atiende al SNTE.<\/p>\n<p>Por ahora as\u00ed andan los ambientes entre SEP, SNTE y la consentida CNTE.<\/p>\n<p><a href=\"mailto:elefa44@gmail.com\" target=\"_blank\" rel=\"noopener noreferrer\"><em>elefa44@gmail.com<\/em><\/a><\/p>\n","protected":false},"excerpt":{"rendered":"<p><span style=\"color: #005497;\"><strong>Eleazar Flores<\/strong><\/span><\/p>\n","protected":false},"author":3,"featured_media":0,"comment_status":"open","ping_status":"open","sticky":false,"template":"","format":"standard","meta":{"_monsterinsights_skip_tracking":false,"_monsterinsights_sitenote_active":false,"_monsterinsights_sitenote_note":"","_monsterinsights_sitenote_category":0,"footnotes":""},"categories":[81743],"tags":[81744,81776,43674],"class_list":["post-445389","post","type-post","status-publish","format-standard","hentry","category-eleazar-flores","tag-eleazar-flores","tag-espacio-electoral","tag-opinion"],"_links":{"self":[{"href":"https:\/\/www.diarioimagen.net\/index.php?rest_route=\/wp\/v2\/posts\/445389","targetHints":{"allow":["GET"]}}],"collection":[{"href":"https:\/\/www.diarioimagen.net\/index.php?rest_route=\/wp\/v2\/posts"}],"about":[{"href":"https:\/\/www.diarioimagen.net\/index.php?rest_route=\/wp\/v2\/types\/post"}],"author":[{"embeddable":true,"href":"https:\/\/www.diarioimagen.net\/index.php?rest_route=\/wp\/v2\/users\/3"}],"replies":[{"embeddable":true,"href":"https:\/\/www.diarioimagen.net\/index.php?rest_route=%2Fwp%2Fv2%2Fcomments&post=445389"}],"version-history":[{"count":0,"href":"https:\/\/www.diarioimagen.net\/index.php?rest_route=\/wp\/v2\/posts\/445389\/revisions"}],"wp:attachment":[{"href":"https:\/\/www.diarioimagen.net\/index.php?rest_route=%2Fwp%2Fv2%2Fmedia&parent=445389"}],"wp:term":[{"taxonomy":"category","embeddable":true,"href":"https:\/\/www.diarioimagen.net\/index.php?rest_route=%2Fwp%2Fv2%2Fcategories&post=445389"},{"taxonomy":"post_tag","embeddable":true,"href":"https:\/\/www.diarioimagen.net\/index.php?rest_route=%2Fwp%2Fv2%2Ftags&post=445389"}],"curies":[{"name":"wp","href":"https:\/\/api.w.org\/{rel}","templated":true}]}}