{"id":445498,"date":"2019-10-08T00:05:41","date_gmt":"2019-10-08T05:05:41","guid":{"rendered":"https:\/\/www.diarioimagen.net\/?p=445498"},"modified":"2019-10-08T04:39:37","modified_gmt":"2019-10-08T09:39:37","slug":"egresados-de-uaem-redisenaran-fachada-del-edificio-del-sistema-de-radio-y-tv-mexiquense","status":"publish","type":"post","link":"https:\/\/www.diarioimagen.net\/?p=445498","title":{"rendered":"Egresados de UAEM redise\u00f1ar\u00e1n fachada del edificio del sistema de radio y TV mexiquense"},"content":{"rendered":"<ul>\n<li><strong><em>Primera fase de construcci\u00f3n iniciar\u00e1 en noviembre<\/em><\/strong><\/li>\n<\/ul>\n<p>&nbsp;<\/p>\n<div id=\"attachment_445578\" style=\"width: 470px\" class=\"wp-caption aligncenter\"><a href=\"https:\/\/www.diarioimagen.net\/?attachment_id=445578\" rel=\"attachment wp-att-445578\"><img loading=\"lazy\" decoding=\"async\" aria-describedby=\"caption-attachment-445578\" class=\"size-large wp-image-445578\" src=\"https:\/\/www.diarioimagen.net\/wp-content\/uploads\/2019\/10\/UAEM-5-460x259.jpg\" alt=\"\" width=\"460\" height=\"259\" srcset=\"https:\/\/www.diarioimagen.net\/wp-content\/uploads\/2019\/10\/UAEM-5-460x259.jpg 460w, https:\/\/www.diarioimagen.net\/wp-content\/uploads\/2019\/10\/UAEM-5-240x135.jpg 240w, https:\/\/www.diarioimagen.net\/wp-content\/uploads\/2019\/10\/UAEM-5-235x132.jpg 235w, https:\/\/www.diarioimagen.net\/wp-content\/uploads\/2019\/10\/UAEM-5-202x114.jpg 202w, https:\/\/www.diarioimagen.net\/wp-content\/uploads\/2019\/10\/UAEM-5-350x196.jpg 350w, https:\/\/www.diarioimagen.net\/wp-content\/uploads\/2019\/10\/UAEM-5-220x123.jpg 220w, https:\/\/www.diarioimagen.net\/wp-content\/uploads\/2019\/10\/UAEM-5-237x132.jpg 237w, https:\/\/www.diarioimagen.net\/wp-content\/uploads\/2019\/10\/UAEM-5.jpg 480w\" sizes=\"auto, (max-width: 460px) 100vw, 460px\" \/><\/a><p id=\"caption-attachment-445578\" class=\"wp-caption-text\">Egresados de la Facultad de Arquitectura y Dise\u00f1o de la UAEM ganaron el concurso realizado para tal fin.<\/p><\/div>\n<p>&nbsp;<\/p>\n<p><strong>Toluca, Estado de M\u00e9xico<\/strong>.- Egresados de la Facultad de Arquitectura y Dise\u00f1o de la Universidad Aut\u00f3noma del Estado de M\u00e9xico ganaron el concurso de redise\u00f1o de fachada del edificio del Sistema de Radio y Televisi\u00f3n Mexiquense, cuya primera fase de construcci\u00f3n iniciar\u00e1 el pr\u00f3ximo mes de noviembre.<\/p>\n<p>Fernando \u00c1ngeles Nava, Jes\u00fas Alejandro Pichardo G\u00f3mez y David Trejo Ruiz, reci\u00e9n egresados de la Licenciatura en Arquitectura, formaron el equipo A.U+HUB Arquitect\u00f3nico y obtuvieron el primer lugar de entre los 19 equipos conformados por alumnos, docentes, egresados o mixtos de las carreras de Arquitectura y Administraci\u00f3n y Promoci\u00f3n de la Obra Urbana de la Facultad que postularon propuestas.<\/p>\n<p>Luego de entregar reconocimientos a los ganadores de este certamen, la directora de dicho organismo universitario, Martha Patricia Zarza Delgado, agradeci\u00f3 \u201ca todos los que participaron y pusieron en un muy buen lugar a la Facultad de Arquitectura y Dise\u00f1o, mediante propuestas tan interesantes\u201d.<\/p>\n<p>El acad\u00e9mico Edgardo Villegas S\u00e1nchez explic\u00f3 que el concurso es resultado de un convenio signado entre la Facultad y el Sistema de Radio y Televisi\u00f3n Mexiquense.<\/p>\n<p>Por su parte, Fernando \u00c1ngeles Nava, integrante de A.U+HUB Arquitect\u00f3nico, comparti\u00f3 que una vez que recibieron la noticia de que eran los ganadores del certamen se involucraron de manera directa con el proyecto y realizaron algunos ajustes a su propuesta.<\/p>\n<p>Cabe destacar que con la presentaci\u00f3n del proyecto ganador y la entrega de reconocimientos a los mejores promedios de la Facultad concluy\u00f3 la Semana de la Arquitectura, que llev\u00f3 a cabo este organismo acad\u00e9mico universitario con motivo de su 35 aniversario.<\/p>\n","protected":false},"excerpt":{"rendered":"<p>Egresados de la Facultad de Arquitectura y Dise\u00f1o de la Universidad Aut\u00f3noma del Estado de M\u00e9xico ganaron el concurso de redise\u00f1o de fachada del edificio del Sistema de Radio y Televisi\u00f3n Mexiquense, cuya primera fase de construcci\u00f3n iniciar\u00e1 el pr\u00f3ximo mes de noviembre.<\/p>\n","protected":false},"author":3,"featured_media":445578,"comment_status":"open","ping_status":"open","sticky":false,"template":"","format":"standard","meta":{"_monsterinsights_skip_tracking":false,"_monsterinsights_sitenote_active":false,"_monsterinsights_sitenote_note":"","_monsterinsights_sitenote_category":0,"footnotes":""},"categories":[5],"tags":[43675,452,2008,1491],"class_list":["post-445498","post","type-post","status-publish","format-standard","has-post-thumbnail","hentry","category-estado-de-mexico","tag-estado-de-mexico","tag-toluca","tag-tv","tag-uaem"],"_links":{"self":[{"href":"https:\/\/www.diarioimagen.net\/index.php?rest_route=\/wp\/v2\/posts\/445498","targetHints":{"allow":["GET"]}}],"collection":[{"href":"https:\/\/www.diarioimagen.net\/index.php?rest_route=\/wp\/v2\/posts"}],"about":[{"href":"https:\/\/www.diarioimagen.net\/index.php?rest_route=\/wp\/v2\/types\/post"}],"author":[{"embeddable":true,"href":"https:\/\/www.diarioimagen.net\/index.php?rest_route=\/wp\/v2\/users\/3"}],"replies":[{"embeddable":true,"href":"https:\/\/www.diarioimagen.net\/index.php?rest_route=%2Fwp%2Fv2%2Fcomments&post=445498"}],"version-history":[{"count":0,"href":"https:\/\/www.diarioimagen.net\/index.php?rest_route=\/wp\/v2\/posts\/445498\/revisions"}],"wp:featuredmedia":[{"embeddable":true,"href":"https:\/\/www.diarioimagen.net\/index.php?rest_route=\/wp\/v2\/media\/445578"}],"wp:attachment":[{"href":"https:\/\/www.diarioimagen.net\/index.php?rest_route=%2Fwp%2Fv2%2Fmedia&parent=445498"}],"wp:term":[{"taxonomy":"category","embeddable":true,"href":"https:\/\/www.diarioimagen.net\/index.php?rest_route=%2Fwp%2Fv2%2Fcategories&post=445498"},{"taxonomy":"post_tag","embeddable":true,"href":"https:\/\/www.diarioimagen.net\/index.php?rest_route=%2Fwp%2Fv2%2Ftags&post=445498"}],"curies":[{"name":"wp","href":"https:\/\/api.w.org\/{rel}","templated":true}]}}