{"id":445551,"date":"2019-10-08T00:06:40","date_gmt":"2019-10-08T05:06:40","guid":{"rendered":"https:\/\/www.diarioimagen.net\/?p=445551"},"modified":"2019-10-08T02:49:50","modified_gmt":"2019-10-08T07:49:50","slug":"el-caballo-de-troya-mexicano","status":"publish","type":"post","link":"https:\/\/www.diarioimagen.net\/?p=445551","title":{"rendered":"El Caballo de Troya mexicano"},"content":{"rendered":"<h2>Con mi mano izquierda&#8230;<\/h2>\n<h5>Edgar G\u00f3mez Flores<\/h5>\n<p>&nbsp;<\/p>\n<p>Cuando los griegos decidieron crear un caballo para enga\u00f1ar a los troyanos, como supuesto regalo y poco despu\u00e9s introducir un ej\u00e9rcito enemigo que tomara el control de una guerra que parec\u00eda perdida; seguramente los riesgos de un \u00e9xito o fracaso de esta estrategia estaban presentes.<\/p>\n<p>Ahora, al trasladar este pasaje m\u00edtico hist\u00f3rico de la antigua Grecia, vienen a mi mente los artilugios con los que la Cuarta Transformaci\u00f3n se involucraron en quien es considerado un \u201celectorado conservador\u201d, como lo es el mexicano.<\/p>\n<p>En este sentido, m\u00e1s que un an\u00e1lisis estructurado de lo sucedido en estos primeros diez meses de gobierno, quiero hacerme la pregunta:<\/p>\n<p>\u00bfQu\u00e9 viene dentro de este Caballo de Troya mexicano? As\u00ed, me nacen las siguientes preguntas previas a afirmar que, lo que tenemos enfrente, es un plan detallado disfrazado de democracia: (1) \u00bfLo que la gente pens\u00f3 antes de votar por el presidente Andr\u00e9s Manuel L\u00f3pez Obrador es semejante a su forma de Gobierno?, (2) \u00bfla carga de ideales vertida en la campa\u00f1a tiene un sustento en la estructura de la Administraci\u00f3n P\u00fablica que ha planteado el Presidente? y por \u00faltimo (3) \u00bfesperamos que lo prometido se vuelva realidad?<\/p>\n<p>Sobre esto tratar\u00e9 de abordar las preguntas se\u00f1aladas con un enfoque realista de lo que ha pasado en este per\u00edodo de gobierno. En este sentido, puedo se\u00f1alar que el Presidente, a\u00fan cuando ha dejado claro, en el discurso que d\u00eda a d\u00eda pronuncia en sus conferencias ma\u00f1aneras, que su gobierno debe asentarse en la austeridad y combate a la corrupci\u00f3n. Sin embargo, de manera paralela, ha dejado entrever dos temas que estrat\u00e9gicamente han quedado soslayados por la opini\u00f3n p\u00fablica:<\/p>\n<ol>\n<li>El Presidente no se comporta como el Presidente de M\u00e9xico y por el contrario, se asume como un Presidente regionalista (del Sureste). De primera instancia, para soportar este dicho, cuento con sus proyectos prioritarios los cuales se ubican en esa zona (Tren Mmaya, refiner\u00eda de Dos Bocas, el Tren Trans\u00edstmico). Adicionalmente muestra, de distintas formas, desdenes hacia el centro y norte del pa\u00eds; ya sea al cancelar a mano alzada un Metrob\u00fas en la zona de La Laguna o cancelar un aeropuerto en la Ciudad de M\u00e9xico. Por esto, el Presidente debe identificarse como un regionalista del sureste mexicano y centroamericano; situaci\u00f3n que pudiera en el mediano plazo afectar la calidad de vida de los ciudadanos del centro y norte del pa\u00eds.<\/li>\n<li>Por otro lado, el mandatario se ha manifestado como partidario de los pobres y esto parece una posici\u00f3n loable para cualquier humanista del mundo. Sin embargo, cuando se es Presidente de una naci\u00f3n, como la mexicana, es imposible que la decisi\u00f3n de virar hacia la pobreza te d\u00e9 el derecho de abandonar a las clases medias y \/o a los inversionistas mexicanos que han apostado por la estabilidad econ\u00f3mica y jur\u00eddica del pa\u00eds. Autoproclamarte como el benefactor de los pobres al estilo \u201cRobin Hood\u201d lo \u00fanico que generar\u00e1 es un satisfactor de corto plazo que no propondr\u00e1 un multiplicador de bienestar futuro.<\/li>\n<\/ol>\n<p>Ante esto, retomo mi an\u00e1lisis inicial, \u00bfqu\u00e9 viene en ese Caballo de Troya?; seguramente puedo identificar una Suprema Corte \u201ca modo\u201d, despu\u00e9s de la renuncia del ex procurador Medina Mora, una erosi\u00f3n de la estructura econ\u00f3mica del gobierno al no existir un plan multifactorial de crecimiento; una clase muy necesitada del pa\u00eds volcando su incondicionalidad a nuestro Presidente, por los apoyos que en 2020 deber\u00edan llegar a sus manos y, por \u00faltimo, identifico una poblaci\u00f3n dividida entre buenos y malos, entre opositores y correligionarios de la 4T; muchas de estas diferencias ocasionadas por la regi\u00f3n donde habitamos los mexicanos.<\/p>\n<p>El gran ej\u00e9rcito enemigo dentro de este Caballo de Troya es traspasar las fobias de un hombre a un pueblo que debiera pugnar por su desarrollo, su libertad y su igualdad, sin duda alguna.<\/p>\n<p><a href=\"mailto:edgargomez_cide@yahoo.com.mx\"><em>edgargomez_cide@yahoo.com.mx<\/em><\/a><\/p>\n","protected":false},"excerpt":{"rendered":"<p><span style=\"color: #005497;\"><strong>Edgar G\u00f3mez Flores<\/strong><\/span><\/p>\n","protected":false},"author":3,"featured_media":0,"comment_status":"open","ping_status":"open","sticky":false,"template":"","format":"standard","meta":{"_monsterinsights_skip_tracking":false,"_monsterinsights_sitenote_active":false,"_monsterinsights_sitenote_note":"","_monsterinsights_sitenote_category":0,"footnotes":""},"categories":[3819],"tags":[85911,85912,43674],"class_list":["post-445551","post","type-post","status-publish","format-standard","hentry","category-edgar-gomez-flores","tag-con-mi-mano-izquierda","tag-edgar-gomez-flores","tag-opinion"],"_links":{"self":[{"href":"https:\/\/www.diarioimagen.net\/index.php?rest_route=\/wp\/v2\/posts\/445551","targetHints":{"allow":["GET"]}}],"collection":[{"href":"https:\/\/www.diarioimagen.net\/index.php?rest_route=\/wp\/v2\/posts"}],"about":[{"href":"https:\/\/www.diarioimagen.net\/index.php?rest_route=\/wp\/v2\/types\/post"}],"author":[{"embeddable":true,"href":"https:\/\/www.diarioimagen.net\/index.php?rest_route=\/wp\/v2\/users\/3"}],"replies":[{"embeddable":true,"href":"https:\/\/www.diarioimagen.net\/index.php?rest_route=%2Fwp%2Fv2%2Fcomments&post=445551"}],"version-history":[{"count":0,"href":"https:\/\/www.diarioimagen.net\/index.php?rest_route=\/wp\/v2\/posts\/445551\/revisions"}],"wp:attachment":[{"href":"https:\/\/www.diarioimagen.net\/index.php?rest_route=%2Fwp%2Fv2%2Fmedia&parent=445551"}],"wp:term":[{"taxonomy":"category","embeddable":true,"href":"https:\/\/www.diarioimagen.net\/index.php?rest_route=%2Fwp%2Fv2%2Fcategories&post=445551"},{"taxonomy":"post_tag","embeddable":true,"href":"https:\/\/www.diarioimagen.net\/index.php?rest_route=%2Fwp%2Fv2%2Ftags&post=445551"}],"curies":[{"name":"wp","href":"https:\/\/api.w.org\/{rel}","templated":true}]}}