{"id":445565,"date":"2019-10-08T00:03:08","date_gmt":"2019-10-08T05:03:08","guid":{"rendered":"https:\/\/www.diarioimagen.net\/?p=445565"},"modified":"2019-10-08T04:30:27","modified_gmt":"2019-10-08T09:30:27","slug":"de-que-estan-hechos","status":"publish","type":"post","link":"https:\/\/www.diarioimagen.net\/?p=445565","title":{"rendered":"\u00bfDe qu\u00e9 est\u00e1n hechos?"},"content":{"rendered":"<h2>Folclor urbano<\/h2>\n<h5>Salvador Estrada<\/h5>\n<p>&nbsp;<\/p>\n<p>El nuevo dirigente nacional del PRI, Alejandro Moreno, est\u00e1 muy activo y en los medios electr\u00f3nicos, lleva al cabo una campa\u00f1a para \u201cjalar a los priistas que se fueron\u201d y conquistar a nuevos ciudadanos.<\/p>\n<p>Sin embargo, la realidad es distinta a la que \u00e9l ve porque con la frase con la que cierra su mensaje, \u201cVamos a demostrar de que estamos hechos los priistas\u201d incita a pensar a la ciudadan\u00eda \u00a0y el resultado ser\u00e1 contraproducente.<\/p>\n<p>La frase la utiliz\u00f3 el Cruz Azul, antes de la goliza al Am\u00e9rica, y puso de manifiesto que no estaban hechos, sino que eran deshechos y que no ten\u00edan coraje, ni ganas, ni voluntad de ganar y promet\u00edan el triunfo y cero goles, hasta que despu\u00e9s de cambios de entrenador volvieron a ser \u201cla m\u00e1quina celeste\u201d.<\/p>\n<p>As\u00ed est\u00e1 el PRI, deshecho, y quiere regresar al poder, que perdi\u00f3, y su \u00a0dirigente abandon\u00f3 el gobierno de Campeche, para \u201chacer el milagro\u201d, como salvador del partido, pero si los pri\u00edstas que se fueron regresan no es por amor a la camiseta, sino a los intereses que puedan manejar<\/p>\n<p>Y precisamente eso indica que los priistas \u201cest\u00e1n hechos de intereses\u201d, de ambiciones, que son oportunistas, acomodaticios, y que tras la p\u00e9rdida de la presidencia de la rep\u00fablica, ya no \u201ctienen futuro \u00a0\u00a0pol\u00edtico\u201d y no les interesa volver porque \u201cya no hay hueso\u201d.<\/p>\n<p>Si la campa\u00f1a actual del PRI sigue igual, los ciudadanos que quiere \u201cjalar\u201d el partido van a reflexionar si se adhieren \u00a0o se quedan como simpatizantes y en el momento de las elecciones decidir\u00e1n porque \u201cla cola que tiene el tricolor es larga y sucia\u201d<\/p>\n<p>En el pasado r\u00e9gimen priista se presumi\u00f3 que ya era otro partido y sus dirigentes pon\u00edan como ejemplo de \u201cnuevos priistas, profesionales y \u00a0capaces\u201d a los Duarte, Javier, gobernador de Veracruz, y el otro, C\u00e9sar, mandatario de Chihuahua.<\/p>\n<p>Pero, \u00a0\u00a1oh decepci\u00f3n! Ambos gobernadores, resultaron igual de corruptos. Uno preso y el otro pr\u00f3fugo. \u00a1Y esos eran los representantes de la nueva clase pol\u00edtica que cobijaba el PRI!.<\/p>\n<p>Ante esos antecedentes los ciudadanos, que eran priistas, votaron por la oposici\u00f3n porque tanta suciedad les manchaba las manos y dejaron \u00a0de ser priistas para ser morenos o azules.<\/p>\n<p>SI el PRI quiere ser realmente un partido pol\u00edtico y no un agencia de colocaciones o bolsa de trabajo, debe acercarse a la ciudadan\u00eda y \u00a0disculparse por sus malos pol\u00edticos, por sus rater\u00edas, y prometer acabarlos, echarlos del PRI, y presentar un programa de trabajo que impulse la econom\u00eda del pa\u00eds, la inversi\u00f3n y la creaci\u00f3n de fuentes de trabajo, y \u00a0permita la mejor\u00eda \u00a0a todos los mexicanos.<\/p>\n<p>Adem\u00e1s prometer acabar con la impunidad, darle al pueblo seguridad social, terminar con la violencia y luchar por la paz.<\/p>\n<p>Pero pedirle peras al olmo, no es posible, solamente que fuera un milagro. Y el PRI para volver a ser lo que antes fue lo necesita.<\/p>\n<p><em><a href=\"mailto:chavasec@yahoo.com.mx\" target=\"_blank\" rel=\"noopener noreferrer\">chavasec@yahoo.com.mx<\/a><\/em><\/p>\n","protected":false},"excerpt":{"rendered":"<p><span style=\"color: #005497;\"><strong>Salvador Estrada<\/strong><\/span><\/p>\n","protected":false},"author":3,"featured_media":0,"comment_status":"open","ping_status":"open","sticky":false,"template":"","format":"standard","meta":{"_monsterinsights_skip_tracking":false,"_monsterinsights_sitenote_active":false,"_monsterinsights_sitenote_note":"","_monsterinsights_sitenote_category":0,"footnotes":""},"categories":[41601],"tags":[41599,43674,41600],"class_list":["post-445565","post","type-post","status-publish","format-standard","hentry","category-salvador-estrada-opinion","tag-folclor-urbano","tag-opinion","tag-salvador-estrada"],"_links":{"self":[{"href":"https:\/\/www.diarioimagen.net\/index.php?rest_route=\/wp\/v2\/posts\/445565","targetHints":{"allow":["GET"]}}],"collection":[{"href":"https:\/\/www.diarioimagen.net\/index.php?rest_route=\/wp\/v2\/posts"}],"about":[{"href":"https:\/\/www.diarioimagen.net\/index.php?rest_route=\/wp\/v2\/types\/post"}],"author":[{"embeddable":true,"href":"https:\/\/www.diarioimagen.net\/index.php?rest_route=\/wp\/v2\/users\/3"}],"replies":[{"embeddable":true,"href":"https:\/\/www.diarioimagen.net\/index.php?rest_route=%2Fwp%2Fv2%2Fcomments&post=445565"}],"version-history":[{"count":0,"href":"https:\/\/www.diarioimagen.net\/index.php?rest_route=\/wp\/v2\/posts\/445565\/revisions"}],"wp:attachment":[{"href":"https:\/\/www.diarioimagen.net\/index.php?rest_route=%2Fwp%2Fv2%2Fmedia&parent=445565"}],"wp:term":[{"taxonomy":"category","embeddable":true,"href":"https:\/\/www.diarioimagen.net\/index.php?rest_route=%2Fwp%2Fv2%2Fcategories&post=445565"},{"taxonomy":"post_tag","embeddable":true,"href":"https:\/\/www.diarioimagen.net\/index.php?rest_route=%2Fwp%2Fv2%2Ftags&post=445565"}],"curies":[{"name":"wp","href":"https:\/\/api.w.org\/{rel}","templated":true}]}}