{"id":445592,"date":"2019-10-08T00:08:27","date_gmt":"2019-10-08T05:08:27","guid":{"rendered":"https:\/\/www.diarioimagen.net\/?p=445592"},"modified":"2019-10-08T05:04:51","modified_gmt":"2019-10-08T10:04:51","slug":"por-fin-se-investiga-o-no-a-medina-mora","status":"publish","type":"post","link":"https:\/\/www.diarioimagen.net\/?p=445592","title":{"rendered":"Por fin \u00bfse investiga o no a Medina Mora?"},"content":{"rendered":"<h2>Clase Pol\u00edtica<\/h2>\n<h5>Miguel \u00c1ngel Rivera<\/h5>\n<p>&nbsp;<\/p>\n<p>El presidente Andr\u00e9s Manuel L\u00f3pez Obrador intent\u00f3 despejar dudas e invalidar rumores al aclarar que la renuncia del ministro de la Suprema Corte de Justicia (SCJN) Eduardo Medina Mora Icaza es consecuencia de una investigaci\u00f3n de la Fiscal\u00eda General de la Rep\u00fablica (FGR) por movimientos aparentemente irregulares de dinero.<\/p>\n<p>La renuncia de Medina Mora como ministro de la Suprema Corte de Justicia no obedeci\u00f3 a una venganza pol\u00edtica desde el Poder Ejecutivo. \u201c\u00c9l tom\u00f3 libremente su decisi\u00f3n de renunciar&#8230;no di instrucciones de que se le acosara para que renunciara. Es una investigaci\u00f3n de la Fiscal\u00eda General de la Rep\u00fablica\u201d, precis\u00f3 L\u00f3pez Obrador, quien tambi\u00e9n descart\u00f3 que pretenda designar como sustituta a una persona a modo, como lo acusa la oposici\u00f3n.<\/p>\n<p>Lamentablemente para el primer mandatario, su intenci\u00f3n de dejar zanjado este asunto y de desvirtuar especulaciones que van desde una venganza contra un enemigo pol\u00edtico hasta intentos de control sobre el Poder Judicial, pierde efectividad debido a declaraciones contradictorias de sus propios colaboradores y allegados.<\/p>\n<p>Las dudas surgen, por un lado, de declaraciones de la secretaria de la Funci\u00f3n P\u00fablica, Irma Er\u00e9ndira Sandoval, quien por su cargo debe ser uno de los funcionarios mejor enterados de irregularidades cometidas por otros servidores p\u00fablicos. Ella declar\u00f3 ayer que, \u201cpor el momento\u201d, no hay alguna acusaci\u00f3n en contra de Medina Mora mientras fue servidor p\u00fablico.<\/p>\n<p>Al reunirse con funcionarios anticorrupci\u00f3n de Nigeria, Sandoval destac\u00f3 que el primer convenio de colaboraci\u00f3n de la dependencia a su cargo \u201cfue ni m\u00e1s ni menos fue con la Unidad de Inteligencia Financiera. Hay mucha colaboraci\u00f3n, saben que hemos trabajado desde el primer d\u00eda haciendo realidad esa aspiraci\u00f3n de todos los mexicanos de coordinar el esp\u00edritu del Sistema Nacional Anticorrupci\u00f3n, no es m\u00e1s que otro que coordinar, no es pisar facultades sino reunir esfuerzos, y ah\u00ed est\u00e1 el resultado\u201d.<\/p>\n<p>La referencia de la titular de la Funci\u00f3n P\u00fablica a Medina Mora no s\u00f3lo refleja falta de comunicaci\u00f3n con su jefe, el presidente de la Rep\u00fablica, sino que adem\u00e1s pone en evidencia que tal vez no comenta asuntos de oficina dentro de su matrimonio con el acad\u00e9mico John Ackerman, quien en un art\u00edculo publicado en el diario La Jornada, fustig\u00f3 al ministro renunciante.<\/p>\n<p>El profesor universitario \u2013 a quien sus allegados ya dan por seguro secretario general de la UNAM para el segundo periodo del rector Enrique Graue Wiechers \u2013 escribi\u00f3:<\/p>\n<p>\u201cEduardo Medina Mora era para el Poder Judicial lo que Rosario Robles era para el Poder Ejecutivo. Ambos encarnan el descaro y la corrupci\u00f3n del viejo r\u00e9gimen. Fueron alfiles claves en un sistema cuyo principal prop\u00f3sito era la desviaci\u00f3n de fondos p\u00fablicos y el encubrimiento de recursos privados con el fin de consolidar el predominio de una peque\u00f1a mafia en las c\u00fapulas de la pol\u00edtica y la econom\u00eda nacionales.<\/p>\n<p>\u201cLa trayectoria de Medina Mora tambi\u00e9n se parece a la de Jos\u00e9 Antonio Meade, ya que ambos tuvieron largas carreras transexenales sirviendo por igual a gobiernos de PRI y PAN. Estas dos figuras representan fielmente las dos caras del neoliberalismo autoritario, documentado en mi obra El mito de la transici\u00f3n democr\u00e1tica, que malgobern\u00f3 el pa\u00eds entre 2000 y 2018 traicionando la enorme esperanza del pueblo mexicano en la posibilidad de materializar un cambio de r\u00e9gimen\u201d.<\/p>\n<p>Las afirmaciones de Ackerman son mucho m\u00e1s parecidas a las del titular de la Unidad de Inteligencia Financiera (UIF) de la Secretar\u00eda de Hacienda y Cr\u00e9dito P\u00fablico, Santiago Nieto Castillo, con el cual presumi\u00f3 la secretaria de la Funci\u00f3n P\u00fablica tener estrecha colaboraci\u00f3n, pero que al parecer no le ha comunicado que est\u00e1 en proceso una investigaci\u00f3n contra el ministro renunciante.<\/p>\n<p>Hace unos d\u00edas, en Mexicali, Baja California, Nieto Castillo, denunci\u00f3 que dos mil millones de pesos de recursos de personas que enfrentan procesos por trata, narcotr\u00e1fico y corrupci\u00f3n fueron desbloqueados en los pasados cuatro meses y devueltos a los acusados a partir de una decisi\u00f3n jur\u00eddica del mencionado Medina Mora.<\/p>\n<p>Aunque Nieto Castillo dijo que no pod\u00eda dar detalles para no afectar las investigaciones, de cualquier forma revel\u00f3 que la denuncia contra Medina Mora es por un tema de triangulaci\u00f3n de recursos y por lavado de dinero. Tambi\u00e9n coment\u00f3\u00a0 que el ministro renunciante proteg\u00eda \u201ca personas o grupos relacionados con el gobierno anterior y sostuvo que una jurisprudencia impulsada por Medina Mora hace cuatro meses ha sido empleada por jueces afines al todav\u00eda ministro para liberar recursos de personas que enfrentan acusaciones por delincuencia organizada.<\/p>\n<p>En efecto, la renuncia de Medina Mora, ya aceptada por los presidentes de la Suprema Corte de Justicia, Arturo Zald\u00edvar Lelo de Larrea, y de la Rep\u00fablica, L\u00f3pez Obrador, deber\u00e1 ser ratificada por el Senado, lo cual se estima que ocurrir\u00e1 en la sesi\u00f3n de hoy, martes.<\/p>\n<p>El coordinador de la bancada de Morena y presidente de la Junta de Coordinaci\u00f3n Pol\u00edtica del Senado, Ricardo Monreal \u00c1vila, confirm\u00f3 que el asunto ser\u00e1 incluido en el orden del d\u00eda y revel\u00f3 haber consultado con Medina Mora la posibilidad de que compareciera ante los legisladores, el ministro renunciante decidi\u00f3 no utilizar ese recurso.<\/p>\n<p>Para efectos pr\u00e1cticos, Medina Mora todav\u00eda era ayer ministro, como lo evidencia el hecho de que en medios judiciales se especulaba con la posibilidad de que todav\u00eda participara en la sesi\u00f3n plenaria de inicio de semana del m\u00e1ximo tribunal del pa\u00eds, lo cual no sucedi\u00f3.<\/p>\n<p style=\"text-align: center;\"><strong>NO a la corrupci\u00f3n de los taxistas <\/strong><\/p>\n<p>S\u00cd a la competencia en la CDMX<\/p>\n<p>Es una de las tres ciudades m\u00e1s pobladas del mundo. Pero es, a su vez, la urbe donde s\u00f3lo impera la \u201cley\u201d de los taxistas. Es la Ciudad de M\u00e9xico, donde este gremio decide cu\u00e1ndo secuestran a los ciudadanos con bloqueos en las entradas a la ciudad y en las principales v\u00edas de circulaci\u00f3n, tal como ocurri\u00f3 este lunes.<\/p>\n<p>Manipulados por l\u00edderes corruptos, los taxistas de la CDMX desquiciaron nuevamente la capital del pa\u00eds, sin importarles la afectaci\u00f3n para millones de personas. Y es que los m\u00e1s de 141 mil taxis rosa adem\u00e1s de los de sitio, est\u00e1n en contra de la competencia y buscan extorsionar al gobierno capitalino\u00a0para que no abra las apps de transporte a todas las empresas que quieren competir legalmente en este sector.<\/p>\n<p>La autoridad no debe permitir otro lunes negro a manos de la corrupci\u00f3n de los taxistas.\u00a0Los capitalinos y los visitantes de la CDMX tenemos derecho a usar el servicio de transporte p\u00fablico que d\u00e9 confianza, seguridad y eficiencia. Y esta libertad de elegir es lo que el gobierno local tiene la obligaci\u00f3n de defender.<\/p>\n<p style=\"text-align: center;\"><strong>Los problemas de las instituciones de salud<\/strong><\/p>\n<p>El Instituto Mexicano del Seguro Social (IMSS) invertir\u00e1 m\u00e1s de 16 mil millones de pesos en contrataci\u00f3n de personal m\u00e9dico y de enfermer\u00eda,\u00a0 as\u00ed como en la construcci\u00f3n de infraestructura. La meta es revertir el desequilibrio que en los pasados 30 a\u00f1os se impuso en favor de la salud financiera del organismo, declar\u00f3 el director de esa instituci\u00f3n, Zo\u00e9 Robledo, al comparecer ante el Senado.<\/p>\n<p>A\u00f1adi\u00f3 que por cuidar las finanzas, se dej\u00f3 de lado la atenci\u00f3n a la salud de los derechohabientes. Por eso las largas filas de espera, tiempos prolongados para las consultas m\u00e9dicas de especialidad y la realizaci\u00f3n de cirug\u00edas.<\/p>\n<p>A\u00f1adi\u00f3 que, en la actualidad, el Instituto tiene una cantidad suficiente de medicamentos para concluir el a\u00f1o, con un abasto superior a 96 por ciento.<\/p>\n<p>Un diagn\u00f3stico muy parecido realiz\u00f3 el director del ISSSTE, Luis Antonio Ram\u00edrez Pineda, quien tambi\u00e9n ante senadores coment\u00f3:<\/p>\n<p>\u201cSe dej\u00f3 de invertir, de ampliar los espacios y por eso el d\u00eda de hoy enfrentamos problemas serios de saturaci\u00f3n de hospitales y cl\u00ednicas, as\u00ed como una serie de contingencias econ\u00f3micas por pasivos, juicios, adeudos de los estados, obra inconclusa y personal temporal\u201d.<\/p>\n<p>Ram\u00edrez Pineda inform\u00f3 que, de la deuda heredada de 18 mil millones de pesos por el Gobierno anterior, con apoyo de la Secretaria de Hacienda y Cr\u00e9dito P\u00fablico, se ha reducido a 12 mil millones de pesos en los primeros 10 meses de esta administraci\u00f3n y se adeudan 6 mil millones de pesos en pasivos y con \u201cello se ha hecho una mejor negociaci\u00f3n con los proveedores, para evitar que se detenga la prestaci\u00f3n de los servicios, sobre todo m\u00e9dicos\u201d.<\/p>\n<p><em><a href=\"mailto:riverapaz@infinitummail.com\" target=\"_blank\" rel=\"noopener noreferrer\">riverapaz@infinitummail.com<\/a><\/em><\/p>\n","protected":false},"excerpt":{"rendered":"<p><span style=\"color: #005497;\"><strong>Miguel \u00c1ngel Rivera<\/strong><\/span><\/p>\n","protected":false},"author":3,"featured_media":0,"comment_status":"open","ping_status":"open","sticky":false,"template":"","format":"standard","meta":{"_monsterinsights_skip_tracking":false,"_monsterinsights_sitenote_active":false,"_monsterinsights_sitenote_note":"","_monsterinsights_sitenote_category":0,"footnotes":""},"categories":[84119],"tags":[84120,84121,43674],"class_list":["post-445592","post","type-post","status-publish","format-standard","hentry","category-miguel-angel-rivera","tag-clase-politica","tag-miguel-angel-rivera","tag-opinion"],"_links":{"self":[{"href":"https:\/\/www.diarioimagen.net\/index.php?rest_route=\/wp\/v2\/posts\/445592","targetHints":{"allow":["GET"]}}],"collection":[{"href":"https:\/\/www.diarioimagen.net\/index.php?rest_route=\/wp\/v2\/posts"}],"about":[{"href":"https:\/\/www.diarioimagen.net\/index.php?rest_route=\/wp\/v2\/types\/post"}],"author":[{"embeddable":true,"href":"https:\/\/www.diarioimagen.net\/index.php?rest_route=\/wp\/v2\/users\/3"}],"replies":[{"embeddable":true,"href":"https:\/\/www.diarioimagen.net\/index.php?rest_route=%2Fwp%2Fv2%2Fcomments&post=445592"}],"version-history":[{"count":0,"href":"https:\/\/www.diarioimagen.net\/index.php?rest_route=\/wp\/v2\/posts\/445592\/revisions"}],"wp:attachment":[{"href":"https:\/\/www.diarioimagen.net\/index.php?rest_route=%2Fwp%2Fv2%2Fmedia&parent=445592"}],"wp:term":[{"taxonomy":"category","embeddable":true,"href":"https:\/\/www.diarioimagen.net\/index.php?rest_route=%2Fwp%2Fv2%2Fcategories&post=445592"},{"taxonomy":"post_tag","embeddable":true,"href":"https:\/\/www.diarioimagen.net\/index.php?rest_route=%2Fwp%2Fv2%2Ftags&post=445592"}],"curies":[{"name":"wp","href":"https:\/\/api.w.org\/{rel}","templated":true}]}}