{"id":445680,"date":"2019-10-09T00:05:58","date_gmt":"2019-10-09T05:05:58","guid":{"rendered":"https:\/\/www.diarioimagen.net\/?p=445680"},"modified":"2019-10-09T05:20:57","modified_gmt":"2019-10-09T10:20:57","slug":"uaem-se-sumara-a-la-estrategia-nacional-de-lectura","status":"publish","type":"post","link":"https:\/\/www.diarioimagen.net\/?p=445680","title":{"rendered":"UAEM se sumar\u00e1 a la Estrategia Nacional de Lectura"},"content":{"rendered":"<ul>\n<li><strong><em>En beneficio de la ni\u00f1ez mexiquense<\/em><\/strong><\/li>\n<\/ul>\n<p>&nbsp;<\/p>\n<div id=\"attachment_445786\" style=\"width: 470px\" class=\"wp-caption aligncenter\"><a href=\"https:\/\/www.diarioimagen.net\/?attachment_id=445786\" rel=\"attachment wp-att-445786\"><img loading=\"lazy\" decoding=\"async\" aria-describedby=\"caption-attachment-445786\" class=\"size-large wp-image-445786\" src=\"https:\/\/www.diarioimagen.net\/wp-content\/uploads\/2019\/10\/UAEM-6-460x259.jpg\" alt=\"\" width=\"460\" height=\"259\" srcset=\"https:\/\/www.diarioimagen.net\/wp-content\/uploads\/2019\/10\/UAEM-6-460x259.jpg 460w, https:\/\/www.diarioimagen.net\/wp-content\/uploads\/2019\/10\/UAEM-6-240x135.jpg 240w, https:\/\/www.diarioimagen.net\/wp-content\/uploads\/2019\/10\/UAEM-6-235x132.jpg 235w, https:\/\/www.diarioimagen.net\/wp-content\/uploads\/2019\/10\/UAEM-6-202x114.jpg 202w, https:\/\/www.diarioimagen.net\/wp-content\/uploads\/2019\/10\/UAEM-6-350x196.jpg 350w, https:\/\/www.diarioimagen.net\/wp-content\/uploads\/2019\/10\/UAEM-6-220x123.jpg 220w, https:\/\/www.diarioimagen.net\/wp-content\/uploads\/2019\/10\/UAEM-6-237x132.jpg 237w, https:\/\/www.diarioimagen.net\/wp-content\/uploads\/2019\/10\/UAEM-6.jpg 480w\" sizes=\"auto, (max-width: 460px) 100vw, 460px\" \/><\/a><p id=\"caption-attachment-445786\" class=\"wp-caption-text\">El rector Alfredo Barrera Baca firm\u00f3 un convenio de colaboraci\u00f3n con el titular de la Direcci\u00f3n General de Bibliotecas P\u00fablicas de la Secretar\u00eda de Cultura del Gobierno de M\u00e9xico, Marx Arriaga Navarro.<\/p><\/div>\n<p>&nbsp;<\/p>\n<p><strong>Toluca, Estado de M\u00e9xico<\/strong>.\u2013 Con experiencia institucional y la tenacidad de sus j\u00f3venes, la Universidad Aut\u00f3noma del Estado de M\u00e9xico se sumar\u00e1 a la Estrategia Nacional de Lectura, en beneficio de la ni\u00f1ez mexiquense, sostuvo el rector de esta casa de estudios, Alfredo Barrera Baca, al firmar un convenio de colaboraci\u00f3n con el titular de la Direcci\u00f3n General de Bibliotecas P\u00fablicas de la Secretar\u00eda de Cultura del Gobierno de M\u00e9xico, Marx Arriaga Navarro.<\/p>\n<p>En el Edificio de Rector\u00eda, Alfredo Barrera indic\u00f3 que como parte de las primeras acciones de este instrumento legal, 84 estudiantes de 13 facultades, seis centros universitarios y dos unidades acad\u00e9micas profesionales de la UAEM, que fueron beneficiados con la beca federal Memoria de M\u00e9xico \u201cBuscamos h\u00e9roes que ayuden a dar vida a las historias\u201d, realizar\u00e1n su servicio social en la Red Nacional de Bibliotecas P\u00fablicas.<\/p>\n<p>En presencia del coordinador de la Red Estatal de Bibliotecas P\u00fablicas del Estado de M\u00e9xico, Adri\u00e1n Nieto S\u00e1nchez, y la directora de la Facultad de Ciencias de la Conducta de la UAEM, Mar\u00eda Teresa Garc\u00eda Rodea, Alfredo Barrera asever\u00f3 que el Sistema Bibliotecario de la Aut\u00f3noma mexiquense facilita el acceso a m\u00e1s de un mill\u00f3n de libros y registra un servicio mensual de m\u00e1s de 70 mil usuarios, adem\u00e1s de promover el Programa \u201cAbril, mes de la Lectura\u201d.<\/p>\n<p>En tanto, Marx Arriaga Navarro explic\u00f3 que con la signa de convenios con instituciones aut\u00f3nomas estatales de educaci\u00f3n superior se reactiva la Red Nacional de Bibliotecas P\u00fablicas y genera una estrategia donde los alumnos, a trav\u00e9s de su servicio social, desarrollar\u00e1n talleres de fomento a la lectura en espacios bibliotecarios p\u00fablicos estatales.<\/p>\n<p>Manifest\u00f3 que para el logro de las acciones emprendidas por el gobierno federal en la Estrategia Nacional de Lectura, se desarroll\u00f3 una plataforma digital que ofrece capacitaci\u00f3n a distancia a los j\u00f3venes participantes, quienes ofrecer\u00e1n sesiones semanales a estudiantes de primaria o secundaria.<\/p>\n<p>Al reconocer el compromiso de la UAEM con el fomento de la lectura, el servidor p\u00fablico federal se\u00f1al\u00f3 que se busca modificar los h\u00e1bitos de lectura en el pa\u00eds, por lo que se concentrar\u00e1n las evidencias del trabajo desarrollado por los becarios de servicio social, a trav\u00e9s dos instrumentos: pr\u00e1cticas de campo y r\u00fabricas de evaluaci\u00f3n, las cuales ser\u00e1n insumos para desarrollar investigaciones, organizar coloquios y conferencias, entre otras actividades.<\/p>\n<p>La secretaria de Extensi\u00f3n y Vinculaci\u00f3n de la UAEM, Sandra Ch\u00e1vez Mar\u00edn, expres\u00f3 que este convenio de colaboraci\u00f3n permite contribuir a las pol\u00edticas p\u00fablicas de la administraci\u00f3n federal en beneficio de la sociedad.<\/p>\n","protected":false},"excerpt":{"rendered":"<p>Con experiencia institucional y la tenacidad de sus j\u00f3venes, la Universidad Aut\u00f3noma del Estado de M\u00e9xico se sumar\u00e1 a la Estrategia Nacional de Lectura, en beneficio de la ni\u00f1ez mexiquense, sostuvo el rector de esta casa de estudios, Alfredo Barrera Baca, al firmar un convenio de colaboraci\u00f3n con el titular de la Direcci\u00f3n General de Bibliotecas P\u00fablicas de la Secretar\u00eda de Cultura del Gobierno de M\u00e9xico, Marx Arriaga Navarro.<\/p>\n","protected":false},"author":3,"featured_media":445786,"comment_status":"open","ping_status":"open","sticky":false,"template":"","format":"standard","meta":{"_monsterinsights_skip_tracking":false,"_monsterinsights_sitenote_active":false,"_monsterinsights_sitenote_note":"","_monsterinsights_sitenote_category":0,"footnotes":""},"categories":[5],"tags":[58572,43675,452,1491],"class_list":["post-445680","post","type-post","status-publish","format-standard","has-post-thumbnail","hentry","category-estado-de-mexico","tag-alfredo-barrera-baca","tag-estado-de-mexico","tag-toluca","tag-uaem"],"_links":{"self":[{"href":"https:\/\/www.diarioimagen.net\/index.php?rest_route=\/wp\/v2\/posts\/445680","targetHints":{"allow":["GET"]}}],"collection":[{"href":"https:\/\/www.diarioimagen.net\/index.php?rest_route=\/wp\/v2\/posts"}],"about":[{"href":"https:\/\/www.diarioimagen.net\/index.php?rest_route=\/wp\/v2\/types\/post"}],"author":[{"embeddable":true,"href":"https:\/\/www.diarioimagen.net\/index.php?rest_route=\/wp\/v2\/users\/3"}],"replies":[{"embeddable":true,"href":"https:\/\/www.diarioimagen.net\/index.php?rest_route=%2Fwp%2Fv2%2Fcomments&post=445680"}],"version-history":[{"count":0,"href":"https:\/\/www.diarioimagen.net\/index.php?rest_route=\/wp\/v2\/posts\/445680\/revisions"}],"wp:featuredmedia":[{"embeddable":true,"href":"https:\/\/www.diarioimagen.net\/index.php?rest_route=\/wp\/v2\/media\/445786"}],"wp:attachment":[{"href":"https:\/\/www.diarioimagen.net\/index.php?rest_route=%2Fwp%2Fv2%2Fmedia&parent=445680"}],"wp:term":[{"taxonomy":"category","embeddable":true,"href":"https:\/\/www.diarioimagen.net\/index.php?rest_route=%2Fwp%2Fv2%2Fcategories&post=445680"},{"taxonomy":"post_tag","embeddable":true,"href":"https:\/\/www.diarioimagen.net\/index.php?rest_route=%2Fwp%2Fv2%2Ftags&post=445680"}],"curies":[{"name":"wp","href":"https:\/\/api.w.org\/{rel}","templated":true}]}}