{"id":445690,"date":"2019-10-09T00:01:33","date_gmt":"2019-10-09T05:01:33","guid":{"rendered":"https:\/\/www.diarioimagen.net\/?p=445690"},"modified":"2019-10-09T05:13:56","modified_gmt":"2019-10-09T10:13:56","slug":"la-afeet-ratificada-como-miembro-afiliado-a-la-omt-en-san-petesburgo-y-brenda-alonso-nominada-para-dirigir-la-asociacion-a-partir-de-febrero-del-2020","status":"publish","type":"post","link":"https:\/\/www.diarioimagen.net\/?p=445690","title":{"rendered":"La AFEET ratificada como miembro afiliado a la OMT en San Petesburgo y Brenda Alonso, nominada para dirigir la asociaci\u00f3n a partir de febrero del 2020"},"content":{"rendered":"<h2>De cinco estrellas<\/h2>\n<h5>Victoria Gonz\u00e1lez Prado<\/h5>\n<p>&nbsp;<\/p>\n<ul>\n<li><strong>United Airlines<em> anunci\u00f3 que las millas obtenidas MileagePlus no expirar\u00e1n para que los socios obtengan m\u00e1s beneficios<\/em><\/strong><\/li>\n<li><strong><em>La primera edici\u00f3n de <\/em>MexBest by Travel + Leisure M\u00e9xico<em>, premiar\u00e1 lo mejor de lo mejor en la industria hotelera y gastron\u00f3mica del pa\u00eds<\/em><\/strong><\/li>\n<\/ul>\n<p>&nbsp;<\/p>\n<div id=\"attachment_445776\" style=\"width: 470px\" class=\"wp-caption aligncenter\"><a href=\"https:\/\/www.diarioimagen.net\/?attachment_id=445776\" rel=\"attachment wp-att-445776\"><img loading=\"lazy\" decoding=\"async\" aria-describedby=\"caption-attachment-445776\" class=\"size-large wp-image-445776\" src=\"https:\/\/www.diarioimagen.net\/wp-content\/uploads\/2019\/10\/turismo-3-460x259.jpg\" alt=\"\" width=\"460\" height=\"259\" srcset=\"https:\/\/www.diarioimagen.net\/wp-content\/uploads\/2019\/10\/turismo-3-460x259.jpg 460w, https:\/\/www.diarioimagen.net\/wp-content\/uploads\/2019\/10\/turismo-3-240x135.jpg 240w, https:\/\/www.diarioimagen.net\/wp-content\/uploads\/2019\/10\/turismo-3-235x132.jpg 235w, https:\/\/www.diarioimagen.net\/wp-content\/uploads\/2019\/10\/turismo-3-202x114.jpg 202w, https:\/\/www.diarioimagen.net\/wp-content\/uploads\/2019\/10\/turismo-3-350x196.jpg 350w, https:\/\/www.diarioimagen.net\/wp-content\/uploads\/2019\/10\/turismo-3-220x123.jpg 220w, https:\/\/www.diarioimagen.net\/wp-content\/uploads\/2019\/10\/turismo-3-237x132.jpg 237w, https:\/\/www.diarioimagen.net\/wp-content\/uploads\/2019\/10\/turismo-3.jpg 480w\" sizes=\"auto, (max-width: 460px) 100vw, 460px\" \/><\/a><p id=\"caption-attachment-445776\" class=\"wp-caption-text\">Yarla Covarrubias y Brenda Alonso.<\/p><\/div>\n<p>&nbsp;<\/p>\n<p>\u201cLa Asociaci\u00f3n Femenil de Ejecutivas de Empresas Tur\u00edsticas (AFEET), fue ratificada como miembro afiliado de la Organizaci\u00f3n Mundial de Turismo (OMT),\u00a0 durante el evento que se realiz\u00f3 del 9 al 13 de septiembre en San Petersburgo\u201d, dijo <strong>Yarla Covarrubias<\/strong>, presidenta nacional, durante Junta Reglamentaria, en la que inform\u00f3 de las actividades realizadas.<\/p>\n<p>Al destacar su participaci\u00f3n en la 23\u00aa Asamblea General de la (OMT), <strong>Yarla <\/strong>record\u00f3: \u201caprovechamos\u00a0la visita para reunirnos con <strong>Norma Pensado<\/strong>, Embajadora de M\u00e9xico en Mosc\u00fa, quien se comprometi\u00f3 a apoyar a las socias que est\u00e9n interesadas en tener enlaces con operadores tur\u00edsticos\u00a0de Rusia y con ello crecer sus redes de negocios\u201d.<\/p>\n<p>Resalt\u00f3 las diferentes \u00e1reas de oportunidad que existen para potenciar lazos con ejecutivas de la industria global y ministros de turismo de otros pa\u00edses y buscar concretar reuni\u00f3n con la Ministra de Turismo de Panam\u00e1 y otras asociaciones.<\/p>\n<p>Tambi\u00e9n, en la reuni\u00f3n tuvo lugar la Asamblea General de Nominaciones, donde se presentaron las bases de la convocatoria para elegir a la nueva presidenta de la AFEET, quien ocupar\u00e1 el cargo en 2020. As\u00ed, <strong>Brenda Alonso<\/strong> fue la \u00fanica nominada para presidir la organizaci\u00f3n. Sin embargo se espera que otras socias tambi\u00e9n tengan el respaldo para llegar a la dirigencia de la AFEET. El cambio de Mesa Directiva\u00a0 y toma de protesta se realizar\u00e1 en febrero de 2020.<\/p>\n<p>Luego en otra asamblea, patrocinada por <em>Latam Airlines<\/em>, la mayor\u00eda de las socias de la\u00a0 AFFET apoyaron la candidatura de <strong>Brenda Alonso<\/strong> para dirigir la asociaci\u00f3n, aunque recalc\u00f3 que la convocatoria est\u00e1 abierta para otras postulantes al cargo\u201d.<\/p>\n<p>Destac\u00f3 que<strong> Brenda <\/strong>es experta en tecnolog\u00eda enfocada al turismo. Tiene 20 a\u00f1os de experiencia en la Industria, trabajando en puesto claves en distintas empresas y actualmente en <em>Argo IT M\u00e9xico. <\/em><strong>Branda<\/strong><em>, <\/em>agradeci\u00f3 el apoyo brindado.<\/p>\n<p>En el informe de actividades, <strong>Yarla<\/strong> se\u00f1al\u00f3 que preparan cena para el 4 de noviembre, en el marco del <em>World Travel Market<\/em>, donde participaran invitadas con las cuales puedan realizar negocios; su invitada de honor ser\u00e1 <strong>Gloria Guevara<\/strong>, presidenta y CEO del Consejo Mundial de Viajes y Turismo (WTTC, por sus siglas en ingl\u00e9s).<\/p>\n<p>Ese mismo esquema lo usaran en la Feria Internacional de Turismo (Fitur), en Madrid, Espa\u00f1a.<\/p>\n<p>Por su parte, <strong>Francisco Posada<\/strong>, gerente de ventas <em>Leisure <\/em>de <em>LATAM,<\/em> record\u00f3 que la aerol\u00ednea latinoamericana es la \u00fanica certificada con el <em>Dow Jones Sustainability Index <\/em>y se\u00f1al\u00f3 que invirtieron 500 millones de d\u00f3lares para cambiar y mejorar la configuraci\u00f3n de las cabinas <em>Business. <\/em><\/p>\n<p>Por \u00faltimo,<strong> Yarla Covarrubias<\/strong> aprovech\u00f3 la oportunidad para recordar la invitaci\u00f3n de <strong>Luis Humberto Araiza L\u00f3pez<\/strong>, secretario de Turismo de Baja California Sur, para presentar Cap\u00edtulo Filial y dar a conocer a la AFEET en la entidad.<\/p>\n<p>\u2730\u2730\u2730\u2730\u2730 <em>United Airlines <\/em>anunci\u00f3 que las millas obtenidas a trav\u00e9s de su programa <em>MileagePlus<\/em> ya no expirar\u00e1n; dando a sus miembros toda la vida para utilizarlas en vuelos, experiencias, hoteles y m\u00e1s.<\/p>\n<p><strong>Luc Bondar<\/strong>, presidente de <em>MileagePlus<\/em> y vicepresidente de fidelizaci\u00f3n de la l\u00ednea a\u00e9rea dijo: \u201cqueremos mostrar a nuestros socios nuestro compromiso con ellos ahora a largo plazo y que no caduquen las millas es beneficio importante. Nuestro programa <em>MileagePlus<\/em> ofrece a los clientes m\u00e1s formas de usar y ganar millas que cualquier otra aerol\u00ednea estadounidense.<\/p>\n<p>En 2018, la cantidad de clientes que utilizaron sus millas para reservar viajes premio fue mayor a cualquier otro a\u00f1o anterior. Ahora queremos que m\u00e1s clientes las utilicen para viajar por el mundo\u201d.<\/p>\n<p><em>United<\/em> contin\u00faa mejorando su programa con la finalidad de hacerlo cada vez m\u00e1s favorable para sus clientes. Algunos de sus principales beneficios son: la\u00a0\u00a0 asociaci\u00f3n con <em>CLEAR<\/em>, que incluye membres\u00edas gratis o a precios preferenciales para los miembros <em>MileagePlus<\/em> en Estados Unidos.<\/p>\n<p>Viajes premio a m\u00e1s sitios que cualquier otra aerol\u00ednea de Estados Unidos, con servicios en m\u00e1s de mil 300 destinos a trav\u00e9s de <em>United <\/em>y sus socios de <em>Star Alliance. <\/em><\/p>\n<p>Capacidad para realizar reservas en la <em>app<\/em> m\u00f3vil.. Garant\u00eda de poner, a la disposici\u00f3n de sus miembros, opciones a precios m\u00e1s bajo que cualquier otra aerol\u00ednea global de Estados Unidos.<\/p>\n<p>Oportunidades diarias para usar sus millas: desde la posibilidad de adquirir mil millas con tarjeta de regalo electr\u00f3nica al comprar mediante <em>MileagePlusX.<\/em><\/p>\n<p>\u2730\u2730\u2730\u2730\u2730 La primera edici\u00f3n de <em>MexBest by Travel + Leisure M\u00e9xico,<\/em> premiar\u00e1 lo mejor de la industria hotelera y gastron\u00f3mica del pa\u00eds por su labor de poner en alto el nombre de M\u00e9xico y la contribuci\u00f3n en su desarrollo, en evento que tendr\u00e1 lugar del 31 de octubre al 2 de noviembre en el Hotel Xcaret M\u00e9xico que reunir\u00e1 a los mejores hoteleros y chefs del pa\u00eds.<\/p>\n<p>El festival es plataforma que nace de la fusi\u00f3n de dos grandes eventos de la industria: <em>Gourmet Awards<\/em> y <em>Hotel Awards,<\/em> que por a\u00f1os hab\u00edan premiado a lo mejor en hoteler\u00eda y gastronom\u00eda respectivamente y este 2019 ser\u00e1 su primera edici\u00f3n en conjunto con la intenci\u00f3n de que esos dos mundos se conviertan en referente en la industria tur\u00edstica del pa\u00eds.<\/p>\n<p>Hotel Xcaret M\u00e9xico fue seleccionado como recinto sede para este evento, por su privilegiada ubicaci\u00f3n en el coraz\u00f3n de la Riviera Maya y su robusta oferta gastron\u00f3mica que incluye 12 restaurantes, entre los que destaca Ha\u2019, con 5 Diamantes AAA (<em>American Automobile Association<\/em>) liderado por el chef mexicano <strong>Carlos Gayt\u00e1n<\/strong>, primer mexicano en obtener una estrella Michelin.<\/p>\n<p>El inmueble con 900 suites y acreedor de la Certificaci\u00f3n 5 Diamantes de la AAA reafirma su capacidad\u00a0 y compromiso para albergar eventos de este nivel y ser plataforma multiplicadora de la cultura mexicana al reconocer y alojar a grandes talentos de la industria hotelera y gastron\u00f3mica de M\u00e9xico.<\/p>\n<p>Entre las actividades habr\u00e1: talleres de cocina y mixolog\u00eda, y las tan esperadas premiaciones a cargo del jurado conformado por <strong>Issa Plancarte<\/strong>, editora Gourmet; <strong>Gary Williams<\/strong>, director general del <em>British Butler Institute<\/em> a nivel mundial; <strong>Mar\u00eda Forcada<\/strong>, directora de contenidos <em>Millesime<\/em>; <strong>H\u00e9ctor Mijangos<\/strong>, creador de la plataforma YUMMIE<sup>;<\/sup> <strong>Daniel Krauze<\/strong>, escritor y guionista; <strong>Guillermo Ysussi<\/strong>, escritor de gastronom\u00eda e importador de cerveza y <strong>Claudio Poblete Ritschel<\/strong>, fundador y director de Grupo Culinaria Mexicana, entre otros.<\/p>\n<p><em><span class=\"Apple-converted-space\"><a href=\"mailto:victoriagprado@gmail.com\" target=\"_blank\" rel=\"noopener noreferrer\">victoriagprado@gmail.com<\/a><br \/>\nTwitter: <a href=\"https:\/\/twitter.com\/victoriagprado\" target=\"_blank\" rel=\"noopener noreferrer\">@victoriagprado<\/a><\/span><\/em><\/p>\n","protected":false},"excerpt":{"rendered":"<p>\u201cLa Asociaci\u00f3n Femenil de Ejecutivas de Empresas Tur\u00edsticas (AFEET), fue ratificada como miembro afiliado de la Organizaci\u00f3n Mundial de Turismo (OMT),  durante el evento que se realiz\u00f3 del 9 al 13 de septiembre en San Petersburgo\u201d, dijo <strong>Yarla Covarrubias<\/strong>, presidenta nacional, durante Junta Reglamentaria, en la que inform\u00f3 de las actividades realizadas.<\/p>\n","protected":false},"author":3,"featured_media":445776,"comment_status":"open","ping_status":"open","sticky":false,"template":"","format":"standard","meta":{"_monsterinsights_skip_tracking":false,"_monsterinsights_sitenote_active":false,"_monsterinsights_sitenote_note":"","_monsterinsights_sitenote_category":0,"footnotes":""},"categories":[11],"tags":[107,43674,106],"class_list":["post-445690","post","type-post","status-publish","format-standard","has-post-thumbnail","hentry","category-turismo","tag-de-cinco-estrellas","tag-opinion","tag-victoria-gonzalez-prado"],"_links":{"self":[{"href":"https:\/\/www.diarioimagen.net\/index.php?rest_route=\/wp\/v2\/posts\/445690","targetHints":{"allow":["GET"]}}],"collection":[{"href":"https:\/\/www.diarioimagen.net\/index.php?rest_route=\/wp\/v2\/posts"}],"about":[{"href":"https:\/\/www.diarioimagen.net\/index.php?rest_route=\/wp\/v2\/types\/post"}],"author":[{"embeddable":true,"href":"https:\/\/www.diarioimagen.net\/index.php?rest_route=\/wp\/v2\/users\/3"}],"replies":[{"embeddable":true,"href":"https:\/\/www.diarioimagen.net\/index.php?rest_route=%2Fwp%2Fv2%2Fcomments&post=445690"}],"version-history":[{"count":0,"href":"https:\/\/www.diarioimagen.net\/index.php?rest_route=\/wp\/v2\/posts\/445690\/revisions"}],"wp:featuredmedia":[{"embeddable":true,"href":"https:\/\/www.diarioimagen.net\/index.php?rest_route=\/wp\/v2\/media\/445776"}],"wp:attachment":[{"href":"https:\/\/www.diarioimagen.net\/index.php?rest_route=%2Fwp%2Fv2%2Fmedia&parent=445690"}],"wp:term":[{"taxonomy":"category","embeddable":true,"href":"https:\/\/www.diarioimagen.net\/index.php?rest_route=%2Fwp%2Fv2%2Fcategories&post=445690"},{"taxonomy":"post_tag","embeddable":true,"href":"https:\/\/www.diarioimagen.net\/index.php?rest_route=%2Fwp%2Fv2%2Ftags&post=445690"}],"curies":[{"name":"wp","href":"https:\/\/api.w.org\/{rel}","templated":true}]}}