{"id":445696,"date":"2019-10-09T00:04:57","date_gmt":"2019-10-09T05:04:57","guid":{"rendered":"https:\/\/www.diarioimagen.net\/?p=445696"},"modified":"2019-10-09T05:12:28","modified_gmt":"2019-10-09T10:12:28","slug":"tlalnepantla-trabaja-de-la-mano-de-ciudadanos","status":"publish","type":"post","link":"https:\/\/www.diarioimagen.net\/?p=445696","title":{"rendered":"Tlalnepantla trabaja de la mano de ciudadanos"},"content":{"rendered":"<ul>\n<li><strong><em>Avances en materia de seguridad<\/em><\/strong><\/li>\n<\/ul>\n<p>&nbsp;<\/p>\n<div id=\"attachment_445772\" style=\"width: 470px\" class=\"wp-caption aligncenter\"><a href=\"https:\/\/www.diarioimagen.net\/?attachment_id=445772\" rel=\"attachment wp-att-445772\"><img loading=\"lazy\" decoding=\"async\" aria-describedby=\"caption-attachment-445772\" class=\"size-large wp-image-445772\" src=\"https:\/\/www.diarioimagen.net\/wp-content\/uploads\/2019\/10\/TLALNEPANTLA-2-460x259.jpg\" alt=\"\" width=\"460\" height=\"259\" srcset=\"https:\/\/www.diarioimagen.net\/wp-content\/uploads\/2019\/10\/TLALNEPANTLA-2-460x259.jpg 460w, https:\/\/www.diarioimagen.net\/wp-content\/uploads\/2019\/10\/TLALNEPANTLA-2-240x135.jpg 240w, https:\/\/www.diarioimagen.net\/wp-content\/uploads\/2019\/10\/TLALNEPANTLA-2-235x132.jpg 235w, https:\/\/www.diarioimagen.net\/wp-content\/uploads\/2019\/10\/TLALNEPANTLA-2-202x114.jpg 202w, https:\/\/www.diarioimagen.net\/wp-content\/uploads\/2019\/10\/TLALNEPANTLA-2-350x196.jpg 350w, https:\/\/www.diarioimagen.net\/wp-content\/uploads\/2019\/10\/TLALNEPANTLA-2-220x123.jpg 220w, https:\/\/www.diarioimagen.net\/wp-content\/uploads\/2019\/10\/TLALNEPANTLA-2-237x132.jpg 237w, https:\/\/www.diarioimagen.net\/wp-content\/uploads\/2019\/10\/TLALNEPANTLA-2.jpg 480w\" sizes=\"auto, (max-width: 460px) 100vw, 460px\" \/><\/a><p id=\"caption-attachment-445772\" class=\"wp-caption-text\">El edil Raciel P\u00e9rez escuch\u00f3 demandas de la ciudadan\u00eda, entre las que sobresalen, la seguridad, la rehabilitaci\u00f3n de calles, servicios p\u00fablicos y avenidas.<\/p><\/div>\n<p>&nbsp;<\/p>\n<p><strong>Tlalnepantla, Estado de M\u00e9xico<\/strong>.- Raciel P\u00e9rez Cruz, Presidente Municipal de Tlalnepantla de Baz reconoci\u00f3 ante integrantes de COPACIS, Asociaciones de Colonos y Organizaciones No Gubernamentales que \u201cha sido una batalla compleja y dif\u00edcil para poner los principios de orden y autoridad, sin embargo, este gobierno ha dado la cara para poder sacar adelante los problemas de la ciudadan\u00eda\u201d.<\/p>\n<p>Puntualiz\u00f3 que todos los d\u00edas se enfrenta a los grupos de intereses privados que buscan espacios p\u00fablicos para adue\u00f1arse de ellos, como los franeleros, traileros y los ambulantes, \u201cpero se acab\u00f3, las calles son de la ciudadan\u00eda y no puede ser posible que no puedan caminar libremente\u201d. Los integrantes de los diferentes COPACIS, afirmaron que s\u00ed hay avances en materia de seguridad en sus comunidades y reiteraron su compromiso de trabajar de la mano con el gobierno municipal.<\/p>\n<p>El Alcalde afirm\u00f3 que desde el inicio de su gobierno se asumi\u00f3 el problema de la corrupci\u00f3n, motivo por el que se suspendieron por nueve meses las infracciones de tr\u00e1nsito, situaci\u00f3n que tuvo un da\u00f1o colateral, \u201cla ciudadan\u00eda se aprovech\u00f3 de la situaci\u00f3n y viol\u00f3 el reglamento de tr\u00e1nsito, estacion\u00e1ndose en doble fila, pas\u00e1ndose los altos, provocando todo un caos\u201d.<\/p>\n<p>\u201cGobernar es una tarea compleja y luchamos contra quienes buscan tener ganancias de las malas obras, desafortunadamente la ciudadan\u00eda est\u00e1 de uno u otro lado, y todo lo que nosotros hacemos es cuesti\u00f3n de civismo, debemos aprender que la legalidad no debe negociarse\u201d detall\u00f3 P\u00e9rez Cruz.<\/p>\n<p>El Edil coment\u00f3 que aunque no se han tenido los resultados que se requieren; hay avances, se disminuy\u00f3 el \u00edndice de delitos de alto impacto, se mejor\u00f3 el entorno con las jornadas de servicios p\u00fablicos; recolecci\u00f3n de cascajo y chatarra; reordenamiento del ambulantaje y el cierre de cheler\u00edas.<\/p>\n<p>Raciel P\u00e9rez, asegur\u00f3 que se seguir\u00e1 con \u2018la guerra\u2019 para mantener el orden, respetar la ley y no negociarla, \u201cno vamos a cambiar y solo as\u00ed vamos a lograr transformar nuestra ciudad, seguiremos trabajando por la ciudadan\u00eda con servicios p\u00fablicos que no son d\u00e1divas, es un derecho que tenemos como ciudadanos\u201d<\/p>\n<p>El Edil escuch\u00f3 las demandas de la ciudadan\u00eda, entre las que sobresalen, la seguridad, la rehabilitaci\u00f3n de calles, servicios p\u00fablicos y avenidas, por lo que se comprometi\u00f3 a dar respuesta oportuna y a generar reuniones con las diferentes dependencias para que estas sean atendidas.<\/p>\n","protected":false},"excerpt":{"rendered":"<p>Raciel P\u00e9rez Cruz, Presidente Municipal de Tlalnepantla de Baz reconoci\u00f3 ante integrantes de COPACIS, Asociaciones de Colonos y Organizaciones No Gubernamentales que \u201cha sido una batalla compleja y dif\u00edcil para poner los principios de orden y autoridad, sin embargo, este gobierno ha dado la cara para poder sacar adelante los problemas de la ciudadan\u00eda\u201d.<\/p>\n","protected":false},"author":3,"featured_media":445772,"comment_status":"open","ping_status":"open","sticky":false,"template":"","format":"standard","meta":{"_monsterinsights_skip_tracking":false,"_monsterinsights_sitenote_active":false,"_monsterinsights_sitenote_note":"","_monsterinsights_sitenote_category":0,"footnotes":""},"categories":[5],"tags":[43675,65078,81517,169],"class_list":["post-445696","post","type-post","status-publish","format-standard","has-post-thumbnail","hentry","category-estado-de-mexico","tag-estado-de-mexico","tag-mano","tag-raciel-perez-cruz","tag-tlalnepantla"],"_links":{"self":[{"href":"https:\/\/www.diarioimagen.net\/index.php?rest_route=\/wp\/v2\/posts\/445696","targetHints":{"allow":["GET"]}}],"collection":[{"href":"https:\/\/www.diarioimagen.net\/index.php?rest_route=\/wp\/v2\/posts"}],"about":[{"href":"https:\/\/www.diarioimagen.net\/index.php?rest_route=\/wp\/v2\/types\/post"}],"author":[{"embeddable":true,"href":"https:\/\/www.diarioimagen.net\/index.php?rest_route=\/wp\/v2\/users\/3"}],"replies":[{"embeddable":true,"href":"https:\/\/www.diarioimagen.net\/index.php?rest_route=%2Fwp%2Fv2%2Fcomments&post=445696"}],"version-history":[{"count":0,"href":"https:\/\/www.diarioimagen.net\/index.php?rest_route=\/wp\/v2\/posts\/445696\/revisions"}],"wp:featuredmedia":[{"embeddable":true,"href":"https:\/\/www.diarioimagen.net\/index.php?rest_route=\/wp\/v2\/media\/445772"}],"wp:attachment":[{"href":"https:\/\/www.diarioimagen.net\/index.php?rest_route=%2Fwp%2Fv2%2Fmedia&parent=445696"}],"wp:term":[{"taxonomy":"category","embeddable":true,"href":"https:\/\/www.diarioimagen.net\/index.php?rest_route=%2Fwp%2Fv2%2Fcategories&post=445696"},{"taxonomy":"post_tag","embeddable":true,"href":"https:\/\/www.diarioimagen.net\/index.php?rest_route=%2Fwp%2Fv2%2Ftags&post=445696"}],"curies":[{"name":"wp","href":"https:\/\/api.w.org\/{rel}","templated":true}]}}