{"id":445698,"date":"2019-10-09T00:03:27","date_gmt":"2019-10-09T05:03:27","guid":{"rendered":"https:\/\/www.diarioimagen.net\/?p=445698"},"modified":"2019-10-09T05:10:45","modified_gmt":"2019-10-09T10:10:45","slug":"alistan-la-carrera-5k-en-cuautitlan","status":"publish","type":"post","link":"https:\/\/www.diarioimagen.net\/?p=445698","title":{"rendered":"Alistan la carrera 5K en Cuautitl\u00e1n"},"content":{"rendered":"<ul>\n<li><strong><em>Para el 12 de octubre<\/em><\/strong><\/li>\n<\/ul>\n<p>&nbsp;<\/p>\n<p><a href=\"https:\/\/www.diarioimagen.net\/?attachment_id=445769\" rel=\"attachment wp-att-445769\"><img loading=\"lazy\" decoding=\"async\" class=\"aligncenter size-large wp-image-445769\" src=\"https:\/\/www.diarioimagen.net\/wp-content\/uploads\/2019\/10\/CUAUTITL\u00c1N-1-460x309.jpg\" alt=\"\" width=\"460\" height=\"309\" srcset=\"https:\/\/www.diarioimagen.net\/wp-content\/uploads\/2019\/10\/CUAUTITL\u00c1N-1-460x309.jpg 460w, https:\/\/www.diarioimagen.net\/wp-content\/uploads\/2019\/10\/CUAUTITL\u00c1N-1-240x161.jpg 240w, https:\/\/www.diarioimagen.net\/wp-content\/uploads\/2019\/10\/CUAUTITL\u00c1N-1.jpg 700w\" sizes=\"auto, (max-width: 460px) 100vw, 460px\" \/><\/a><\/p>\n<p>&nbsp;<\/p>\n<p><strong>Cuautitl\u00e1n, Estado de M\u00e9xico<\/strong>.- Incentivar la pr\u00e1ctica deportiva y promover la convivencia familiar son algunos de los objetivos de la Carrera Atl\u00e9tica\u00a0 5K, 2019 que el gobierno de Cuautitl\u00e1n a trav\u00e9s del\u00a0 Instituto Municipal de Cultura F\u00edsica y Deporte llevar\u00e1\u00a0 a cabo el s\u00e1bado 12 de octubre en la zona centro de la localidad.<\/p>\n<p>La participaci\u00f3n de los j\u00f3venes en actividades deportivas es parte fundamental para su sano desarrollo y que permite mejorar su formaci\u00f3n intelectual y f\u00edsica, por lo que seguiremos promoviendo m\u00e1s eventos donde tambi\u00e9n las familias sean el motor para que ni\u00f1os, mujeres y personas adultas formen una mejora sociedad, resalt\u00f3 el titular de la dependencia,<\/p>\n<p>Se espera la participaci\u00f3n de 500 corredores provenientes de los municipios de Tlalnepantla, Tultepec, Cuautitl\u00e1n Izcalli, Teoloyucan y Huehuetoca, en las categor\u00edas juvenil (hasta 17 a\u00f1os), varonil libre y femenil libre, donde se premiar\u00e1n los tres primeros lugares de cada categor\u00eda.<\/p>\n<p>La ruta de los corredores inicia en la calle prolongaci\u00f3n Morelos a un costado de la Unidad Habitacional Cebadales, pasando por la avenida La Joya\u00a0 hacia la carretera a Melchor Ocampo, dirigi\u00e9ndose hacia el puente vehicular y la colonia Romita, para llegar a la meta en el Estadio Municipal donde se realizar\u00e1 la premiaci\u00f3n.<\/p>\n<p>La cita para los corredores es a las 7:30 y el inicio de la carrera a las 8:00 de la ma\u00f1ana, por lo que se ha dispuesto un operativo vial y para minimizar las afectaciones a las unidades del servicio p\u00fablico y asegurar el desarrollo del evento deportivo, en el cual participan de forma coordinada la Direcci\u00f3n de Seguridad P\u00fablica, Tr\u00e1nsito y Protecci\u00f3n Civil y el instituto del deporte local.<\/p>\n<p>Las inscripciones son gratuitas y las podr\u00e1n realizar en las oficinas del gimnasio municipal Benito Ju\u00e1rez, para mayores informes comunicarse al tel\u00e9fono 5870 34 27 de lunes a viernes de 9:00 a 18:00 horas.<\/p>\n","protected":false},"excerpt":{"rendered":"<p>Incentivar la pr\u00e1ctica deportiva y promover la convivencia familiar son algunos de los objetivos de la Carrera Atl\u00e9tica\u00a0 5K, 2019 que el gobierno de Cuautitl\u00e1n a trav\u00e9s del\u00a0 Instituto Municipal de Cultura F\u00edsica y Deporte llevar\u00e1\u00a0 a cabo el s\u00e1bado 12 de octubre en la zona centro de la localidad.<\/p>\n","protected":false},"author":3,"featured_media":445769,"comment_status":"open","ping_status":"open","sticky":false,"template":"","format":"standard","meta":{"_monsterinsights_skip_tracking":false,"_monsterinsights_sitenote_active":false,"_monsterinsights_sitenote_note":"","_monsterinsights_sitenote_category":0,"footnotes":""},"categories":[5],"tags":[12584,681,43675],"class_list":["post-445698","post","type-post","status-publish","format-standard","has-post-thumbnail","hentry","category-estado-de-mexico","tag-carrera","tag-cuautitlan","tag-estado-de-mexico"],"_links":{"self":[{"href":"https:\/\/www.diarioimagen.net\/index.php?rest_route=\/wp\/v2\/posts\/445698","targetHints":{"allow":["GET"]}}],"collection":[{"href":"https:\/\/www.diarioimagen.net\/index.php?rest_route=\/wp\/v2\/posts"}],"about":[{"href":"https:\/\/www.diarioimagen.net\/index.php?rest_route=\/wp\/v2\/types\/post"}],"author":[{"embeddable":true,"href":"https:\/\/www.diarioimagen.net\/index.php?rest_route=\/wp\/v2\/users\/3"}],"replies":[{"embeddable":true,"href":"https:\/\/www.diarioimagen.net\/index.php?rest_route=%2Fwp%2Fv2%2Fcomments&post=445698"}],"version-history":[{"count":0,"href":"https:\/\/www.diarioimagen.net\/index.php?rest_route=\/wp\/v2\/posts\/445698\/revisions"}],"wp:featuredmedia":[{"embeddable":true,"href":"https:\/\/www.diarioimagen.net\/index.php?rest_route=\/wp\/v2\/media\/445769"}],"wp:attachment":[{"href":"https:\/\/www.diarioimagen.net\/index.php?rest_route=%2Fwp%2Fv2%2Fmedia&parent=445698"}],"wp:term":[{"taxonomy":"category","embeddable":true,"href":"https:\/\/www.diarioimagen.net\/index.php?rest_route=%2Fwp%2Fv2%2Fcategories&post=445698"},{"taxonomy":"post_tag","embeddable":true,"href":"https:\/\/www.diarioimagen.net\/index.php?rest_route=%2Fwp%2Fv2%2Ftags&post=445698"}],"curies":[{"name":"wp","href":"https:\/\/api.w.org\/{rel}","templated":true}]}}