{"id":445700,"date":"2019-10-09T00:02:25","date_gmt":"2019-10-09T05:02:25","guid":{"rendered":"https:\/\/www.diarioimagen.net\/?p=445700"},"modified":"2019-10-09T05:08:22","modified_gmt":"2019-10-09T10:08:22","slug":"huixquilucan-es-primer-lugar-estatal-en-ranking-de-desempeno","status":"publish","type":"post","link":"https:\/\/www.diarioimagen.net\/?p=445700","title":{"rendered":"Huixquilucan es primer lugar estatal en ranking de desempe\u00f1o"},"content":{"rendered":"<p><a href=\"https:\/\/www.diarioimagen.net\/?attachment_id=445766\" rel=\"attachment wp-att-445766\"><img loading=\"lazy\" decoding=\"async\" class=\"aligncenter size-large wp-image-445766\" src=\"https:\/\/www.diarioimagen.net\/wp-content\/uploads\/2019\/10\/HUIXQUILUCAN-1-460x460.jpg\" alt=\"\" width=\"460\" height=\"460\" srcset=\"https:\/\/www.diarioimagen.net\/wp-content\/uploads\/2019\/10\/HUIXQUILUCAN-1-460x460.jpg 460w, https:\/\/www.diarioimagen.net\/wp-content\/uploads\/2019\/10\/HUIXQUILUCAN-1-150x150.jpg 150w, https:\/\/www.diarioimagen.net\/wp-content\/uploads\/2019\/10\/HUIXQUILUCAN-1-240x240.jpg 240w, https:\/\/www.diarioimagen.net\/wp-content\/uploads\/2019\/10\/HUIXQUILUCAN-1-50x50.jpg 50w, https:\/\/www.diarioimagen.net\/wp-content\/uploads\/2019\/10\/HUIXQUILUCAN-1-75x75.jpg 75w, https:\/\/www.diarioimagen.net\/wp-content\/uploads\/2019\/10\/HUIXQUILUCAN-1-70x70.jpg 70w, https:\/\/www.diarioimagen.net\/wp-content\/uploads\/2019\/10\/HUIXQUILUCAN-1.jpg 700w\" sizes=\"auto, (max-width: 460px) 100vw, 460px\" \/><\/a><\/p>\n<p>&nbsp;<\/p>\n<p><strong>Huixquilucan, Estado de M\u00e9xico.- <\/strong>Los ciudadanos de Huixquilucan reconocen el trabajo del gobierno municipal y su alcalde Enrique Vargas del Villar, al colocarlo en el primer lugar a nivel estatal y s\u00e9ptimo en el pa\u00eds en el ranking de desempe\u00f1o, de acuerdo a la encuesta realizada por Campaigns &amp; Elections M\u00e9xico y Varela y Asociados.<\/p>\n<p>En la segunda evaluaci\u00f3n de Desempe\u00f1o de Alcaldes de M\u00e9xico, realizada de manera conjunta por las firmas Campaigns &amp; Elections M\u00e9xico y Varela y Asociados, se midi\u00f3 el trabajo de los ediles con respecto a los servicios p\u00fablicos que prestan en sus localidades.<\/p>\n","protected":false},"excerpt":{"rendered":"<p>Los ciudadanos de Huixquilucan reconocen el trabajo del gobierno municipal y su alcalde Enrique Vargas del Villar, al colocarlo en el primer lugar a nivel estatal y s\u00e9ptimo en el pa\u00eds en el ranking de desempe\u00f1o, de acuerdo a la encuesta realizada por Campaigns &#038; Elections M\u00e9xico y Varela y Asociados.<\/p>\n","protected":false},"author":3,"featured_media":445766,"comment_status":"open","ping_status":"open","sticky":false,"template":"","format":"standard","meta":{"_monsterinsights_skip_tracking":false,"_monsterinsights_sitenote_active":false,"_monsterinsights_sitenote_note":"","_monsterinsights_sitenote_category":0,"footnotes":""},"categories":[5],"tags":[24317,43675,1097,15177],"class_list":["post-445700","post","type-post","status-publish","format-standard","has-post-thumbnail","hentry","category-estado-de-mexico","tag-desempeno","tag-estado-de-mexico","tag-huixquilucan","tag-ranking"],"_links":{"self":[{"href":"https:\/\/www.diarioimagen.net\/index.php?rest_route=\/wp\/v2\/posts\/445700","targetHints":{"allow":["GET"]}}],"collection":[{"href":"https:\/\/www.diarioimagen.net\/index.php?rest_route=\/wp\/v2\/posts"}],"about":[{"href":"https:\/\/www.diarioimagen.net\/index.php?rest_route=\/wp\/v2\/types\/post"}],"author":[{"embeddable":true,"href":"https:\/\/www.diarioimagen.net\/index.php?rest_route=\/wp\/v2\/users\/3"}],"replies":[{"embeddable":true,"href":"https:\/\/www.diarioimagen.net\/index.php?rest_route=%2Fwp%2Fv2%2Fcomments&post=445700"}],"version-history":[{"count":0,"href":"https:\/\/www.diarioimagen.net\/index.php?rest_route=\/wp\/v2\/posts\/445700\/revisions"}],"wp:featuredmedia":[{"embeddable":true,"href":"https:\/\/www.diarioimagen.net\/index.php?rest_route=\/wp\/v2\/media\/445766"}],"wp:attachment":[{"href":"https:\/\/www.diarioimagen.net\/index.php?rest_route=%2Fwp%2Fv2%2Fmedia&parent=445700"}],"wp:term":[{"taxonomy":"category","embeddable":true,"href":"https:\/\/www.diarioimagen.net\/index.php?rest_route=%2Fwp%2Fv2%2Fcategories&post=445700"},{"taxonomy":"post_tag","embeddable":true,"href":"https:\/\/www.diarioimagen.net\/index.php?rest_route=%2Fwp%2Fv2%2Ftags&post=445700"}],"curies":[{"name":"wp","href":"https:\/\/api.w.org\/{rel}","templated":true}]}}