{"id":445702,"date":"2019-10-09T00:01:25","date_gmt":"2019-10-09T05:01:25","guid":{"rendered":"https:\/\/www.diarioimagen.net\/?p=445702"},"modified":"2019-10-09T05:05:30","modified_gmt":"2019-10-09T10:05:30","slug":"acciones-de-autoridades-estatales-y-de-tultepec-para-prevenir-las-adicciones","status":"publish","type":"post","link":"https:\/\/www.diarioimagen.net\/?p=445702","title":{"rendered":"Acciones de autoridades estatales y de Tultepec para prevenir las adicciones"},"content":{"rendered":"<ul>\n<li><strong><em>Rinde protesta comit\u00e9 municipal<\/em><\/strong><\/li>\n<\/ul>\n<p>&nbsp;<\/p>\n<div id=\"attachment_445763\" style=\"width: 470px\" class=\"wp-caption aligncenter\"><a href=\"https:\/\/www.diarioimagen.net\/?attachment_id=445763\" rel=\"attachment wp-att-445763\"><img loading=\"lazy\" decoding=\"async\" aria-describedby=\"caption-attachment-445763\" class=\"size-large wp-image-445763\" src=\"https:\/\/www.diarioimagen.net\/wp-content\/uploads\/2019\/10\/TULTEPEC-460x259.jpg\" alt=\"\" width=\"460\" height=\"259\" srcset=\"https:\/\/www.diarioimagen.net\/wp-content\/uploads\/2019\/10\/TULTEPEC-460x259.jpg 460w, https:\/\/www.diarioimagen.net\/wp-content\/uploads\/2019\/10\/TULTEPEC-240x135.jpg 240w, https:\/\/www.diarioimagen.net\/wp-content\/uploads\/2019\/10\/TULTEPEC-235x132.jpg 235w, https:\/\/www.diarioimagen.net\/wp-content\/uploads\/2019\/10\/TULTEPEC-202x114.jpg 202w, https:\/\/www.diarioimagen.net\/wp-content\/uploads\/2019\/10\/TULTEPEC-350x196.jpg 350w, https:\/\/www.diarioimagen.net\/wp-content\/uploads\/2019\/10\/TULTEPEC-220x123.jpg 220w, https:\/\/www.diarioimagen.net\/wp-content\/uploads\/2019\/10\/TULTEPEC-237x132.jpg 237w, https:\/\/www.diarioimagen.net\/wp-content\/uploads\/2019\/10\/TULTEPEC.jpg 480w\" sizes=\"auto, (max-width: 460px) 100vw, 460px\" \/><\/a><p id=\"caption-attachment-445763\" class=\"wp-caption-text\">El gobierno de Tultepec no s\u00f3lo promueve el deporte sino trabaja de manera permanente en la recuperaci\u00f3n de espacios p\u00fablicos y la promoci\u00f3n de actividades culturales en sus comunidades.<\/p><\/div>\n<p>&nbsp;<\/p>\n<p><strong>Tultepec, Estado de M\u00e9xico<\/strong>.- Carlos Antonio Aguado Portillo, Subdirector de Prevenci\u00f3n de Adicciones, del Instituto Mexiquense Contra las Adicciones (IMCA), se pronunci\u00f3 por una pol\u00edtica transversal y coordinada entre las diferentes \u00e1reas del gobierno municipal y esta dependencia estatal en la generaci\u00f3n de estrategias y acciones de prevenci\u00f3n de adicciones.<\/p>\n<p>Al tomar protesta a los integrantes del Comit\u00e9 Municipal Contra las Adicciones de Tultepec, ante Edgar Adri\u00e1n Hern\u00e1ndez M\u00e1rquez, Secretario del Ayuntamiento, el funcionario estatal se congratul\u00f3 por la conformaci\u00f3n de esta comisi\u00f3n para prevenir el consumo de drogas, tabaco y alcohol que cada d\u00eda va al alza en nuestra sociedad.<\/p>\n<p>\u201cAsegur\u00f3 que quien tiene una adicci\u00f3n se convierte en esclavo que en principio da\u00f1a a su familia, pero casi siempre termina da\u00f1ando a la sociedad. De ah\u00ed la importancia de involucrar a todas las \u00e1reas de gobierno a fin de sumar esfuerzos con el objetivo de prevenir cualquier tipo de consumo de sustancias que envenenan la salud de ni\u00f1os y j\u00f3venes\u201d.<\/p>\n<p>Integrado por servidores p\u00fablicos estatales y municipales, la funci\u00f3n del comit\u00e9 va m\u00e1s all\u00e1 de la funci\u00f3n institucional,\u00a0dado que representa el reconocimiento a una clara vocaci\u00f3n que tienen por ayudar a la gente, por serle \u00fatil a los vecinos y poder contribuir con su esfuerzo, pasi\u00f3n, dedicaci\u00f3n y entrega; a fin de que las pr\u00f3ximas generaciones est\u00e9n libres de este c\u00e1ncer social que representan las adicciones.<\/p>\n<p>Edgar Adri\u00e1n Hern\u00e1ndez M\u00e1rquez, asegur\u00f3 que la lucha debe atender no s\u00f3lo en el consumo de sustancias prohibidas, sino que tambi\u00e9n se debe enfocar otro tipo de\u00a0fen\u00f3menos como es el tabaquismo y el alcoholismo, \u201cpues un alto porcentaje de j\u00f3venes consumen tabaco y alcohol lamentablemente a edades m\u00e1s tempranas\u201d.<\/p>\n<p>Por tal motivo, dijo, el gobierno de Tultepec no s\u00f3lo promueve el deporte a trav\u00e9s de sus cinco unidades deportivas con la creaci\u00f3n de escuelas de basquetbol, futbol y volibol; sino que adem\u00e1s trabaja de manera permanente en la recuperaci\u00f3n de espacios p\u00fablicos y la promoci\u00f3n de actividades deportivas y talleres culturales en las propias comunidades.<\/p>\n<p>Por su parte, la direcci\u00f3n de Seguridad Ciudadana en coordinaci\u00f3n con el Instituto Municipal de la Mujer, llevan a cabo talleres y cursos contra adicciones y la presentaci\u00f3n de Sociodramas en diversas escuelas, donde se abordan precisamente las adicciones y las problem\u00e1ticas que de esta se derivan como violencia intrafamiliar, entre otras.<\/p>\n<p>Finalmente, el secretario del Ayuntamiento precis\u00f3 que por instrucci\u00f3n del presidente municipal Armando Portuguez, las diferentes instancias municipales deben trabajar en conjunto para cumplir estos objetivos, \u201cporque es un problema\u00a0de salud y de seguridad, que se debe combatir para tener un Tultepec sano y libre de adicciones\u201d.<\/p>\n<p>En la toma de protesta estuvieron presentes Santiago L\u00f3pez Becerra, Bruno Garc\u00eda Mart\u00ednez, Gerardo Ram\u00edrez Hern\u00e1ndez, Federico S\u00e1nchez, Jos\u00e9 Javier Garc\u00eda Monterrubio, Marisela Hern\u00e1ndez Urb\u00e1n, directores de Educaci\u00f3n, Desarrollo Econ\u00f3mico, Deportivos, Fomento Agropecuario y titular del Instituto de la Mujer, as\u00ed como Yolanda Escobedo Vel\u00e1zquez, sexta Regidora y Anabel S\u00e1nchez Gonz\u00e1lez, del Centro de Atenci\u00f3n Contra las Adicciones de Cuautitl\u00e1n, entre otros.<\/p>\n","protected":false},"excerpt":{"rendered":"<p>Carlos Antonio Aguado Portillo, Subdirector de Prevenci\u00f3n de Adicciones, del Instituto Mexiquense Contra las Adicciones (IMCA), se pronunci\u00f3 por una pol\u00edtica transversal y coordinada entre las diferentes \u00e1reas del gobierno municipal y esta dependencia estatal en la generaci\u00f3n de estrategias y acciones de prevenci\u00f3n de adicciones.<\/p>\n","protected":false},"author":3,"featured_media":445763,"comment_status":"open","ping_status":"open","sticky":false,"template":"","format":"standard","meta":{"_monsterinsights_skip_tracking":false,"_monsterinsights_sitenote_active":false,"_monsterinsights_sitenote_note":"","_monsterinsights_sitenote_category":0,"footnotes":""},"categories":[5],"tags":[6986,43675,47870,3802],"class_list":["post-445702","post","type-post","status-publish","format-standard","has-post-thumbnail","hentry","category-estado-de-mexico","tag-adicciones","tag-estado-de-mexico","tag-prevenir","tag-tultepec"],"_links":{"self":[{"href":"https:\/\/www.diarioimagen.net\/index.php?rest_route=\/wp\/v2\/posts\/445702","targetHints":{"allow":["GET"]}}],"collection":[{"href":"https:\/\/www.diarioimagen.net\/index.php?rest_route=\/wp\/v2\/posts"}],"about":[{"href":"https:\/\/www.diarioimagen.net\/index.php?rest_route=\/wp\/v2\/types\/post"}],"author":[{"embeddable":true,"href":"https:\/\/www.diarioimagen.net\/index.php?rest_route=\/wp\/v2\/users\/3"}],"replies":[{"embeddable":true,"href":"https:\/\/www.diarioimagen.net\/index.php?rest_route=%2Fwp%2Fv2%2Fcomments&post=445702"}],"version-history":[{"count":0,"href":"https:\/\/www.diarioimagen.net\/index.php?rest_route=\/wp\/v2\/posts\/445702\/revisions"}],"wp:featuredmedia":[{"embeddable":true,"href":"https:\/\/www.diarioimagen.net\/index.php?rest_route=\/wp\/v2\/media\/445763"}],"wp:attachment":[{"href":"https:\/\/www.diarioimagen.net\/index.php?rest_route=%2Fwp%2Fv2%2Fmedia&parent=445702"}],"wp:term":[{"taxonomy":"category","embeddable":true,"href":"https:\/\/www.diarioimagen.net\/index.php?rest_route=%2Fwp%2Fv2%2Fcategories&post=445702"},{"taxonomy":"post_tag","embeddable":true,"href":"https:\/\/www.diarioimagen.net\/index.php?rest_route=%2Fwp%2Fv2%2Ftags&post=445702"}],"curies":[{"name":"wp","href":"https:\/\/api.w.org\/{rel}","templated":true}]}}