{"id":445726,"date":"2019-10-09T00:05:22","date_gmt":"2019-10-09T05:05:22","guid":{"rendered":"https:\/\/www.diarioimagen.net\/?p=445726"},"modified":"2019-10-09T01:44:59","modified_gmt":"2019-10-09T06:44:59","slug":"el-partenon-de-arturo-durazo-moreno","status":"publish","type":"post","link":"https:\/\/www.diarioimagen.net\/?p=445726","title":{"rendered":"El Parten\u00f3n de Arturo Durazo Moreno"},"content":{"rendered":"<h2>Centro..!<\/h2>\n<h5>Arturo R\u00edos Ruiz<\/h5>\n<p><em>\u00a0<\/em><\/p>\n<ul>\n<li><strong><em>Fue el jefe policiaco consentido de Jos\u00e9 L\u00f3pez Portillo<\/em><\/strong><\/li>\n<\/ul>\n<p>&nbsp;<\/p>\n<p>Muchas historias sobre el Parten\u00f3n de Arturo Durazo Moreno, que fue jefe de la Polic\u00eda del Distrito Federal, en el sexenio de Jos\u00e9 L\u00f3pez Portillo.<\/p>\n<p>Construido en unos 10,000 metros cuadrados, en el Ejido de Zihuatanejo, en lotes de varios ejidatarios.<\/p>\n<p>En diciembre de 1976, los poseedores del terreno, cedieron sus derechos a Durazo y Silvia Garza S\u00e1enz, reconocidos ante el Fideicomiso Bah\u00eda de Zihuatanejo (FIBAZI)\u00a0como sucesores del inmueble.<\/p>\n<p>El 28 de julio de 1980, se celebr\u00f3 un convenio entre el Arq. Ra\u00fal Esponda, director entonces del FIBAZI y Arturo Durazo Moreno, en el que le autoriz\u00f3 la obra.<\/p>\n<p>A fines de 1980, el ayuntamiento que encabezaba Armando Federico Gonz\u00e1lez, le expidi\u00f3 la licencia de construcci\u00f3n, exenta de pago de impuestos.<\/p>\n<p>Para la edificaci\u00f3n, el FIBAZI, facilit\u00f3 a Durazo gratuitamente, la piedra que se necesitara, extray\u00e9ndola de unos bancos, propiedad de aquel fideicomiso.<\/p>\n<p>La obra se inaugur\u00f3 con una gran fiesta y al venir la persecuci\u00f3n y encarcelamiento de Durazo, cay\u00f3 en el abandono, sufriendo saqueo de piezas y accesorios.<\/p>\n<p>El edificio principal consta de dos plantas y un s\u00f3tano, gran sala con 30 columnas j\u00f3nicas, cuatro salones como rec\u00e1maras o estudios y otras tantas en la planta alta, en el s\u00f3tano la cava y al frente una gran piscina\u00a0con una cantina o discoteca.<\/p>\n<p>Hab\u00eda jardines y una jaula con un le\u00f3n cerca del estacionamiento y, un t\u00fanel que cruzaba la propiedad y para desembocar en un helipuerto.<\/p>\n<p>Impera el deterioro, la escultura principal, un fauno hecho por el escultor Ponzanelli, se ignora d\u00f3nde qued\u00f3; pinturas grafiteadas, ba\u00f1os sin muebles. Pleno abandono.<\/p>\n<p>En 1989, Jorge Allec Galeana, era titular del Comit\u00e9 Municipal del PRI, hizo toma simb\u00f3lica del Parten\u00f3n, bajo el argumento que ser\u00eda expropiado para la comunidad.<\/p>\n<p>El gobernador\u00a0Jos\u00e9 Francisco Ruiz Massieu, expidi\u00f3 un decreto expropiatorio del inmueble de 10,521 metros cuadrados, conocido como El Parten\u00f3n.<\/p>\n<p>Pero ni durante el resto del periodo de Ruiz Massieu, ni en los sucesivos, se ha dado cumplimiento al fin de la expropiaci\u00f3n.<\/p>\n<p>Francisco Arturo Durazo Garza, promovi\u00f3 un juicio ante la Sala Regional en Zihuatanejo, demand\u00f3 la nulidad de la negativa del Gobierno del Estado y pidi\u00f3 se declarara la insubsistencia del decreto de expropiaci\u00f3n, desde el lejano 2004.<\/p>\n<p>En septiembre de 2019, los tribunales federales negaron el amparo a los descendientes de Durazo y el inmueble permanece bajo la jurisdicci\u00f3n del estado.<\/p>\n<p>*Gracias a Rodrigo Campos Aburto, Cronista del Puerto de Zihuatanejo.<\/p>\n<p><em><a href=\"mailto:rrrart2000@hotmail.com\" target=\"_blank\" rel=\"noopener noreferrer\">rrrart2000@hotmail.com<\/a><\/em><\/p>\n","protected":false},"excerpt":{"rendered":"<p><span style=\"color: #005497;\"><strong>Arturo R\u00edos Ruiz<\/strong><\/span><\/p>\n","protected":false},"author":3,"featured_media":0,"comment_status":"open","ping_status":"open","sticky":false,"template":"","format":"standard","meta":{"_monsterinsights_skip_tracking":false,"_monsterinsights_sitenote_active":false,"_monsterinsights_sitenote_note":"","_monsterinsights_sitenote_category":0,"footnotes":""},"categories":[82265],"tags":[82266,10806,43674],"class_list":["post-445726","post","type-post","status-publish","format-standard","hentry","category-arturo-rios-ruiz","tag-arturo-rios-ruiz","tag-centro","tag-opinion"],"_links":{"self":[{"href":"https:\/\/www.diarioimagen.net\/index.php?rest_route=\/wp\/v2\/posts\/445726","targetHints":{"allow":["GET"]}}],"collection":[{"href":"https:\/\/www.diarioimagen.net\/index.php?rest_route=\/wp\/v2\/posts"}],"about":[{"href":"https:\/\/www.diarioimagen.net\/index.php?rest_route=\/wp\/v2\/types\/post"}],"author":[{"embeddable":true,"href":"https:\/\/www.diarioimagen.net\/index.php?rest_route=\/wp\/v2\/users\/3"}],"replies":[{"embeddable":true,"href":"https:\/\/www.diarioimagen.net\/index.php?rest_route=%2Fwp%2Fv2%2Fcomments&post=445726"}],"version-history":[{"count":0,"href":"https:\/\/www.diarioimagen.net\/index.php?rest_route=\/wp\/v2\/posts\/445726\/revisions"}],"wp:attachment":[{"href":"https:\/\/www.diarioimagen.net\/index.php?rest_route=%2Fwp%2Fv2%2Fmedia&parent=445726"}],"wp:term":[{"taxonomy":"category","embeddable":true,"href":"https:\/\/www.diarioimagen.net\/index.php?rest_route=%2Fwp%2Fv2%2Fcategories&post=445726"},{"taxonomy":"post_tag","embeddable":true,"href":"https:\/\/www.diarioimagen.net\/index.php?rest_route=%2Fwp%2Fv2%2Ftags&post=445726"}],"curies":[{"name":"wp","href":"https:\/\/api.w.org\/{rel}","templated":true}]}}