{"id":445730,"date":"2019-10-09T00:03:13","date_gmt":"2019-10-09T05:03:13","guid":{"rendered":"https:\/\/www.diarioimagen.net\/?p=445730"},"modified":"2019-10-09T01:48:32","modified_gmt":"2019-10-09T06:48:32","slug":"bolivia-15-anos-con-evo-morales","status":"publish","type":"post","link":"https:\/\/www.diarioimagen.net\/?p=445730","title":{"rendered":"Bolivia, 15 a\u00f1os con Evo Morales"},"content":{"rendered":"<h2>Espacio Electoral<\/h2>\n<h5>Eleazar Flores<\/h5>\n<p><strong>\u00a0<\/strong><\/p>\n<p><strong>Una m\u00e1s.- <\/strong>El hermano pa\u00eds de Bolivia tendr\u00e1 elecciones el pr\u00f3ximo domingo 20 del presente mes de octubre, o sea dentro de once d\u00edas, pero la noticia que m\u00e1s llama la atenci\u00f3n es la fuerte posibilidad de una reelecci\u00f3n m\u00e1s del actual presidente Juan Evo Morales Ayma.<\/p>\n<p>Y es que el l\u00edder campesino Evo Morales \u201capenas\u201d lleva13 a\u00f1os como mandatario, gesti\u00f3n que inici\u00f3 el 22 de enero de 2006, tiempo durante el cual ha promovido reformas y m\u00e1s reformas para\u00a0\u00a0 lograr reelegirse.<\/p>\n<p><strong>Poblaci\u00f3n.-<\/strong> El pa\u00eds sudamericano de Bolivia tiene una poblaci\u00f3n de once millones 300 mil habitantes, de los cuales integran el padr\u00f3n electoral poco m\u00e1s de siete millones, en quienes recaer\u00e1 la responsabilidad de elegir presidente, vicepresidente, senadores, diputados y representantes ante organismos supranacionales. Bolivia se define como pa\u00eds plurinacional.<\/p>\n<p>Una caracter\u00edstica que posee el pa\u00eds plurinacional es que sus leyes contemplan el famoso refer\u00e9ndum, recurso que de hecho est\u00e1 implantado ya en nuestro pa\u00eds, dado que el poder legislativo ha autorizado que ser\u00e1 en febrero cuando se someta a consideraci\u00f3n de la ciudadan\u00eda si el presidente Andr\u00e9s Manuel L\u00f3pez Obrador sigue o no en el cargo.<\/p>\n<p><strong>Reformas.-<\/strong> Hasta antes de 2006 la constituci\u00f3n boliviana contemplaba la reelecci\u00f3n presidencial por una ocasi\u00f3n y Evo Morales la logr\u00f3 con la mano en la cintura. Sin embargo, a lo largo de los dos \u00faltimos lustros Evo Morales promovi\u00f3 reformas y m\u00e1s reformas a todo el marco jur\u00eddico de su pa\u00eds para lograr ampliar su mandato. Lo ha hecho y seguro llegar\u00e1 al 2024.<\/p>\n<p>A semana y media de las elecciones presidenciales, Evo Morales lleva una ventaja de casi el cincuenta por ciento sobre su rivales m\u00e1s cercanos, Carlos Meza que va en segundo con una diferencia de treinta puntos y Oscar Ortiz que va en tercero. Hay cuatro candidatos m\u00e1s pero\u00a0 ellos saben que no ganar\u00e1n. Se trata de F\u00e9lix Patzi, Chi Hyun y Ruth Nina del Partido Acci\u00f3n Nacional.<\/p>\n<p><strong>Izquierda.-<\/strong> Con todo y lo que se dice y escribe acerca de Evo Morales Ayma, \u00e9ste sigue gozando de la simpat\u00eda del campesinado productor de coca, una de las principales tareas en este pa\u00eds sudamericano. Su en\u00e9sima reelecci\u00f3n\u00a0 le permitir\u00e1, de lograrla, gobernar a su pa\u00eds hasta 2024 y su identificaci\u00f3n pol\u00edtica izquierdista se mantendr\u00e1.<\/p>\n<p><strong>M\u00e1s elecciones.-<\/strong> Para confirmar que lo electoral lleg\u00f3 para quedarse, le recuerdo que este mes o lo que queda, es de intensa actividad comicial pues los ciudadanos de Argentina y Uruguay tambi\u00e9n tienen agendadas actividades para elegir a presidente y vicepresidente.<\/p>\n<p>Salvo algo inesperado, es casi un hecho que Alberto Fern\u00e1ndez le gane al actual presidente Mauricio Macri.<\/p>\n<p><a href=\"mailto:elefa44@gmail.com\" target=\"_blank\" rel=\"noopener noreferrer\"><em>elefa44@gmail.com<\/em><\/a><\/p>\n","protected":false},"excerpt":{"rendered":"<p><span style=\"color: #005497;\"><strong>Eleazar Flores<\/strong><\/span><\/p>\n","protected":false},"author":3,"featured_media":0,"comment_status":"open","ping_status":"open","sticky":false,"template":"","format":"standard","meta":{"_monsterinsights_skip_tracking":false,"_monsterinsights_sitenote_active":false,"_monsterinsights_sitenote_note":"","_monsterinsights_sitenote_category":0,"footnotes":""},"categories":[81743],"tags":[81744,81776,43674],"class_list":["post-445730","post","type-post","status-publish","format-standard","hentry","category-eleazar-flores","tag-eleazar-flores","tag-espacio-electoral","tag-opinion"],"_links":{"self":[{"href":"https:\/\/www.diarioimagen.net\/index.php?rest_route=\/wp\/v2\/posts\/445730","targetHints":{"allow":["GET"]}}],"collection":[{"href":"https:\/\/www.diarioimagen.net\/index.php?rest_route=\/wp\/v2\/posts"}],"about":[{"href":"https:\/\/www.diarioimagen.net\/index.php?rest_route=\/wp\/v2\/types\/post"}],"author":[{"embeddable":true,"href":"https:\/\/www.diarioimagen.net\/index.php?rest_route=\/wp\/v2\/users\/3"}],"replies":[{"embeddable":true,"href":"https:\/\/www.diarioimagen.net\/index.php?rest_route=%2Fwp%2Fv2%2Fcomments&post=445730"}],"version-history":[{"count":0,"href":"https:\/\/www.diarioimagen.net\/index.php?rest_route=\/wp\/v2\/posts\/445730\/revisions"}],"wp:attachment":[{"href":"https:\/\/www.diarioimagen.net\/index.php?rest_route=%2Fwp%2Fv2%2Fmedia&parent=445730"}],"wp:term":[{"taxonomy":"category","embeddable":true,"href":"https:\/\/www.diarioimagen.net\/index.php?rest_route=%2Fwp%2Fv2%2Fcategories&post=445730"},{"taxonomy":"post_tag","embeddable":true,"href":"https:\/\/www.diarioimagen.net\/index.php?rest_route=%2Fwp%2Fv2%2Ftags&post=445730"}],"curies":[{"name":"wp","href":"https:\/\/api.w.org\/{rel}","templated":true}]}}