{"id":445882,"date":"2019-10-10T00:05:55","date_gmt":"2019-10-10T05:05:55","guid":{"rendered":"https:\/\/www.diarioimagen.net\/?p=445882"},"modified":"2019-10-10T05:26:59","modified_gmt":"2019-10-10T10:26:59","slug":"en-cuautitlan-izcalli-fortalecen-la-economia-de-emprendedoras","status":"publish","type":"post","link":"https:\/\/www.diarioimagen.net\/?p=445882","title":{"rendered":"En Cuautitl\u00e1n Izcalli fortalecen la econom\u00eda de emprendedoras"},"content":{"rendered":"<ul>\n<li><strong><em>A trav\u00e9s de la primera Feria Mujer Emprende<\/em><\/strong><\/li>\n<\/ul>\n<p>&nbsp;<\/p>\n<div id=\"attachment_445951\" style=\"width: 470px\" class=\"wp-caption aligncenter\"><a href=\"https:\/\/www.diarioimagen.net\/?attachment_id=445951\" rel=\"attachment wp-att-445951\"><img loading=\"lazy\" decoding=\"async\" aria-describedby=\"caption-attachment-445951\" class=\"size-large wp-image-445951\" src=\"https:\/\/www.diarioimagen.net\/wp-content\/uploads\/2019\/10\/CUAUTITL\u00c1N-IZCALLI-460x259.jpg\" alt=\"\" width=\"460\" height=\"259\" srcset=\"https:\/\/www.diarioimagen.net\/wp-content\/uploads\/2019\/10\/CUAUTITL\u00c1N-IZCALLI-460x259.jpg 460w, https:\/\/www.diarioimagen.net\/wp-content\/uploads\/2019\/10\/CUAUTITL\u00c1N-IZCALLI-240x135.jpg 240w, https:\/\/www.diarioimagen.net\/wp-content\/uploads\/2019\/10\/CUAUTITL\u00c1N-IZCALLI-235x132.jpg 235w, https:\/\/www.diarioimagen.net\/wp-content\/uploads\/2019\/10\/CUAUTITL\u00c1N-IZCALLI-202x114.jpg 202w, https:\/\/www.diarioimagen.net\/wp-content\/uploads\/2019\/10\/CUAUTITL\u00c1N-IZCALLI-350x196.jpg 350w, https:\/\/www.diarioimagen.net\/wp-content\/uploads\/2019\/10\/CUAUTITL\u00c1N-IZCALLI-220x123.jpg 220w, https:\/\/www.diarioimagen.net\/wp-content\/uploads\/2019\/10\/CUAUTITL\u00c1N-IZCALLI-237x132.jpg 237w, https:\/\/www.diarioimagen.net\/wp-content\/uploads\/2019\/10\/CUAUTITL\u00c1N-IZCALLI.jpg 480w\" sizes=\"auto, (max-width: 460px) 100vw, 460px\" \/><\/a><p id=\"caption-attachment-445951\" class=\"wp-caption-text\">El evento tuvo una duraci\u00f3n de tres d\u00edas, en los que habitantes izcallenses disfrutaron distintos productos y servicios a precios accesibles.<\/p><\/div>\n<p>&nbsp;<\/p>\n<p><strong>Cuautitl\u00e1n Izcalli, Estado de M\u00e9xico<\/strong>.- Con la finalidad de fortalecer la econom\u00eda de las mujeres emprendedoras de Cuautitl\u00e1n Izcalli, la Direcci\u00f3n de Desarrollo Econ\u00f3mico del gobierno Municipal presidido por Ricardo N\u00fa\u00f1ez Ayala, en colaboraci\u00f3n con la red de mujeres \u201cUnidas Contamos\u201d, celebr\u00f3 la Primera Feria Mujer Emprende en el auditorio Enrique B\u00e1tiz.<\/p>\n<p>El evento tuvo una duraci\u00f3n de tres d\u00edas, en los que habitantes izcallenses disfrutaron distintos productos y servicios a precios accesibles, entre los que destacaron art\u00edculos de belleza, bisuter\u00eda, manualidades, servicios para el cuidado de la piel y diversos tipos de alimentos, por mencionar algunos.<\/p>\n<p>La directora de Desarrollo Econ\u00f3mico de Cuautitl\u00e1n Izcalli, Rosalba Irene Garc\u00eda P\u00e9rez, agradeci\u00f3 la colaboraci\u00f3n de las emprendedoras y de los asistentes, y destac\u00f3 que la \u00fanica manera de implantar\u00a0acciones en beneficio de la ciudadan\u00eda es haciendo efectiva la vocaci\u00f3n de servicio a favor de la poblaci\u00f3n, asimismo, reiter\u00f3 el compromiso del gobierno Municipal por fomentar el desarrollo econ\u00f3mico de su poblaci\u00f3n.<\/p>\n<p>A la Feria Mujer Emprende asistieron tambi\u00e9n la directora del Instituto Municipal para la Igualdad Entre Mujeres y Hombres (IMIEMH), Lidia Ramos Camacho; el director del Organismo P\u00fablico Descentralizado de Car\u00e1cter Municipal para el Mantenimiento de Vialidades de Cuautitl\u00e1n Izcalli (MAVICI), Juan Lauro Castell\u00f3n Huerta; la novena regidora, Margarita Rivero R\u00edos; el sexto regidor, Luis Trejo Hern\u00e1ndez; la d\u00e9cimo segunda regidora, Claudia Bravo Langle; y el secretario del Ayuntamiento, Maurilio Contreras Su\u00e1rez, en representaci\u00f3n del presidente municipal.<\/p>\n","protected":false},"excerpt":{"rendered":"<p>Con la finalidad de fortalecer la econom\u00eda de las mujeres emprendedoras de Cuautitl\u00e1n Izcalli, la Direcci\u00f3n de Desarrollo Econ\u00f3mico del gobierno Municipal presidido por Ricardo N\u00fa\u00f1ez Ayala, en colaboraci\u00f3n con la red de mujeres \u201cUnidas Contamos\u201d, celebr\u00f3 la Primera Feria Mujer Emprende en el auditorio Enrique B\u00e1tiz.<\/p>\n","protected":false},"author":3,"featured_media":445951,"comment_status":"open","ping_status":"open","sticky":false,"template":"","format":"standard","meta":{"_monsterinsights_skip_tracking":false,"_monsterinsights_sitenote_active":false,"_monsterinsights_sitenote_note":"","_monsterinsights_sitenote_category":0,"footnotes":""},"categories":[5],"tags":[971,1275,63687,43675],"class_list":["post-445882","post","type-post","status-publish","format-standard","has-post-thumbnail","hentry","category-estado-de-mexico","tag-cuautitlan-izcalli","tag-economia","tag-emprendedoras","tag-estado-de-mexico"],"_links":{"self":[{"href":"https:\/\/www.diarioimagen.net\/index.php?rest_route=\/wp\/v2\/posts\/445882","targetHints":{"allow":["GET"]}}],"collection":[{"href":"https:\/\/www.diarioimagen.net\/index.php?rest_route=\/wp\/v2\/posts"}],"about":[{"href":"https:\/\/www.diarioimagen.net\/index.php?rest_route=\/wp\/v2\/types\/post"}],"author":[{"embeddable":true,"href":"https:\/\/www.diarioimagen.net\/index.php?rest_route=\/wp\/v2\/users\/3"}],"replies":[{"embeddable":true,"href":"https:\/\/www.diarioimagen.net\/index.php?rest_route=%2Fwp%2Fv2%2Fcomments&post=445882"}],"version-history":[{"count":0,"href":"https:\/\/www.diarioimagen.net\/index.php?rest_route=\/wp\/v2\/posts\/445882\/revisions"}],"wp:featuredmedia":[{"embeddable":true,"href":"https:\/\/www.diarioimagen.net\/index.php?rest_route=\/wp\/v2\/media\/445951"}],"wp:attachment":[{"href":"https:\/\/www.diarioimagen.net\/index.php?rest_route=%2Fwp%2Fv2%2Fmedia&parent=445882"}],"wp:term":[{"taxonomy":"category","embeddable":true,"href":"https:\/\/www.diarioimagen.net\/index.php?rest_route=%2Fwp%2Fv2%2Fcategories&post=445882"},{"taxonomy":"post_tag","embeddable":true,"href":"https:\/\/www.diarioimagen.net\/index.php?rest_route=%2Fwp%2Fv2%2Ftags&post=445882"}],"curies":[{"name":"wp","href":"https:\/\/api.w.org\/{rel}","templated":true}]}}