{"id":445885,"date":"2019-10-10T00:04:11","date_gmt":"2019-10-10T05:04:11","guid":{"rendered":"https:\/\/www.diarioimagen.net\/?p=445885"},"modified":"2019-10-10T05:28:26","modified_gmt":"2019-10-10T10:28:26","slug":"alcaldesa-ruth-olvera-encabeza-segunda-entrega-de-parque-vehicular","status":"publish","type":"post","link":"https:\/\/www.diarioimagen.net\/?p=445885","title":{"rendered":"Alcaldesa Ruth Olvera encabeza segunda entrega de parque vehicular"},"content":{"rendered":"<ul>\n<li><strong><em>En Atizap\u00e1n de Zaragoza<\/em><\/strong><\/li>\n<\/ul>\n<p>&nbsp;<\/p>\n<div id=\"attachment_445954\" style=\"width: 470px\" class=\"wp-caption aligncenter\"><a href=\"https:\/\/www.diarioimagen.net\/?attachment_id=445954\" rel=\"attachment wp-att-445954\"><img loading=\"lazy\" decoding=\"async\" aria-describedby=\"caption-attachment-445954\" class=\"size-large wp-image-445954\" src=\"https:\/\/www.diarioimagen.net\/wp-content\/uploads\/2019\/10\/ATIZAPAN-460x334.jpg\" alt=\"\" width=\"460\" height=\"334\" srcset=\"https:\/\/www.diarioimagen.net\/wp-content\/uploads\/2019\/10\/ATIZAPAN-460x334.jpg 460w, https:\/\/www.diarioimagen.net\/wp-content\/uploads\/2019\/10\/ATIZAPAN-240x175.jpg 240w, https:\/\/www.diarioimagen.net\/wp-content\/uploads\/2019\/10\/ATIZAPAN-90x65.jpg 90w, https:\/\/www.diarioimagen.net\/wp-content\/uploads\/2019\/10\/ATIZAPAN.jpg 700w\" sizes=\"auto, (max-width: 460px) 100vw, 460px\" \/><\/a><p id=\"caption-attachment-445954\" class=\"wp-caption-text\">La presidenta municipal Ruth Olvera Nieto agradeci\u00f3 la aprobaci\u00f3n de los integrantes de cabildo para dotar de m\u00e1s unidades y equipo a Seguridad P\u00fablica.<\/p><\/div>\n<p>&nbsp;<\/p>\n<p><strong>Atizap\u00e1n, Estado de M\u00e9xico<\/strong>.- Como respuesta a la principal demanda de los atizapenses al gobierno municipal, la alcaldesa Ruth Olvera Nieto realiz\u00f3 la segunda entrega de patrullas en el a\u00f1o, as\u00ed como uniformes, equipo t\u00e1ctico y de radio comunicaci\u00f3n.<\/p>\n<p>Ante la presencia del s\u00edndico municipal Isaac S\u00e1nchez, regidores, el Comisario de Seguridad P\u00fablica Alberto Ugalde Fern\u00e1ndez y directores de \u00e1rea, oficialmente se dio el banderazo de salida a 20 veh\u00edculos: 15 patrullas para Seguridad P\u00fablica y Tr\u00e1nsito; dos camionetas para Protecci\u00f3n Civil; y dos camiones compactadores de ocho toneladas y una camioneta de 3.5 toneladas para Servicios P\u00fablicos.<\/p>\n<p>La Presidente Municipal Olvera Nieto agradeci\u00f3 la aprobaci\u00f3n de los integrantes de Cabildo para dotar de m\u00e1s unidades y equipo a Seguridad P\u00fablica, pero explic\u00f3 que esta acci\u00f3n tambi\u00e9n \u201ces parte de la estrategia financiera que hemos dise\u00f1ado para Atizap\u00e1n y los ciudadanos que nos est\u00e1n ayudando pagado sus contribuciones\u201d<\/p>\n<p>Explic\u00f3 que las patrullas est\u00e1n equipadas con tecnolog\u00eda de punta como rastreo satelital GPS y un sistema de video vigilancia que incluye una c\u00e1mara interior y dos exteriores para grabar y transmitir en tiempo real al C4, permitiendo un monitoreo m\u00e1s eficaz.<\/p>\n<p>El Comisario municipal Alberto Ugalde agreg\u00f3 que las unidades se integran a las patrullas que actualmente se encuentran en operaci\u00f3n.<\/p>\n<p>Destac\u00f3 que tambi\u00e9n se otorg\u00f3 equipo t\u00e1ctico y de radio comunicaci\u00f3n que facilitar\u00e1 el trabajo de m\u00e1s de mil 300 elementos del GOE, Servicios facultativos, Prevenci\u00f3n del delito, Tr\u00e1nsito, Operaciones, Sectores, Caballer\u00eda y Banda de Guerra.<\/p>\n<p>En entrevista con medios de comunicaci\u00f3n, Alberto Ugalde se\u00f1al\u00f3 que se encuentran trabajando coordinadamente con elementos de la Guardia Nacional que laboran en el municipio, \u201cdando buenos resultados d\u00eda con d\u00eda en favor de los ciudadanos\u201d.<\/p>\n<p>En este sentido apunt\u00f3 que, desde el inicio de la actual administraci\u00f3n, el delito de robo de autos disminuy\u00f3 notablemente, pas\u00f3 de un promedio de 30 veh\u00edculos robados al d\u00eda, a tan s\u00f3lo cinco.<\/p>\n","protected":false},"excerpt":{"rendered":"<p>Como respuesta a la principal demanda de los atizapenses al gobierno municipal, la alcaldesa Ruth Olvera Nieto realiz\u00f3 la segunda entrega de patrullas en el a\u00f1o, as\u00ed como uniformes, equipo t\u00e1ctico y de radio comunicaci\u00f3n.<\/p>\n","protected":false},"author":3,"featured_media":445954,"comment_status":"open","ping_status":"open","sticky":false,"template":"","format":"standard","meta":{"_monsterinsights_skip_tracking":false,"_monsterinsights_sitenote_active":false,"_monsterinsights_sitenote_note":"","_monsterinsights_sitenote_category":0,"footnotes":""},"categories":[5],"tags":[969,43675,63369,65826],"class_list":["post-445885","post","type-post","status-publish","format-standard","has-post-thumbnail","hentry","category-estado-de-mexico","tag-atizapan","tag-estado-de-mexico","tag-parque","tag-vehicular"],"_links":{"self":[{"href":"https:\/\/www.diarioimagen.net\/index.php?rest_route=\/wp\/v2\/posts\/445885","targetHints":{"allow":["GET"]}}],"collection":[{"href":"https:\/\/www.diarioimagen.net\/index.php?rest_route=\/wp\/v2\/posts"}],"about":[{"href":"https:\/\/www.diarioimagen.net\/index.php?rest_route=\/wp\/v2\/types\/post"}],"author":[{"embeddable":true,"href":"https:\/\/www.diarioimagen.net\/index.php?rest_route=\/wp\/v2\/users\/3"}],"replies":[{"embeddable":true,"href":"https:\/\/www.diarioimagen.net\/index.php?rest_route=%2Fwp%2Fv2%2Fcomments&post=445885"}],"version-history":[{"count":0,"href":"https:\/\/www.diarioimagen.net\/index.php?rest_route=\/wp\/v2\/posts\/445885\/revisions"}],"wp:featuredmedia":[{"embeddable":true,"href":"https:\/\/www.diarioimagen.net\/index.php?rest_route=\/wp\/v2\/media\/445954"}],"wp:attachment":[{"href":"https:\/\/www.diarioimagen.net\/index.php?rest_route=%2Fwp%2Fv2%2Fmedia&parent=445885"}],"wp:term":[{"taxonomy":"category","embeddable":true,"href":"https:\/\/www.diarioimagen.net\/index.php?rest_route=%2Fwp%2Fv2%2Fcategories&post=445885"},{"taxonomy":"post_tag","embeddable":true,"href":"https:\/\/www.diarioimagen.net\/index.php?rest_route=%2Fwp%2Fv2%2Ftags&post=445885"}],"curies":[{"name":"wp","href":"https:\/\/api.w.org\/{rel}","templated":true}]}}