{"id":445889,"date":"2019-10-10T00:01:43","date_gmt":"2019-10-10T05:01:43","guid":{"rendered":"https:\/\/www.diarioimagen.net\/?p=445889"},"modified":"2019-10-10T05:33:47","modified_gmt":"2019-10-10T10:33:47","slug":"capacitan-a-policias-en-tecnicas-especializadas-en-tlalnepantla","status":"publish","type":"post","link":"https:\/\/www.diarioimagen.net\/?p=445889","title":{"rendered":"Capacitan a polic\u00edas en t\u00e9cnicas especializadas en Tlalnepantla"},"content":{"rendered":"<p><a href=\"https:\/\/www.diarioimagen.net\/?attachment_id=445962\" rel=\"attachment wp-att-445962\"><img loading=\"lazy\" decoding=\"async\" class=\"aligncenter size-large wp-image-445962\" src=\"https:\/\/www.diarioimagen.net\/wp-content\/uploads\/2019\/10\/TLALNEPANTLA-10-460x259.jpg\" alt=\"\" width=\"460\" height=\"259\" srcset=\"https:\/\/www.diarioimagen.net\/wp-content\/uploads\/2019\/10\/TLALNEPANTLA-10-460x259.jpg 460w, https:\/\/www.diarioimagen.net\/wp-content\/uploads\/2019\/10\/TLALNEPANTLA-10-240x135.jpg 240w, https:\/\/www.diarioimagen.net\/wp-content\/uploads\/2019\/10\/TLALNEPANTLA-10-235x132.jpg 235w, https:\/\/www.diarioimagen.net\/wp-content\/uploads\/2019\/10\/TLALNEPANTLA-10-202x114.jpg 202w, https:\/\/www.diarioimagen.net\/wp-content\/uploads\/2019\/10\/TLALNEPANTLA-10-350x196.jpg 350w, https:\/\/www.diarioimagen.net\/wp-content\/uploads\/2019\/10\/TLALNEPANTLA-10-220x123.jpg 220w, https:\/\/www.diarioimagen.net\/wp-content\/uploads\/2019\/10\/TLALNEPANTLA-10-237x132.jpg 237w, https:\/\/www.diarioimagen.net\/wp-content\/uploads\/2019\/10\/TLALNEPANTLA-10.jpg 480w\" sizes=\"auto, (max-width: 460px) 100vw, 460px\" \/><\/a><\/p>\n<p>&nbsp;<\/p>\n<p><strong>Tlalnepantla, Estado de M\u00e9xico.- <\/strong>Elementos de la Comisar\u00eda General de Seguridad P\u00fablica de Tlalnepantla participaron en el curso \u00b4Grupo T\u00e1ctico B\u00e1sico\u00b4, dirigido a mandos y personal operativo, con el cual incrementan su nivel de reacci\u00f3n ante situaciones de riesgo, as\u00ed como su planeaci\u00f3n, log\u00edstica y estrategias en campo.<\/p>\n<p>La Comisar\u00eda inform\u00f3 que 50 elementos de los diferentes cuadrantes recibieron la capacitaci\u00f3n por parte del Instituto Superior de Seguridad P\u00fablica del Estado de Sonora, con el que refuerzan sus conocimientos y habilidades para implementar estrategias y mantengan la capacidad operacional en cada uno de los procedimientos que realizan dentro del marco legal y con apego al respeto de los Derechos Humanos.<\/p>\n","protected":false},"excerpt":{"rendered":"<p>Elementos de la Comisar\u00eda General de Seguridad P\u00fablica de Tlalnepantla participaron en el curso \u00b4Grupo T\u00e1ctico B\u00e1sico\u00b4, dirigido a mandos y personal operativo, con el cual incrementan su nivel de reacci\u00f3n ante situaciones de riesgo, as\u00ed como su planeaci\u00f3n, log\u00edstica y estrategias en campo.<\/p>\n","protected":false},"author":3,"featured_media":445962,"comment_status":"open","ping_status":"open","sticky":false,"template":"","format":"standard","meta":{"_monsterinsights_skip_tracking":false,"_monsterinsights_sitenote_active":false,"_monsterinsights_sitenote_note":"","_monsterinsights_sitenote_category":0,"footnotes":""},"categories":[5],"tags":[88112,169],"class_list":["post-445889","post","type-post","status-publish","format-standard","has-post-thumbnail","hentry","category-estado-de-mexico","tag-especializadas","tag-tlalnepantla"],"_links":{"self":[{"href":"https:\/\/www.diarioimagen.net\/index.php?rest_route=\/wp\/v2\/posts\/445889","targetHints":{"allow":["GET"]}}],"collection":[{"href":"https:\/\/www.diarioimagen.net\/index.php?rest_route=\/wp\/v2\/posts"}],"about":[{"href":"https:\/\/www.diarioimagen.net\/index.php?rest_route=\/wp\/v2\/types\/post"}],"author":[{"embeddable":true,"href":"https:\/\/www.diarioimagen.net\/index.php?rest_route=\/wp\/v2\/users\/3"}],"replies":[{"embeddable":true,"href":"https:\/\/www.diarioimagen.net\/index.php?rest_route=%2Fwp%2Fv2%2Fcomments&post=445889"}],"version-history":[{"count":0,"href":"https:\/\/www.diarioimagen.net\/index.php?rest_route=\/wp\/v2\/posts\/445889\/revisions"}],"wp:featuredmedia":[{"embeddable":true,"href":"https:\/\/www.diarioimagen.net\/index.php?rest_route=\/wp\/v2\/media\/445962"}],"wp:attachment":[{"href":"https:\/\/www.diarioimagen.net\/index.php?rest_route=%2Fwp%2Fv2%2Fmedia&parent=445889"}],"wp:term":[{"taxonomy":"category","embeddable":true,"href":"https:\/\/www.diarioimagen.net\/index.php?rest_route=%2Fwp%2Fv2%2Fcategories&post=445889"},{"taxonomy":"post_tag","embeddable":true,"href":"https:\/\/www.diarioimagen.net\/index.php?rest_route=%2Fwp%2Fv2%2Ftags&post=445889"}],"curies":[{"name":"wp","href":"https:\/\/api.w.org\/{rel}","templated":true}]}}