{"id":445937,"date":"2019-10-10T00:07:57","date_gmt":"2019-10-10T05:07:57","guid":{"rendered":"https:\/\/www.diarioimagen.net\/?p=445937"},"modified":"2019-10-10T02:51:29","modified_gmt":"2019-10-10T07:51:29","slug":"sonar-en-grande","status":"publish","type":"post","link":"https:\/\/www.diarioimagen.net\/?p=445937","title":{"rendered":"So\u00f1ar en grande"},"content":{"rendered":"<h2>\u00a1Que conste,.. son reflexiones!<\/h2>\n<h5>S\u00f3crates A. Campos Lemus<\/h5>\n<p>&nbsp;<\/p>\n<p>El d\u00eda de ayer, mi\u00e9rcoles, tuvimos el honor de ser invitados por el Club Primera plana a un desayuno para escuchar una interesante pl\u00e1tica con\u00a0Ignacio Morales Lechuga, en esa nos comentaba la historia de Esopo, cuando el venado y el caballo eran enemigos y buscaban matarse el uno al otro, entonces lleg\u00f3 un humano y le propuso al caballo colocarle las bridas y la silla para ayudarlo a matar al venado, lo lograron, pero cuando el caballo pidi\u00f3 que le quitaran el bozal y el freno y la silla para retomar su libertad, el hombre le dijo que no, porque ese era el precio de eliminar a su enemigo, y esto es al parecer lo que pasa a muchos en el proceso pol\u00edtico nacional actual y no nos damos cuenta que, buscando el cambio, encontramos el paso a un control, amparados en la mafia del poder y con una pol\u00edtica que protege a los grandes capitalistas, a las inversiones extranjeras, apoya suavemente a los necesitados que jam\u00e1s tuvieron nada y aprieta el cuello a las clases medias que bufan, exigiendo que les quiten el bozal, el freno y la silla, y no entienden que este es el precio de eliminar a su enemigo y de estar ahora ligado a la nueva transformaci\u00f3n\u2026<\/p>\n<p>Algunos piensan que se tiene que establecer o restablecer los mecanismos de equilibrio y este debe comenzar por medio del control, cuando menos, de un grupo importante de diputados independientes que puedan ser el contrapeso de lo que ahora no se tiene, y bueno, es una extraordinaria ilusi\u00f3n, no se trata de que no se sue\u00f1e, de los sue\u00f1os vienen algunos cambios, pero de la realidad se logran los mismos, y cuando vemos que hay una inconformidad real en contra de los pol\u00edticos y que existe una campa\u00f1a de los grupos afines a L\u00f3pez Obrador en contra de cualquier intento de organizaci\u00f3n independiente, pues es dif\u00edcil que este logro se concrete, a menos pues que se cuente con los recursos suficientes y la calidad moral y la confianza de los votantes en favor de los independientes, si es que logran algunos, colarse a los procesos electorales que estar\u00e1n bloqueados en todos lados. Del resentimiento, la desconfianza y el encabronamiento se logr\u00f3 ese apoyo masivo en favor de AMLO y, no hay duda de que, por las mismas razones, se prev\u00e9n que as\u00ed surjan las nuevas \u201cdirigencias\u201d, pero su capacidad de maniobra ser\u00e1 muy reducida y tendr\u00e1n que enfocarse a un grupo consolidado que los apoye, no solamente con votos, sino con la organizaci\u00f3n y el tiempo y los recursos que requieren esos cambios, lo que se ve muy dif\u00edcil de lograr cuando sabemos que, los clase medieros, son \u201cculebras y v\u00edboras cuatas\u201d como dir\u00eda Fox, o bien, no tienen la fuerza y el valor para realizar los cambios que se requieren, gritan pero no arriesgan ni su libertad ni sus intereses, quieren, al igual que todos, que les lleguen beneficios sin pelear, olvidando que la libertad se conquista no se demanda solamente.<\/p>\n<p>Existen momentos reales en donde la indignaci\u00f3n y el horror y terror se impusieron con base a la violencia oficial: en Tlatelolco, el dos de octubre de 1968, cuando cre\u00edamos que muchos padres de familia saldr\u00edan a las calles a protestar y demandar el esclarecimiento de esos hechos, la libertad de sus hijos, el cese de la represi\u00f3n, y al contrario, se escondieron y se afiliaron al grito de M\u00c9XICO, M\u00c9XICO al inicio de los juegos Ol\u00edmpicos, dejando sin defensa ni apoyos a los detenidos, los muertos, ni desaparecidos, el otro, el diez de junio de 1971, donde los espacios pol\u00edticos se ganaron, gracias al sacrificio de los j\u00f3venes que fueron reprimidos por la autoridad, y los partidos pol\u00edticos, en la \u201cclandestinidad\u201d lograron, con eso, su legalizaci\u00f3n e incorporaci\u00f3n a los puestos y presupuestos, es la realidad. Entr\u00f3 el silencio y la sumisi\u00f3n.<\/p>\n<p>Ahora, el proceso electoral, donde gana AMLO el poder, se da no por la organizaci\u00f3n de Morena, sino por el encabronamiento y la desconfianza en contra de todos los pol\u00edticos y organizaciones, y esto provoca que, el momento pol\u00edtico unipersonal de AMLO sea una realidad, algunas ocasiones, con visi\u00f3n y, otras, con ilusi\u00f3n, y en este juego del dar y dejar, pues muchos, dejan hacer, sin pensar ni luchar, esperan como si del cielo les cayeran los apoyos y privilegios, cuando en la realidad, no nos damos cuenta que traemos el bozal, el freno y la silla de montar, apaleados con el fuete y las espuelas del poder, esto no es vergonzoso, simplemente es la realidad de donde tenemos que partir para apoyar o dejar el cambio o buscar una proposici\u00f3n ligada al mismo.<\/p>\n<p>Tendremos que entender que, a pesar de que algunos cercanos al presidente el sugieren que \u201cle baje\u201d al ritmo , no entienden que su prisa est\u00e1 ligada a los actos de poder y de manejo, si frena el ritmo, puede perder el control, no se pude frenar en la curva cerrada cuando vienes a una velocidad que te obliga a sortear la dificultad. AMLO llega para quedarse, no solo es parte de Morena, es AMLO mismo la fuente de poder, y si esta se pierde, se pierde el poder,\u00a0 por ello, lo importante ser\u00e1 ver c\u00f3mo interviene para sostener el control de la organizaci\u00f3n, porque sin organizaci\u00f3n no hay una media democracia, sino una forma de poder unipersonal, y esto, sucede en casi todos los grupos de la izquierda en Am\u00e9rica Latina que tienen un poder que, ahora, les disputan, con violencia, las derechas y los gringos\u2026 as\u00ed que aguas, estamos cerca de la crisis si no entendemos lo que pasa.<\/p>\n<p><a href=\"mailto:socrates_campos8@yahoo.com.mx\" target=\"_blank\" rel=\"noopener noreferrer\"><em>socrates_campos8@yahoo.com.mx<\/em><\/a><\/p>\n","protected":false},"excerpt":{"rendered":"<p><span style=\"color: #005497;\"><strong>S\u00f3crates A. Campos Lemus<\/strong><\/span><\/p>\n","protected":false},"author":3,"featured_media":0,"comment_status":"open","ping_status":"open","sticky":false,"template":"","format":"standard","meta":{"_monsterinsights_skip_tracking":false,"_monsterinsights_sitenote_active":false,"_monsterinsights_sitenote_note":"","_monsterinsights_sitenote_category":0,"footnotes":""},"categories":[82147],"tags":[82149,43674,82150,82148],"class_list":["post-445937","post","type-post","status-publish","format-standard","hentry","category-socrates-a-campos-lemus","tag-son-reflexiones","tag-opinion","tag-socrates-a-campos-lemus","tag-que-conste"],"_links":{"self":[{"href":"https:\/\/www.diarioimagen.net\/index.php?rest_route=\/wp\/v2\/posts\/445937","targetHints":{"allow":["GET"]}}],"collection":[{"href":"https:\/\/www.diarioimagen.net\/index.php?rest_route=\/wp\/v2\/posts"}],"about":[{"href":"https:\/\/www.diarioimagen.net\/index.php?rest_route=\/wp\/v2\/types\/post"}],"author":[{"embeddable":true,"href":"https:\/\/www.diarioimagen.net\/index.php?rest_route=\/wp\/v2\/users\/3"}],"replies":[{"embeddable":true,"href":"https:\/\/www.diarioimagen.net\/index.php?rest_route=%2Fwp%2Fv2%2Fcomments&post=445937"}],"version-history":[{"count":0,"href":"https:\/\/www.diarioimagen.net\/index.php?rest_route=\/wp\/v2\/posts\/445937\/revisions"}],"wp:attachment":[{"href":"https:\/\/www.diarioimagen.net\/index.php?rest_route=%2Fwp%2Fv2%2Fmedia&parent=445937"}],"wp:term":[{"taxonomy":"category","embeddable":true,"href":"https:\/\/www.diarioimagen.net\/index.php?rest_route=%2Fwp%2Fv2%2Fcategories&post=445937"},{"taxonomy":"post_tag","embeddable":true,"href":"https:\/\/www.diarioimagen.net\/index.php?rest_route=%2Fwp%2Fv2%2Ftags&post=445937"}],"curies":[{"name":"wp","href":"https:\/\/api.w.org\/{rel}","templated":true}]}}