{"id":446046,"date":"2019-10-11T00:01:26","date_gmt":"2019-10-11T05:01:26","guid":{"rendered":"https:\/\/www.diarioimagen.net\/?p=446046"},"modified":"2019-10-11T07:34:26","modified_gmt":"2019-10-11T12:34:26","slug":"emirates-apelara-el-amparo-obtenido-por-aeromexico-con-convenio-bilateral-firmado-con-el-gobierno-mexicano-en-2016-scott-lantz","status":"publish","type":"post","link":"https:\/\/www.diarioimagen.net\/?p=446046","title":{"rendered":"\u201cEmirates apelar\u00e1 el amparo obtenido por Aerom\u00e9xico con convenio bilateral firmado con el gobierno mexicano en 2016\u201d: Scott Lantz"},"content":{"rendered":"<h2>De cinco estrellas<\/h2>\n<h5>Victoria Gonz\u00e1lez Prado<\/h5>\n<p>&nbsp;<\/p>\n<ul>\n<li><strong>PriceTravel Holding<\/strong><em><strong>, robustecer\u00e1 alianzas estrat\u00e9gicas con socios comerciales luego de participar en la FIT de Am\u00e9rica Latina en Buenos Aires<\/strong><\/em><\/li>\n<li><em><strong>Representantes de la segunda edici\u00f3n de <\/strong><\/em><strong>#CityExpressMujerEmprende<\/strong><em><strong>, concluyeron programa de capacitaci\u00f3n<\/strong><\/em><strong><br \/>\n<\/strong><\/li>\n<\/ul>\n<p>&nbsp;<\/p>\n<div id=\"attachment_446099\" style=\"width: 470px\" class=\"wp-caption aligncenter\"><a href=\"https:\/\/www.diarioimagen.net\/?attachment_id=446099\" rel=\"attachment wp-att-446099\"><img loading=\"lazy\" decoding=\"async\" aria-describedby=\"caption-attachment-446099\" class=\"size-large wp-image-446099\" src=\"https:\/\/www.diarioimagen.net\/wp-content\/uploads\/2019\/10\/1-460x259.jpg\" alt=\"\" width=\"460\" height=\"259\" srcset=\"https:\/\/www.diarioimagen.net\/wp-content\/uploads\/2019\/10\/1-460x259.jpg 460w, https:\/\/www.diarioimagen.net\/wp-content\/uploads\/2019\/10\/1-240x135.jpg 240w, https:\/\/www.diarioimagen.net\/wp-content\/uploads\/2019\/10\/1-235x132.jpg 235w, https:\/\/www.diarioimagen.net\/wp-content\/uploads\/2019\/10\/1-202x114.jpg 202w, https:\/\/www.diarioimagen.net\/wp-content\/uploads\/2019\/10\/1-350x196.jpg 350w, https:\/\/www.diarioimagen.net\/wp-content\/uploads\/2019\/10\/1-220x123.jpg 220w, https:\/\/www.diarioimagen.net\/wp-content\/uploads\/2019\/10\/1-237x132.jpg 237w, https:\/\/www.diarioimagen.net\/wp-content\/uploads\/2019\/10\/1.jpg 480w\" sizes=\"auto, (max-width: 460px) 100vw, 460px\" \/><\/a><p id=\"caption-attachment-446099\" class=\"wp-caption-text\">Scott Lantz, director para la regi\u00f3n Latinoamericana de <em>Emirates<\/em>.<\/p><\/div>\n<p>&nbsp;<\/p>\n<p><strong>Scott Lantz<\/strong>, director para la regi\u00f3n Latinoamericana de la compa\u00f1\u00eda <em>Emirates, <\/em>con base en Emiratos \u00c1rabes Unidos, asegur\u00f3: \u201ctenemos 10 d\u00edas para apelar el amparo obtenido por Aerom\u00e9xico y nos basaremos en convenio bilateral firmado con el gobierno mexicano en 2016, que nos permite quintas libertades\u201d (transportar pasajeros entre M\u00e9xico y Barcelona).<\/p>\n<p>Con esa confianza <strong>Lantz<\/strong> se\u00f1al\u00f3: \u201ciniciaremos operaciones el pr\u00f3ximo 9 de diciembre la ruta Dub\u00e1i\u2013Ciudad de M\u00e9xico v\u00eda Barcelona que ayudar\u00e1 a impulsar el comercio y turismo. Estamos emocionados por apoyar a la econom\u00eda mexicana al estimular la creaci\u00f3n de empleos y generar beneficios sociales significativos\u201d.<\/p>\n<p>Al referirse a la postura de <em>Emirates<\/em> sobre los argumentos presentados por Aerom\u00e9xico sobre los subsidios que recibe del gobierno \u00e1rabe la compa\u00f1\u00eda del Medio Oriente, <strong>Scott Lantz<\/strong> se\u00f1al\u00f3: \u201csomos una empresa totalmente transparente y hemos presentado reportes financieros para ofrecer transparencia en ese aspecto.<\/p>\n<p>Sobre los permisos para iniciar operaciones en diciembre pr\u00f3ximo indic\u00f3 que la idea es completar los pasos y reglas necesarios para llegar a M\u00e9xico indicando que los <em>slots<\/em> ya est\u00e1n aprobados.<\/p>\n<p>Aclar\u00f3 que la compa\u00f1\u00eda a\u00e9rea, debido a la altura del Aeropuerto de la Ciudad de M\u00e9xico, el vuelo de regreso no puede llegar sin hacer escala por lo que se opt\u00f3\u00a0 por Barcelona como punto medio del vuelo al ser, para espa\u00f1oles y mexicanos, buen lugar para hacer negocios entre ambas naciones.<\/p>\n<p>Adem\u00e1s, dijo, la ruta permitir\u00e1 traer turistas desde Emiratos \u00c1rabes Unidos, Espa\u00f1a, India, Pakist\u00e1n, Singapur, L\u00edbano, en virtud de que M\u00e9xico es destino importante para el comercio mundial y beneficiar\u00e1 a los viajeros mexicanos al contar con m\u00e1s opciones para viajar.<\/p>\n<p>El vuelo, dijo <strong>Scott<\/strong> <strong>Lantz<\/strong>, ser\u00e1 operado en <em>Boeing 77-200LR<\/em> reci\u00e9n renovado, en el cual invirtieron 150 millones de d\u00f3lares en la nueva clase <em>Business<\/em>, y refrescaron completamente la clase turista de toda su flota.<\/p>\n<p>\u2730\u2730\u2730\u2730\u2730 <em>PriceTravel Holding<\/em>, robustecer\u00e1 alianzas estrat\u00e9gicas con socios comerciales luego de participar en la Feria Internacional de Turismo (FIT), de Am\u00e9rica Latina, que se llev\u00f3 a cabo en Buenos Aires, Argentina y es principal encuentro de la industria tur\u00edstica para el sector al reunir a los\u00a0 protagonistas del turismo a nivel global.<\/p>\n<p><em>PriceTravel Holding<\/em> se caracteriza por incrementar su portafolio con productos diferenciados y participando en este tipo de\u00a0 plataformas de negocios, logran ampliar la oferta y brindar m\u00e1s opciones y mejores precios a sus clientes y a la vez reforzar su propuesta de valor para los distintos proveedores.<\/p>\n<p><strong>Edgar Vargas<\/strong>, director de Relaci\u00f3n con Proveedores y Marketing dijo: \u201cFIT Am\u00e9rica Latina es una buena oportunidad para reunirse tanto con proveedores clave de Latinoam\u00e9rica, como con representantes de compa\u00f1\u00edas Argentinas, para presentarles nuestras diferentes l\u00edneas de negocio que crean excelentes sinergias en M\u00e9xico y Colombia\u201d.<\/p>\n<p>\u2730\u2730\u2730\u2730\u2730 Representantes de la segunda edici\u00f3n de #CityExpressMujerEmprende, programa de emprendimiento femenino de Hoteles <em>City Express<\/em>, concluyeron con \u00e9xito programa de capacitaci\u00f3n y mentor\u00edas que les ayudar\u00e1 a consolidar su emprendimiento.<\/p>\n<p>En 17 secciones te\u00f3rico-pr\u00e1cticas las emprendedoras adquirieron conocimiento y desarrollaron habilidades en diversos temas de negocios como finanzas, marketing y liderazgo. El programa concluy\u00f3 con simulaci\u00f3n de <em>pitch<\/em> de ventas ante directivos de Hoteles <em>City Express<\/em> y mentores de la red de Victoria147, especialistas en temas de emprendimiento.<\/p>\n<p>El programa surge con el prop\u00f3sito de impulsar el talento femenino y contribuir a cerrar la brecha de g\u00e9nero. De acuerdo con el Banco Interamericano de Desarrollo (BID), las mujeres emprendedoras ofrecen gran potencial para contribuir a la generaci\u00f3n de empleo, el crecimiento y la competitividad.<\/p>\n<p>Sin embargo, las mujeres siguen estando en desventaja en t\u00e9rminos de participaci\u00f3n en el mercado laboral, pues solo 45 de cada 100 mujeres en M\u00e9xico son econ\u00f3micamente activas, seg\u00fan el \u00faltimo reporte de la Encuesta Nacional de Ocupaci\u00f3n y Empleo (ENOE) elaborado por Instituto Nacional de Estad\u00edstica y Geograf\u00eda (INEGI).<\/p>\n<p><strong>M\u00f3nica Narro<\/strong>, subdirectora de Relaciones P\u00fablicas de la cadena hotelera dijo:\u00a0 \u201cnos enfocamos en impulsar a las emprendedoras para que consoliden sus empresas, acerc\u00e1ndoles el conocimiento y las herramientas necesarias para que desarrollen habilidades empresariales, con la finalidad de que logren mejor desempe\u00f1o econ\u00f3mico.<\/p>\n<p>Tambi\u00e9n adoptamos e implementamos los Principios de Empoderamiento de la Mujer promulgados por ONU mujeres, enfocados a construir econom\u00edas fuertes, establecer sociedades m\u00e1s estables y justas, y alcanzar los objetivos de desarrollo sostenible\u201d.<\/p>\n<p>La segunda edici\u00f3n de #CityExpressMujerEmprende se conform\u00f3 por 16 emprendedoras que ofrecen productos o servicios a diferentes sectores econ\u00f3micos. Son propietarias de negocio con al menos seis meses de operaci\u00f3n y ventas anuales superiores a los 50 mil pesos. Ellas son:<\/p>\n<p><strong>Ariadna Corona<\/strong> (Kinloo Cosmetics), <strong>B\u00e1rbara Gentil<\/strong> (Caf\u00e9 con Leche), <strong>Claudia C\u00e1rdenas<\/strong> (Espacios ac\u00fasticos), <strong>Cristina Bello<\/strong> (Moda desde Cero), <strong>Elisa D\u00edaz<\/strong> (Shanti), <strong>F\u00e1tima Guilias<\/strong> <em>(Novgroup),<\/em> <strong>Geraldine Frongia<\/strong> <em>(The Artisan Craft Company<strong>), \u00a0<\/strong><\/em><strong>Haidy Lazalde<\/strong> <em>(BikeNcity)<\/em>, <strong>Leticia Ram\u00edrez<\/strong> <em>(Drone Domain)<\/em>, <strong>Lilia Avenda\u00f1o<\/strong> <em>(Didco), <\/em>\u00a0<strong>Lilian Jaimes<\/strong> <em>(The Nomad Baby), <\/em><strong>Mar\u00eda Bornacini<\/strong> (<em>Baby Signs), <\/em>\u00a0<strong>Marianne Carrasco<\/strong> (CM proyectos<strong>)<em>, <\/em>Montserrat Monte\u00f3n<\/strong> (<em>Le Papier M\u00e9xico) <\/em><strong>y Nora Herrera<\/strong> (7 en equilibrio).<\/p>\n<p>La segunda edici\u00f3n de #CityExpressMujerEmprende cont\u00f3 con el apoyo y <em>expertise<\/em> de Victoria147, primera Academia de negocios para mujeres de M\u00e9xico, enfocada en hacer crecer sus empresas, independientemente de la etapa en la que \u00e9stas se encuentren.<\/p>\n<p><strong>Ana Victoria Garc\u00eda<\/strong>, fundadora y directora de Victoria147 indic\u00f3: \u201cla alianza con la cadena hotelera nos ha permitido entender lo importante que es trabajar junto con otros actores clave en el ecosistema emprendedor como Hoteles <em>City Express, <\/em>porque genera gran nivel de compromiso y motivaci\u00f3n entre las emprendedoras. Adem\u00e1s, esta alianza permite que se generen conexiones con otras lo que es de alto valor para sus negocios\u201d.<\/p>\n<p><strong>\u201cEl \u00e1ngel de la fama tiene sus alas hechas de papel&#8230; peri\u00f3dico\u201d.<\/strong><\/p>\n<p><em><span class=\"Apple-converted-space\"><a href=\"mailto:victoriagprado@gmail.com\" target=\"_blank\" rel=\"noopener noreferrer\">victoriagprado@gmail.com<\/a><br \/>\nTwitter: <a href=\"https:\/\/twitter.com\/victoriagprado\" target=\"_blank\" rel=\"noopener noreferrer\">@victoriagprado<\/a><\/span><\/em><\/p>\n","protected":false},"excerpt":{"rendered":"<p><strong>Scott Lantz<\/strong>, director para la regi\u00f3n Latinoamericana de la compa\u00f1\u00eda <em>Emirates, <\/em>con base en Emiratos \u00c1rabes Unidos, asegur\u00f3: \u201ctenemos 10 d\u00edas para apelar el amparo obtenido por Aerom\u00e9xico y nos basaremos en convenio bilateral firmado con el gobierno mexicano en 2016, que nos permite quintas libertades\u201d (transportar pasajeros entre M\u00e9xico y Barcelona).<\/p>\n","protected":false},"author":3,"featured_media":446099,"comment_status":"open","ping_status":"open","sticky":false,"template":"","format":"standard","meta":{"_monsterinsights_skip_tracking":false,"_monsterinsights_sitenote_active":false,"_monsterinsights_sitenote_note":"","_monsterinsights_sitenote_category":0,"footnotes":""},"categories":[11],"tags":[107,43674,43681,106],"class_list":["post-446046","post","type-post","status-publish","format-standard","has-post-thumbnail","hentry","category-turismo","tag-de-cinco-estrellas","tag-opinion","tag-turismo","tag-victoria-gonzalez-prado"],"_links":{"self":[{"href":"https:\/\/www.diarioimagen.net\/index.php?rest_route=\/wp\/v2\/posts\/446046","targetHints":{"allow":["GET"]}}],"collection":[{"href":"https:\/\/www.diarioimagen.net\/index.php?rest_route=\/wp\/v2\/posts"}],"about":[{"href":"https:\/\/www.diarioimagen.net\/index.php?rest_route=\/wp\/v2\/types\/post"}],"author":[{"embeddable":true,"href":"https:\/\/www.diarioimagen.net\/index.php?rest_route=\/wp\/v2\/users\/3"}],"replies":[{"embeddable":true,"href":"https:\/\/www.diarioimagen.net\/index.php?rest_route=%2Fwp%2Fv2%2Fcomments&post=446046"}],"version-history":[{"count":0,"href":"https:\/\/www.diarioimagen.net\/index.php?rest_route=\/wp\/v2\/posts\/446046\/revisions"}],"wp:featuredmedia":[{"embeddable":true,"href":"https:\/\/www.diarioimagen.net\/index.php?rest_route=\/wp\/v2\/media\/446099"}],"wp:attachment":[{"href":"https:\/\/www.diarioimagen.net\/index.php?rest_route=%2Fwp%2Fv2%2Fmedia&parent=446046"}],"wp:term":[{"taxonomy":"category","embeddable":true,"href":"https:\/\/www.diarioimagen.net\/index.php?rest_route=%2Fwp%2Fv2%2Fcategories&post=446046"},{"taxonomy":"post_tag","embeddable":true,"href":"https:\/\/www.diarioimagen.net\/index.php?rest_route=%2Fwp%2Fv2%2Ftags&post=446046"}],"curies":[{"name":"wp","href":"https:\/\/api.w.org\/{rel}","templated":true}]}}