{"id":446195,"date":"2019-10-14T00:05:17","date_gmt":"2019-10-14T05:05:17","guid":{"rendered":"https:\/\/www.diarioimagen.net\/?p=446195"},"modified":"2019-10-14T07:45:42","modified_gmt":"2019-10-14T12:45:42","slug":"desmantelan-inm-gn-y-pf-nueva-caravana-de-migrantes","status":"publish","type":"post","link":"https:\/\/www.diarioimagen.net\/?p=446195","title":{"rendered":"Desmantelan INM, GN y PF  nueva caravana de migrantes"},"content":{"rendered":"<ul>\n<li><strong><em>Los devuelven a Tapachula, Chiapas<\/em><\/strong><\/li>\n<li><strong><em>Los indocumentados permanecen varados desde hace varios meses<\/em><\/strong><\/li>\n<\/ul>\n<p>&nbsp;<\/p>\n<p><a href=\"https:\/\/www.diarioimagen.net\/?attachment_id=446285\" rel=\"attachment wp-att-446285\"><img loading=\"lazy\" decoding=\"async\" class=\"aligncenter size-large wp-image-446285\" src=\"https:\/\/www.diarioimagen.net\/wp-content\/uploads\/2019\/10\/migrantes-460x259.jpg\" alt=\"\" width=\"460\" height=\"259\" srcset=\"https:\/\/www.diarioimagen.net\/wp-content\/uploads\/2019\/10\/migrantes-460x259.jpg 460w, https:\/\/www.diarioimagen.net\/wp-content\/uploads\/2019\/10\/migrantes-240x135.jpg 240w, https:\/\/www.diarioimagen.net\/wp-content\/uploads\/2019\/10\/migrantes-235x132.jpg 235w, https:\/\/www.diarioimagen.net\/wp-content\/uploads\/2019\/10\/migrantes-202x114.jpg 202w, https:\/\/www.diarioimagen.net\/wp-content\/uploads\/2019\/10\/migrantes-350x196.jpg 350w, https:\/\/www.diarioimagen.net\/wp-content\/uploads\/2019\/10\/migrantes-220x123.jpg 220w, https:\/\/www.diarioimagen.net\/wp-content\/uploads\/2019\/10\/migrantes-237x132.jpg 237w, https:\/\/www.diarioimagen.net\/wp-content\/uploads\/2019\/10\/migrantes.jpg 480w\" sizes=\"auto, (max-width: 460px) 100vw, 460px\" \/><\/a><\/p>\n<p>&nbsp;<\/p>\n<p>&nbsp;<\/p>\n<p>Mediante un operativo militar, La Guardia Nacional, la Polic\u00eda Federal y las autoridades del Instituto Nacional de Migraci\u00f3n (INM), desmantelaron la caravana de m\u00e1s de mil 500 migrante que hab\u00eda salido desde Tapachula, Chiapas.<\/p>\n<p>Los indocumentados originarios de \u00c1frica, Asia, Hait\u00ed, Cuba y Centroam\u00e9rica que permanec\u00edan varados en Tapachula desde hace varios meses, decidieron emprender la caravana para avanzar hacia el norte del pa\u00eds, partiendo del parque central \u201cMiguel Hidalgo\u201d. En cinco videos que grab\u00f3 el activista Irineo Mujica, de la organizaci\u00f3n Pueblos Sin Fonteras, se aprecia c\u00f3mo fueron agredidos los migrantes centroamericanos, caribe\u00f1os y africanos.<\/p>\n<p>En el primero de los videos, Mujica dice: \u201cAl parecer la Guardia Nacional ha encapsulado a los migrantes. Han estado agarrando toda la ma\u00f1ana a 5, 10, 15, 20 hasta 150, 200 migrantes\u201d.<\/p>\n<p>En un segundo video se puede apreciar una formaci\u00f3n militar de la Guardia Nacional. Al terminar la misma, Irineo relata: \u201cSe encuentra la Guardia Nacional all\u00e1 avanzando para detener a los compa\u00f1eros migrantes del continente, con toletes y con toda la fuerza del Estado lista para detener al contingente migrante. Ah\u00ed est\u00e1 la Polic\u00eda Municipal y la Polic\u00eda Ministerial, digo la Guardia Nacional, para entrar en acci\u00f3n\u201d.<\/p>\n<p>En el tercer video se aprecia a elementos de la Guardia Nacional y del INM rodeando a una mujer migrante que se sencuentra protestando por la acci\u00f3n militar.<\/p>\n<p>Mietras, en el cuarto video, Irineo Mujica relata que la gran mayor\u00eda de los migrantes han decidido regresar por su propio pie a Tapachula. \u201c[&#8230;] Es un grupo peque\u00f1o. La gran mayor\u00eda fue traslada a Tapachula. La caravana fue desmantelada\u201d En el quinto video, Mujica muestra a integrantes de la GN y la Polic\u00eda Federal rodeando migrantes. Por su parte, autoridades dijeron que los indocumentados, fueron interceptados el s\u00e1bado poco antes de llegar al municipio de Huixtla, Chiapas. Un grupo de agentes esperaba a los migrantes, nueve kil\u00f3metros antes de Huixtla, donde har\u00edan su primera escala para descansar; otro contingente, se ubic\u00f3 detr\u00e1s de la caravana y los \u201cencapsul\u00f3\u201d, por lo que decenas de ellos se desviaron hacia un camino de terracer\u00eda y se adentraron en el monte, comentaron.<\/p>\n<p>Los uniformados los persiguieron, por lo que muchos de ellos fueron subidos a veh\u00edculos oficiales para trasladarlos a la estaci\u00f3n migratoria Siglo 21, con sede en Tapachula, a\u00f1adieron. Se estima que entre marzo y abril pasados, unos 1.200 indocumentados realizaron el recorrido hacia el norte, muchos de ellos continuando su viaje hasta la frontera con Estados Unidos.<\/p>\n","protected":false},"excerpt":{"rendered":"<p>Mediante un operativo militar, La Guardia Nacional, la Polic\u00eda Federal y las autoridades del Instituto Nacional de Migraci\u00f3n (INM), desmantelaron la caravana de m\u00e1s de mil 500 migrante que hab\u00eda salido desde Tapachula, Chiapas.<\/p>\n","protected":false},"author":3,"featured_media":446285,"comment_status":"open","ping_status":"open","sticky":false,"template":"","format":"standard","meta":{"_monsterinsights_skip_tracking":false,"_monsterinsights_sitenote_active":false,"_monsterinsights_sitenote_note":"","_monsterinsights_sitenote_category":0,"footnotes":""},"categories":[3],"tags":[69572,88158,12216,43673,4516],"class_list":["post-446195","post","type-post","status-publish","format-standard","has-post-thumbnail","hentry","category-nacional","tag-caravana","tag-gn","tag-inm","tag-nacional","tag-pf"],"_links":{"self":[{"href":"https:\/\/www.diarioimagen.net\/index.php?rest_route=\/wp\/v2\/posts\/446195","targetHints":{"allow":["GET"]}}],"collection":[{"href":"https:\/\/www.diarioimagen.net\/index.php?rest_route=\/wp\/v2\/posts"}],"about":[{"href":"https:\/\/www.diarioimagen.net\/index.php?rest_route=\/wp\/v2\/types\/post"}],"author":[{"embeddable":true,"href":"https:\/\/www.diarioimagen.net\/index.php?rest_route=\/wp\/v2\/users\/3"}],"replies":[{"embeddable":true,"href":"https:\/\/www.diarioimagen.net\/index.php?rest_route=%2Fwp%2Fv2%2Fcomments&post=446195"}],"version-history":[{"count":0,"href":"https:\/\/www.diarioimagen.net\/index.php?rest_route=\/wp\/v2\/posts\/446195\/revisions"}],"wp:featuredmedia":[{"embeddable":true,"href":"https:\/\/www.diarioimagen.net\/index.php?rest_route=\/wp\/v2\/media\/446285"}],"wp:attachment":[{"href":"https:\/\/www.diarioimagen.net\/index.php?rest_route=%2Fwp%2Fv2%2Fmedia&parent=446195"}],"wp:term":[{"taxonomy":"category","embeddable":true,"href":"https:\/\/www.diarioimagen.net\/index.php?rest_route=%2Fwp%2Fv2%2Fcategories&post=446195"},{"taxonomy":"post_tag","embeddable":true,"href":"https:\/\/www.diarioimagen.net\/index.php?rest_route=%2Fwp%2Fv2%2Ftags&post=446195"}],"curies":[{"name":"wp","href":"https:\/\/api.w.org\/{rel}","templated":true}]}}