{"id":446239,"date":"2019-10-14T00:03:45","date_gmt":"2019-10-14T05:03:45","guid":{"rendered":"https:\/\/www.diarioimagen.net\/?p=446239"},"modified":"2019-10-14T02:19:02","modified_gmt":"2019-10-14T07:19:02","slug":"metepec-contra-la-guardia-nacional","status":"publish","type":"post","link":"https:\/\/www.diarioimagen.net\/?p=446239","title":{"rendered":"Metepec contra la Guardia Nacional"},"content":{"rendered":"<h2>Espacio Electoral<\/h2>\n<h5>Eleazar Flores<\/h5>\n<p>&nbsp;<\/p>\n<p>\u00bfQu\u00e9 pasar\u00e1?.- Mientras el ayuntamiento de Metepec encabezado por la alcaldesa Gabriela Gamboa S\u00e1nchez autoriz\u00f3 la construcci\u00f3n de un edificio en la zona boscosa del fraccionamiento popular La Pilita para albergar la Guardia Nacional, habitantes de la zona se oponen a trav\u00e9s de un plant\u00f3n para impedir la obra e incluso suspenden un evento del festival Quimera 2019.<\/p>\n<p>Vecinos de colonias aleda\u00f1as apoyan la negativa por medio del colectivo \u201cAbracemos el Parque de La Pilita\u201d y del Movimiento Ecologista del Estado de M\u00e9xico que preside Mar\u00eda G\u00f3mez Izquierdo.<\/p>\n<p>Comuna.- El ayuntamiento de Metepec que encabeza Gabriela Gamboa es de extracci\u00f3n Morena por lo que cuando la Sedena le solicit\u00f3 un terreno para alojar las instalaciones de la Guardia Nacional la alcaldesa hizo lo conducente ante su cabildo para sacarle el aval, lo que consigui\u00f3 el pasado fin de semana y de inmediato lo difundi\u00f3.<\/p>\n<p>Esto \u00faltimo fue lo que molest\u00f3 no solo a los miles de vecinos de la unidad habitacional Andr\u00e9s Molina Enr\u00edquez que alberga a los multifamiliares de San Jos\u00e9 La Pilita, tambi\u00e9n a los vecinos de los edificios del Infonavit San Francisco por el lado de la zona popular, los de la parte noreste de la cabecera e incluso los de la zona residencial La Virgen en la parte sur.<\/p>\n<p>Conflicto.- El parque p\u00fablico de La Pilita tiene una extensi\u00f3n de casi diez hect\u00e1reas y se estima quitarle casi 10 mil metros cuadrados\u00a0 para levantar ah\u00ed un edificio que albergue a los integrantes de la Guardia Nacional. Acerca de esta obra se empez\u00f3 a hablar desde hace un mes aproximadamente y los vecinos manifestaron su rechazo al proyecto.<\/p>\n<p>Adem\u00e1s de la populosa zona habitacional de La Pilita y la de Infonavit San Francisco, hay cerca del lugar una cl\u00ednica del Seguro Social y cuadras adelante varias escuelas, p\u00fablicas y particulares, por lo que los habitantes lejos de ver tranquilidad con la presencia de la Guardia Nacional, presienten peligro y riesgos que no est\u00e1n dispuestos a afrontar.<\/p>\n<p>En actos de la tradicional fiesta de Quimera 2019 que inici\u00f3 con la actuaci\u00f3n del \u201ccaif\u00e1n mayor\u201d Oscar Ch\u00e1vez, los vecinos de la Pilita y lugares aleda\u00f1os han puesto tiendas de campa\u00f1a para mantener vigilada la zona y evitar que pudieran iniciarse obras de construcci\u00f3n del edificio de la Guardia Nacional que se levantar\u00eda en una superficie de mil metros cuadrados.<\/p>\n<p>La pelea entre el ayuntamiento moreno y los habitantes de Metepec empieza, en este municipio de contrastes donde viven destacados pol\u00edticos y empresarios, adem\u00e1s de campesinos y artesanos, con fraccionamientos residenciales pero tambi\u00e9n con zonas populares.<\/p>\n<p>Que lo levanten en Providencia o La Asunci\u00f3n, piden.<\/p>\n<p><a href=\"mailto:elefa44@gmail.com\" target=\"_blank\" rel=\"noopener noreferrer\"><em>elefa44@gmail.com<\/em><\/a><\/p>\n","protected":false},"excerpt":{"rendered":"<p><span style=\"color: #005497;\"><strong>Eleazar Flores<\/strong><\/span><\/p>\n","protected":false},"author":3,"featured_media":0,"comment_status":"open","ping_status":"open","sticky":false,"template":"","format":"standard","meta":{"_monsterinsights_skip_tracking":false,"_monsterinsights_sitenote_active":false,"_monsterinsights_sitenote_note":"","_monsterinsights_sitenote_category":0,"footnotes":""},"categories":[81743],"tags":[81744,81776,43674],"class_list":["post-446239","post","type-post","status-publish","format-standard","hentry","category-eleazar-flores","tag-eleazar-flores","tag-espacio-electoral","tag-opinion"],"_links":{"self":[{"href":"https:\/\/www.diarioimagen.net\/index.php?rest_route=\/wp\/v2\/posts\/446239","targetHints":{"allow":["GET"]}}],"collection":[{"href":"https:\/\/www.diarioimagen.net\/index.php?rest_route=\/wp\/v2\/posts"}],"about":[{"href":"https:\/\/www.diarioimagen.net\/index.php?rest_route=\/wp\/v2\/types\/post"}],"author":[{"embeddable":true,"href":"https:\/\/www.diarioimagen.net\/index.php?rest_route=\/wp\/v2\/users\/3"}],"replies":[{"embeddable":true,"href":"https:\/\/www.diarioimagen.net\/index.php?rest_route=%2Fwp%2Fv2%2Fcomments&post=446239"}],"version-history":[{"count":0,"href":"https:\/\/www.diarioimagen.net\/index.php?rest_route=\/wp\/v2\/posts\/446239\/revisions"}],"wp:attachment":[{"href":"https:\/\/www.diarioimagen.net\/index.php?rest_route=%2Fwp%2Fv2%2Fmedia&parent=446239"}],"wp:term":[{"taxonomy":"category","embeddable":true,"href":"https:\/\/www.diarioimagen.net\/index.php?rest_route=%2Fwp%2Fv2%2Fcategories&post=446239"},{"taxonomy":"post_tag","embeddable":true,"href":"https:\/\/www.diarioimagen.net\/index.php?rest_route=%2Fwp%2Fv2%2Ftags&post=446239"}],"curies":[{"name":"wp","href":"https:\/\/api.w.org\/{rel}","templated":true}]}}