{"id":446249,"date":"2019-10-14T00:12:04","date_gmt":"2019-10-14T05:12:04","guid":{"rendered":"https:\/\/www.diarioimagen.net\/?p=446249"},"modified":"2019-10-14T07:54:51","modified_gmt":"2019-10-14T12:54:51","slug":"yeidckol-la-incompetencia-amlo-la-inaccion","status":"publish","type":"post","link":"https:\/\/www.diarioimagen.net\/?p=446249","title":{"rendered":"Yeidckol, la incompetencia; AMLO, \u201cla inacci\u00f3n\u201d"},"content":{"rendered":"<h2>Tras la puerta del poder<\/h2>\n<h5>Roberto Vizca\u00edno<\/h5>\n<p>&nbsp;<\/p>\n<div id=\"attachment_446299\" style=\"width: 470px\" class=\"wp-caption aligncenter\"><a href=\"https:\/\/www.diarioimagen.net\/?attachment_id=446299\" rel=\"attachment wp-att-446299\"><img loading=\"lazy\" decoding=\"async\" aria-describedby=\"caption-attachment-446299\" class=\"size-large wp-image-446299\" src=\"https:\/\/www.diarioimagen.net\/wp-content\/uploads\/2019\/10\/mas-bien-LUIS-XAVIER-460x345.jpg\" alt=\"\" width=\"460\" height=\"345\" srcset=\"https:\/\/www.diarioimagen.net\/wp-content\/uploads\/2019\/10\/mas-bien-LUIS-XAVIER-460x345.jpg 460w, https:\/\/www.diarioimagen.net\/wp-content\/uploads\/2019\/10\/mas-bien-LUIS-XAVIER-240x180.jpg 240w, https:\/\/www.diarioimagen.net\/wp-content\/uploads\/2019\/10\/mas-bien-LUIS-XAVIER-768x575.jpg 768w, https:\/\/www.diarioimagen.net\/wp-content\/uploads\/2019\/10\/mas-bien-LUIS-XAVIER.jpg 1200w\" sizes=\"auto, (max-width: 460px) 100vw, 460px\" \/><\/a><p id=\"caption-attachment-446299\" class=\"wp-caption-text\">M\u00e1s bien&#8230; | Luis Xavier<\/p><\/div>\n<p>&nbsp;<\/p>\n<p>Al menos en la conducci\u00f3n de Morena, <strong>Yeidckol Polevnsky <\/strong>hace mucho que rebas\u00f3 el <em>Principio de <strong>Peter<\/strong><\/em><strong>.<\/strong> Dir\u00eda don <strong>Julio Scherer<\/strong>: \u201ccuesti\u00f3n de neuronas\u201d.<\/p>\n<p>Yo no s\u00e9 qu\u00e9 sea lo que hay detr\u00e1s de su actuaci\u00f3n, pero los resultados en su gesti\u00f3n como suplente de <strong>Andr\u00e9s Manuel L\u00f3pez Obrador<\/strong> en la presidencia de Morena, est\u00e1n a la vista y s\u00f3lo pueden ser considerados como un absoluto desastre.<\/p>\n<p>Desde que <strong>AMLO<\/strong> la design\u00f3 al mando para irse \u00e9l por la Presidencia de la Rep\u00fablica, <strong>Yeidckol<\/strong> ni abri\u00f3 la inscripci\u00f3n a millones que quer\u00edan hacerlo y que votaron por sus candidatos, incluido ya sabe usted qui\u00e9n; ni transform\u00f3 el exitoso Movimiento de Reconstrucci\u00f3n Nacional en partido, ni transparent\u00f3 sus multimillonarias prerrogativas entregadas por el INE, ni encabez\u00f3 ning\u00fan\u00a0 programa de capacitaci\u00f3n pol\u00edtica dentro de la Cuarta Transformaci\u00f3n, ni se prepar\u00f3 para entregar a otro el poder de la fuerza pol\u00edtica dominante.<\/p>\n<p>Arrogante, como si de ella hubiera sido el \u00e9xito de este movimiento, durante 2 a\u00f1os se la vivi\u00f3 en pleitos internos, en dicharachos pat\u00e9ticos que ella cre\u00eda humor\u00edsticos o ingeniosos -como aquello de que a Morena la \u201chan infiltrado muchas sabandijas\u201d- y, en la misma ruta de <strong>Ricardo Anaya<\/strong> dentro del PAN, viaj\u00f3 por el pa\u00eds a cargo de Morena para construir su candidatura a la reelecci\u00f3n en este partido.<\/p>\n<p>Bueno, incluso dentro de la filosof\u00eda de la esposa de <strong>Javier Duarte<\/strong>, de do\u00f1a <strong>Karime Mac\u00edas<\/strong>, del \u201cyo s\u00ed lo merezco&#8230;\u201d, en junio pasado fue exhibida por <em>Reforma<\/em> al rentar un jet por 23 mil d\u00f3lares -unos 460 mil pesos a precios del cambio en ese momento-, para trasladarse de Ciudad Victoria a Tampico y de ah\u00ed a Matamoros, todo dentro de Tamaulipas.<\/p>\n<p>Eso y mucho m\u00e1s con <strong>Polevnsky<\/strong> al frente de Morena se le ha resbalado a <strong>Andr\u00e9s Manuel L\u00f3pez Obrador<\/strong>, quien lo m\u00e1s que ha llegado a decir, es que si quienes est\u00e1n en ese partido \u201cse pierden\u201d, \u00e9l se va como antes dej\u00f3 al PRI y al PRD.<\/p>\n<p>Hay quienes comienzan a ver un fondo m\u00e1s complejo y m\u00e1s profundo en el desinter\u00e9s de <strong>L\u00f3pez Obrador<\/strong> sobre el destino de Morena.<\/p>\n<p>Todo parte de que \u00e9l ya lleg\u00f3 a d\u00f3nde quer\u00eda llegar: a la Presidencia de M\u00e9xico. Y que como no piensa transferir el poder, pues ya no le hace falta ning\u00fan partido para operar esa sucesi\u00f3n.<\/p>\n<p>Es m\u00e1s, le estorba.<\/p>\n<p>No sea que algunos como <strong>Marcelo Ebrard<\/strong> o <strong>Ricardo Monreal<\/strong>, o la misma preferida suya <strong>Claudia Sheinbaum<\/strong>\u2026 o esa naciente estrella que cada vez cobra m\u00e1s popularidad como lo es <strong>Arturo Herrera<\/strong>, desde la Secretar\u00eda de Hacienda crean que pueden escalar hacia donde \u00e9l est\u00e1 a trav\u00e9s de Morena.<\/p>\n<p>Sin un partido organizado, con padr\u00f3n confiable de millones y millones de militantes y con estructura en todo el pa\u00eds eso no ser\u00eda posible.<\/p>\n<p>Bienvenida entonces la desastrosa administraci\u00f3n de <strong>Yeidckol<\/strong>, que s\u00f3lo ha creado confrontaci\u00f3n, desuni\u00f3n y desaseo interno.<\/p>\n<p>Mientras \u00e9l se lava las manos al se\u00f1alar que \u201cyo ya no me pertenezco\u2026 le pertenezco al pueblo\u201d. \u00c9l hace que ignora lo que pasa con Morena.<\/p>\n<p>\u00c9l no necesita de ning\u00fan partido, toda la fuerza que ha creado bulle y se arremolina a su alrededor, en la plaza p\u00fablica, a trav\u00e9s del impacto de las ma\u00f1aneras, todo emana y se concentra en \u00e9l.<\/p>\n<p>No en Morena.<\/p>\n<p>Si esto tiene algo de cierto, la sucesi\u00f3n en la dirigencia de Morena prevista para fines del pr\u00f3ximo mes no tendr\u00e1 futuro.<\/p>\n<p>Y muy posiblemente terminar\u00e1 en impugnaciones ante el Tribunal Electoral, luego de actos de violencia interna.<\/p>\n<p>Ya ayer en las asambleas de Morena en varios estados, hubo golpes y hasta balazos.<\/p>\n<p>En este contexto, con la ineptitud de <strong>Yeidckol<\/strong> al frente del proceso de sucesi\u00f3n, y con <strong>Yeidckol<\/strong> como contendiente, sus ccandidatos (a saber: <strong>Mario Delgado<\/strong>, <strong>Bertha Luj\u00e1n<\/strong> y <strong>Alejandro Rojas D\u00edaz Dur\u00e1n<\/strong>), van a tener que desarrollar estrategias no s\u00f3lo muy ingeniosas sino con un gran apoyo log\u00edstico, financiero y pol\u00edtico para lograr hacerla a un lado y comenzar a operar a Morena como partido pol\u00edtico.<\/p>\n<p>Cuenta a favor que <strong>Mario Delgado<\/strong>, lo sabemos todos quienes andamos en esto, es no s\u00f3lo cercan\u00edsimo a <strong>Marcelo Ebrard<\/strong> sino su muy posible carta para construir la candidatura presidencial del canciller <strong>Ebrard<\/strong> en 2024. No se entender\u00eda para qu\u00e9 otra cosa quisiera participar Delgado en este proceso de sucesi\u00f3n de <strong>Polevnsky<\/strong>.<\/p>\n<p><strong>Bertha Luj\u00e1n<\/strong> al parecer juega la carta bajo la manga de <strong>AMLO<\/strong>, para mantener el control y la baja opci\u00f3n de Morena como partido.<\/p>\n<p><strong>Alejandro Rojas D\u00edaz Dur\u00e1n<\/strong>, pol\u00edtico de larga historia, con estudios en ciencia pol\u00edtica, filosof\u00eda y periodismo, y quien inici\u00f3 desde principios de abril la b\u00fasqueda de la presidencia de Morena, no ha ocultado nunca que lo hace para construir la opci\u00f3n para que <strong>Ricardo Monreal<\/strong> sea el candidato presidencial de Morena en el 2014.<\/p>\n<p>De todos estos aspirantes, quien ha mostrado estrategia y t\u00e1ctica, pero sobre todo gran capacidad de respuesta es <strong>Rojas<\/strong>.<\/p>\n<p>El cercano a <strong>Monreal<\/strong>, muy posiblemente asesorado por \u00e9ste, <strong>Rojas<\/strong> ha aprovechado medi\u00e1tica y pol\u00edticamente los muy bajos y por dem\u00e1s obvios golpes de <strong>Yeidckol<\/strong>.<\/p>\n<p>Como dictar su expulsi\u00f3n de Morena, lo cual fue aprovechado por Rojas no s\u00f3lo para que el Tribunal Federal Electoral ordenara su reinstalaci\u00f3n, sino para demostrarles a todos los morenos que su dirigente era sucia e inepta.<\/p>\n<p>O cuando por instrucciones de <strong>Polenvsky<\/strong>, el presidente de la pomposa e in\u00fatil Comisi\u00f3n Nacional de Honestidad y Justicia de Morena encabezada por <strong>H\u00e9ctor D\u00edaz Polanco<\/strong> \u201clo rasur\u00f3\u201d del padr\u00f3n partidario.<\/p>\n<p>Eso sirvi\u00f3 para que <strong>Rojas D\u00edaz Dur\u00e1n<\/strong>, v\u00eda de nuevo el Tribunal Electoral, mostrara que la dirigencia partidaria actuaba facciosamente y que el padr\u00f3n de militantes no era confiable.<\/p>\n<p>Durante su recorrido por el pa\u00eds en los \u00faltimos 8 meses, <strong>Rojas D\u00edaz Dur\u00e1n<\/strong> se ha convertido en un contendiente real por la dirigencia de Morena, y una opci\u00f3n que hoy, a <em>toro pasado<\/em>, muestra la aguda y experimentada perspectiva pol\u00edtica de <strong>Ricardo Monreal<\/strong>.<\/p>\n<p>Si la sucesi\u00f3n de <strong>Yeidckol<\/strong> fuese por un proceso limpio de votaci\u00f3n o encuesta, los contendientes reales ser\u00edan <strong>Delgado<\/strong> y <strong>Rojas D\u00edaz Dur\u00e1n<\/strong>. Es decir, entre <strong>Ebrard<\/strong> y <strong>Monreal<\/strong>.<\/p>\n<p>Pero est\u00e1 documentado que, en esta pelea, y desde las muy poderosas sombras pol\u00edticas y financieras que ocupa como el personaje m\u00e1s cercano a <strong>L\u00f3pez Obrador<\/strong>, el senador con licencia <strong>Gabriel Garc\u00eda<\/strong>, coordinador de los s\u00faper-delegados de <strong>AMLO<\/strong> en el pa\u00eds, mete la mano en favor de <strong>Luj\u00e1n<\/strong>.<\/p>\n<p>Con miles y miles de millones de pesos en su apoyo, dinero para obras, programas y acciones de beneficio social, y desde su posici\u00f3n de gran repartidor de cargos electorales, <strong>Garc\u00eda<\/strong> ha ordenado a los suyos impulsar a do\u00f1a <strong>Bertha<\/strong>.<\/p>\n<p>Ni qu\u00e9 decir entonces que la candidata de <strong>AMLO &#8211;<\/strong>quien afirma no tener nada que ver con Morena porque \u00e9l es el presidente de todos los mexicanos-, es su ex tesorera en el gobierno capitalino.<\/p>\n<p>Tan es as\u00ed que esto ha sido denunciado por la misma <strong>Polevnsky<\/strong>, quien quiz\u00e1 por ello sufra el doble, ya que ella se cre\u00eda la preferida de <strong>AMLO<\/strong>.<\/p>\n<p style=\"text-align: center;\"><strong>Conclusi\u00f3n:<\/strong><\/p>\n<p><strong>Yeidckol<\/strong> ya perdi\u00f3. Quiz\u00e1 como premio de consolaci\u00f3n <strong>AMLO<\/strong> le de la titularidad de alguna oscura paraestatal. A lo mejor la embajada de M\u00e9xico en Venezuela.<\/p>\n<p><strong>Luj\u00e1n<\/strong> ganar\u00e1, y ratificar\u00e1 la idea de que <strong>AMLO<\/strong> extender\u00e1 su mandato.<\/p>\n<p>A pesar de todo <strong>Delgado<\/strong> o <strong>Rojas<\/strong> podr\u00edan colarse. Y cualquiera de ellos trabajar\u00eda para una opci\u00f3n por dem\u00e1s interesante para el 2024.<\/p>\n<p>Haga su apuesta\u2026<\/p>\n<p><em><a href=\"mailto:rvizcainoa@gmail.com\" target=\"_blank\" rel=\"noopener noreferrer\">rvizcainoa@gmail.com<\/a><br \/>\n<u><a href=\"http:\/\/endirecto.mx\" target=\"_blank\" rel=\"noopener noreferrer\">www.endirecto.mx<\/a><br \/>\n<a href=\"https:\/\/twitter.com\/_rvizcaino\" target=\"_blank\" rel=\"noopener noreferrer\">@_RVizcaino<\/a><br \/>\n<a href=\"https:\/\/www.facebook.com\/rvizcainoa\" target=\"_blank\" rel=\"noopener noreferrer\">facebook.com\/rvizcainoa<\/a><\/u><\/em><\/p>\n","protected":false},"excerpt":{"rendered":"<p><span style=\"color: #005497;\"><strong>Roberto Vizca\u00edno<\/strong><\/span><br \/>\n<br \/>\nAl menos en la conducci\u00f3n de Morena, <strong>Yeidckol Polevnsky <\/strong>hace mucho que rebas\u00f3 el <em>Principio de <strong>Peter<\/strong><\/em><strong>.<\/strong> Dir\u00eda don <strong>Julio Scherer<\/strong>: \u201ccuesti\u00f3n de neuronas\u201d.<\/p>\n","protected":false},"author":3,"featured_media":446299,"comment_status":"open","ping_status":"open","sticky":false,"template":"","format":"standard","meta":{"_monsterinsights_skip_tracking":false,"_monsterinsights_sitenote_active":false,"_monsterinsights_sitenote_note":"","_monsterinsights_sitenote_category":0,"footnotes":""},"categories":[136],"tags":[43674,93,94],"class_list":["post-446249","post","type-post","status-publish","format-standard","has-post-thumbnail","hentry","category-roberto-vizcaino-opinion","tag-opinion","tag-roberto-vizcaino","tag-tras-la-puerta-del-poder"],"_links":{"self":[{"href":"https:\/\/www.diarioimagen.net\/index.php?rest_route=\/wp\/v2\/posts\/446249","targetHints":{"allow":["GET"]}}],"collection":[{"href":"https:\/\/www.diarioimagen.net\/index.php?rest_route=\/wp\/v2\/posts"}],"about":[{"href":"https:\/\/www.diarioimagen.net\/index.php?rest_route=\/wp\/v2\/types\/post"}],"author":[{"embeddable":true,"href":"https:\/\/www.diarioimagen.net\/index.php?rest_route=\/wp\/v2\/users\/3"}],"replies":[{"embeddable":true,"href":"https:\/\/www.diarioimagen.net\/index.php?rest_route=%2Fwp%2Fv2%2Fcomments&post=446249"}],"version-history":[{"count":0,"href":"https:\/\/www.diarioimagen.net\/index.php?rest_route=\/wp\/v2\/posts\/446249\/revisions"}],"wp:featuredmedia":[{"embeddable":true,"href":"https:\/\/www.diarioimagen.net\/index.php?rest_route=\/wp\/v2\/media\/446299"}],"wp:attachment":[{"href":"https:\/\/www.diarioimagen.net\/index.php?rest_route=%2Fwp%2Fv2%2Fmedia&parent=446249"}],"wp:term":[{"taxonomy":"category","embeddable":true,"href":"https:\/\/www.diarioimagen.net\/index.php?rest_route=%2Fwp%2Fv2%2Fcategories&post=446249"},{"taxonomy":"post_tag","embeddable":true,"href":"https:\/\/www.diarioimagen.net\/index.php?rest_route=%2Fwp%2Fv2%2Ftags&post=446249"}],"curies":[{"name":"wp","href":"https:\/\/api.w.org\/{rel}","templated":true}]}}