{"id":446313,"date":"2019-10-15T00:07:44","date_gmt":"2019-10-15T05:07:44","guid":{"rendered":"https:\/\/www.diarioimagen.net\/?p=446313"},"modified":"2019-10-15T00:48:15","modified_gmt":"2019-10-15T05:48:15","slug":"amlo-dio-a-conocer-informe-de-seguridad-publica","status":"publish","type":"post","link":"https:\/\/www.diarioimagen.net\/?p=446313","title":{"rendered":"Se avanza en recuperaci\u00f3n de paz sin guerra, afirma L\u00f3pez Obrador"},"content":{"rendered":"<ul>\n<li><em><strong>\u201cPrincipal preocupaci\u00f3n de mi gobierno\u201d<\/strong><\/em><\/li>\n<li><em><strong>Destaca el Presidente la participaci\u00f3n de Sedena y Marina en nueva estrategia<\/strong><\/em><\/li>\n<\/ul>\n<p>&nbsp;<\/p>\n<div id=\"attachment_446314\" style=\"width: 470px\" class=\"wp-caption aligncenter\"><img loading=\"lazy\" decoding=\"async\" aria-describedby=\"caption-attachment-446314\" class=\"size-large wp-image-446314\" src=\"https:\/\/www.diarioimagen.net\/wp-content\/uploads\/2019\/10\/SEGURIDAD15-por-460x268.jpg\" alt=\"\" width=\"460\" height=\"268\" srcset=\"https:\/\/www.diarioimagen.net\/wp-content\/uploads\/2019\/10\/SEGURIDAD15-por-460x268.jpg 460w, https:\/\/www.diarioimagen.net\/wp-content\/uploads\/2019\/10\/SEGURIDAD15-por-240x140.jpg 240w, https:\/\/www.diarioimagen.net\/wp-content\/uploads\/2019\/10\/SEGURIDAD15-por.jpg 480w\" sizes=\"auto, (max-width: 460px) 100vw, 460px\" \/><p id=\"caption-attachment-446314\" class=\"wp-caption-text\">Andr\u00e9s Manuel L\u00f3pez Obrador encabez\u00f3 una conferencia de prensa conjunta con los integrantes de su Gabinete de Seguridad.<\/p><\/div>\n<p>&nbsp;<\/p>\n<p>El presidente Andr\u00e9s Manuel L\u00f3pez Obrador asegur\u00f3 que la seguridad es la principal preocupaci\u00f3n de su gobierno, en aras de garantizar la paz y tranquilidad de todos los mexicanos.<\/p>\n<p>Asegur\u00f3 que su administraci\u00f3n avanza sin guerra, sin exterminios, sin razias y sin masacres en recuperar la paz y la tranquilidad de los mexicanos.<\/p>\n<p>En conferencia de prensa conjunta con los integrantes de su Gabinete de Seguridad, para dar a conocer el Informe de seguridad p\u00fablica, destac\u00f3 la necesidad de que los mexicanos conozcan todos los resultados y el trabajo que se realiza todos los d\u00edas.<\/p>\n<p>\u201cEs importante que todos los mexicanos conozcan qu\u00e9 se est\u00e1 haciendo para garantizar la paz y tranquilidad del pa\u00eds. Es nuestra principal preocupaci\u00f3n y ocupaci\u00f3n. Todos los d\u00edas trabajamos este tema. Es el gabinete que m\u00e1s se re\u00fane porque estamos diario de 6:00 a 7:00 de la ma\u00f1ana recibiendo informes, tomando decisiones para garantizar la paz y tranquilidad del pa\u00eds\u201d, agreg\u00f3.<\/p>\n<p>\u201cLo estamos haciendo de manera profesional, es una estrategia nueva donde lo fundamental es mejorar las condiciones de vida y de trabajo del pueblo, nunca m\u00e1s desatender a los mexicanos, que el gobierno no le d\u00e9 la espalda al pueblo, que haya trabajo, que se mejoren los salarios, que se rescate al campo del abandono, que se atienda a los j\u00f3venes y que haya bienestar.<\/p>\n<p>\u201cCon la premisa de que la paz y la tranquilidad son fruto de la justicia, no se pueden resolver problemas que se han originado por el abandono al pueblo, solo con medidas coercitivas, con el uso la fuerza. \u201cno se puede enfrentar el mal con el mal, el mal se enfrenta haciendo el bien, esa es la nueva estrategia\u201d.<\/p>\n<p>El Presidente destac\u00f3 la participaci\u00f3n de la Sedena y la Secretar\u00eda de Marina en la nueva estrategia de seguridad p\u00fablica y agradeci\u00f3 a los gobernadores \u201cpor su disposici\u00f3n a trabajar de manera coordinada porque en esta materia tenemos que trabajar juntos, lo deseable es que en todas las acciones de gobierno trabaj\u00e1ramos juntos pero podemos tener discrepancias, pero en esta materia estamos en competa unidad\u201d.<\/p>\n<p>Aprovech\u00f3 para hacer un reconocimiento para cada uno de los integrantes de este gabinete empezando por \u201cel apoyo de las fuerzas armadas porque nos est\u00e1n ayudando mucho porque antes no se pod\u00eda.<\/p>\n<p>\u201cAgradezco mucho a la Sedena y Marina que han venido ajustando sus m\u00e9todos de operaci\u00f3n, la manera en que se va avanzando sin guerra, sin exterminio, sin masacres; agradezco a todo el gabinete de seguridad por su responsabilidad, Durazo ha hecho un trabajo de primer orden.<\/p>\n<p>\u201cOlga y Encinas ha convertido Segob en la instituci\u00f3n de defensa de derechos humanos; ya habl\u00e9 de fuerzas armadas y el general Bucio; David que de manera profesional ha estado en todos los sitios atendiendo personalmente las demandas de apoyo\u201d, se\u00f1al\u00f3.<\/p>\n","protected":false},"excerpt":{"rendered":"<p>El presidente Andr\u00e9s Manuel L\u00f3pez Obrador asegur\u00f3 que la seguridad es la principal preocupaci\u00f3n de su gobierno, en aras de garantizar la paz y tranquilidad de todos los mexicanos.<\/p>\n","protected":false},"author":1,"featured_media":446314,"comment_status":"open","ping_status":"open","sticky":false,"template":"","format":"standard","meta":{"_monsterinsights_skip_tracking":false,"_monsterinsights_sitenote_active":false,"_monsterinsights_sitenote_note":"","_monsterinsights_sitenote_category":0,"footnotes":""},"categories":[3],"tags":[2545,1352,66240,43673,4470,25738],"class_list":["post-446313","post","type-post","status-publish","format-standard","has-post-thumbnail","hentry","category-nacional","tag-amlo","tag-andres-manuel-lopez-obrador","tag-gabinete-de-seguridad","tag-nacional","tag-paz","tag-recuperacion"],"_links":{"self":[{"href":"https:\/\/www.diarioimagen.net\/index.php?rest_route=\/wp\/v2\/posts\/446313","targetHints":{"allow":["GET"]}}],"collection":[{"href":"https:\/\/www.diarioimagen.net\/index.php?rest_route=\/wp\/v2\/posts"}],"about":[{"href":"https:\/\/www.diarioimagen.net\/index.php?rest_route=\/wp\/v2\/types\/post"}],"author":[{"embeddable":true,"href":"https:\/\/www.diarioimagen.net\/index.php?rest_route=\/wp\/v2\/users\/1"}],"replies":[{"embeddable":true,"href":"https:\/\/www.diarioimagen.net\/index.php?rest_route=%2Fwp%2Fv2%2Fcomments&post=446313"}],"version-history":[{"count":0,"href":"https:\/\/www.diarioimagen.net\/index.php?rest_route=\/wp\/v2\/posts\/446313\/revisions"}],"wp:featuredmedia":[{"embeddable":true,"href":"https:\/\/www.diarioimagen.net\/index.php?rest_route=\/wp\/v2\/media\/446314"}],"wp:attachment":[{"href":"https:\/\/www.diarioimagen.net\/index.php?rest_route=%2Fwp%2Fv2%2Fmedia&parent=446313"}],"wp:term":[{"taxonomy":"category","embeddable":true,"href":"https:\/\/www.diarioimagen.net\/index.php?rest_route=%2Fwp%2Fv2%2Fcategories&post=446313"},{"taxonomy":"post_tag","embeddable":true,"href":"https:\/\/www.diarioimagen.net\/index.php?rest_route=%2Fwp%2Fv2%2Ftags&post=446313"}],"curies":[{"name":"wp","href":"https:\/\/api.w.org\/{rel}","templated":true}]}}